{"id":12303,"date":"2016-05-12T10:04:41","date_gmt":"2016-05-12T14:04:41","guid":{"rendered":"http:\/\/www.lecarrefourdesopinions.ca\/?p=12303"},"modified":"2016-05-12T10:04:41","modified_gmt":"2016-05-12T14:04:41","slug":"se-croire-une-vocation-que-certes-on-na-pas","status":"publish","type":"post","link":"http:\/\/www.lecarrefourdesopinions.ca\/?p=12303","title":{"rendered":"Se croire une Vocation, que Certes on n\u2019a pas\u2026"},"content":{"rendered":"<p align=\"CENTER\">\n<p align=\"JUSTIFY\"><span style=\"color: #632423;\"><span style=\"font-family: 'Comic Sans MS', cursive;\"><span style=\"font-size: large;\">\u00ab\u00a0Surtout qu\u2019\u00eatre Europ\u00e9en n\u2019est vraiment pas ce qu\u2019on veut au gr\u00e9 de ses caprices ou selon ses humeurs ni en quoi que ce soit l\u2019affaire des non-Europ\u00e9ens\u00a0!<\/span><\/span><\/span><\/p>\n<p align=\"JUSTIFY\">\n<p align=\"JUSTIFY\"><span style=\"color: #632423;\"><span style=\"font-family: 'Comic Sans MS', cursive;\"><span style=\"font-size: large;\">Sereinement.<\/span><\/span><\/span><\/p>\n<p align=\"JUSTIFY\">\n<p align=\"JUSTIFY\"><span style=\"color: #632423;\"><span style=\"font-family: 'Comic Sans MS', cursive;\"><span style=\"font-size: large;\">Sans Haine ni Passion,<\/span><\/span><\/span><\/p>\n<p align=\"JUSTIFY\">\n<p align=\"JUSTIFY\"><span style=\"color: #632423;\"><span style=\"font-family: 'Comic Sans MS', cursive;\"><span style=\"font-size: large;\">Tentons de faire la part des choses. <\/span><\/span><\/span><\/p>\n<p align=\"JUSTIFY\">\u00a0<img loading=\"lazy\" decoding=\"async\" class=\"alignnone size-thumbnail wp-image-11439\" title=\"Eric\" src=\"http:\/\/www.lecarrefourdesopinions.ca\/wp-content\/uploads\/2015\/04\/Eric-134x107.jpg\" alt=\"\" width=\"134\" height=\"107\" \/><\/p>\n<p align=\"JUSTIFY\"><span style=\"color: #632423;\"><span style=\"font-family: 'Comic Sans MS', cursive;\"><span style=\"font-size: large;\">\u00c9ric EG Nogard<\/span><\/span><\/span><\/p>\n<p align=\"JUSTIFY\"><span style=\"color: #c00000;\"><span style=\"font-size: large;\"><em>Chroniqueur<\/em><\/span><\/span><span style=\"color: #c00000;\"><span style=\"font-size: large;\">.<\/span><\/span><\/p>\n<p align=\"CENTER\">\n<p align=\"CENTER\"><span style=\"color: #632423;\"><span style=\"font-size: large;\">*** *** ***<\/span><\/span><\/p>\n<p align=\"CENTER\"><span style=\"color: #632423;\"><span style=\"font-size: large;\">*** *** ***<\/span><\/span><\/p>\n<p align=\"CENTER\">\n<p align=\"JUSTIFY\">\n<p align=\"JUSTIFY\"><span><strong>SE CROIRE UNE VOCATION, QUE CERTES ON N\u2019A PAS\u2026<\/strong><\/span><\/p>\n<p align=\"JUSTIFY\">\n<p align=\"JUSTIFY\">\n<p align=\"JUSTIFY\">\n<p align=\"CENTER\"><img loading=\"lazy\" decoding=\"async\" class=\"alignnone size-large wp-image-12304\" title=\"Manifestation pour l'ecole laique a Vincennes le 19 Juin 1960.\u00c2\u00a9Delius\/Leemage\" src=\"http:\/\/www.lecarrefourdesopinions.ca\/wp-content\/uploads\/2016\/05\/F1-Que-devons-nous-entendre-par-la-1024x491.jpg\" alt=\"\" width=\"450\" height=\"215\" srcset=\"http:\/\/www.lecarrefourdesopinions.ca\/wp-content\/uploads\/2016\/05\/F1-Que-devons-nous-entendre-par-la-1024x491.jpg 1024w, http:\/\/www.lecarrefourdesopinions.ca\/wp-content\/uploads\/2016\/05\/F1-Que-devons-nous-entendre-par-la-300x143.jpg 300w, http:\/\/www.lecarrefourdesopinions.ca\/wp-content\/uploads\/2016\/05\/F1-Que-devons-nous-entendre-par-la-400x191.jpg 400w, http:\/\/www.lecarrefourdesopinions.ca\/wp-content\/uploads\/2016\/05\/F1-Que-devons-nous-entendre-par-la.jpg 1198w\" sizes=\"auto, (max-width: 450px) 100vw, 450px\" \/><\/p>\n<p align=\"JUSTIFY\">\n<p align=\"CENTER\"><span style=\"font-size: large;\"><strong>F1\u00a0: <\/strong><\/span><span style=\"color: #c00000;\"><span style=\"font-size: large;\"><em><strong>Que devons-nous entendre par l\u00e0.<\/strong><\/em><\/span><\/span><\/p>\n<p align=\"JUSTIFY\">\n<p align=\"JUSTIFY\">\n<p align=\"JUSTIFY\"><span style=\"font-family: 'Comic Sans MS', cursive;\"><span style=\"font-size: large;\">Tel serait selon nous le mal dont souffre la France.<\/span><\/span><\/p>\n<p align=\"JUSTIFY\">\n<p align=\"JUSTIFY\"><span style=\"font-family: 'Comic Sans MS', cursive;\"><span style=\"font-size: large;\">Se croire une Vocation que certes elle n\u2019a pas, ou du moins, qu\u2019elle n\u2019a plus.<\/span><\/span><\/p>\n<p align=\"JUSTIFY\">\n<p align=\"JUSTIFY\"><span style=\"font-family: 'Comic Sans MS', cursive;\"><span style=\"font-size: large;\">\u00catre un Pot de Chambre dans lequel on pourrait tout mettre sous le m\u00eame Label, en disant\u00a0:<\/span><\/span><\/p>\n<p align=\"JUSTIFY\">\n<p align=\"JUSTIFY\"><span style=\"font-family: 'Arial Rounded MT Bold', sans-serif;\"><span style=\"font-size: large;\"><em>\u00ab\u00a0Vous \u00eates chez vous, faites comme des fous, vivez ensemble dans le Tout\u2019Monde Fran\u00e7ais\u00a0\u00bb<\/em><\/span><\/span><span style=\"font-family: 'Comic Sans MS', cursive;\"><span style=\"font-size: large;\">.<\/span><\/span><\/p>\n<p align=\"JUSTIFY\">\n<p align=\"JUSTIFY\">\n<p align=\"CENTER\"><img loading=\"lazy\" decoding=\"async\" class=\"alignnone size-full wp-image-12305\" title=\"F2   La Coupe est ce qu elle est   les levres sont les levres\" src=\"http:\/\/www.lecarrefourdesopinions.ca\/wp-content\/uploads\/2016\/05\/F2-La-Coupe-est-ce-qu-elle-est-les-levres-sont-les-levres.jpg\" alt=\"\" width=\"862\" height=\"635\" srcset=\"http:\/\/www.lecarrefourdesopinions.ca\/wp-content\/uploads\/2016\/05\/F2-La-Coupe-est-ce-qu-elle-est-les-levres-sont-les-levres.jpg 862w, http:\/\/www.lecarrefourdesopinions.ca\/wp-content\/uploads\/2016\/05\/F2-La-Coupe-est-ce-qu-elle-est-les-levres-sont-les-levres-300x220.jpg 300w, http:\/\/www.lecarrefourdesopinions.ca\/wp-content\/uploads\/2016\/05\/F2-La-Coupe-est-ce-qu-elle-est-les-levres-sont-les-levres-400x294.jpg 400w\" sizes=\"auto, (max-width: 862px) 100vw, 862px\" \/><\/p>\n<p align=\"CENTER\"><span style=\"font-size: large;\"><strong>F2\u00a0: <\/strong><\/span><span style=\"color: #c00000;\"><span style=\"font-size: large;\"><em><strong>La Coupe est ce qu\u2019elle est\u2026<\/strong><\/em><\/span><\/span><\/p>\n<p align=\"CENTER\"><span style=\"color: #c00000;\">\u2026 <span style=\"font-size: large;\"><em><strong>les l\u00e8vres sont les l\u00e8vres.<\/strong><\/em><\/span><\/span><\/p>\n<p align=\"JUSTIFY\">\n<p align=\"JUSTIFY\">\n<p align=\"JUSTIFY\"><span style=\"font-size: large;\"><strong>Seulement voil\u00e0.<\/strong><\/span><\/p>\n<p align=\"JUSTIFY\">\n<p align=\"JUSTIFY\"><span style=\"font-size: large;\">Malgr\u00e9 les meilleures intentions, si g\u00e9n\u00e9reuses et si nobles soient-elles, les l\u00e8vres restent les l\u00e8vres, la coupe est ce qu\u2019elle est, et il y a parfois loin de l\u2019une aux autres.<\/span><\/p>\n<p align=\"JUSTIFY\">\n<p align=\"JUSTIFY\"><span style=\"font-size: large;\">Au \u00ab\u00a0Cri d\u2019Alarme\u00a0\u00bb, nous n\u2019avons pas la paternit\u00e9 de ce dicton\u00a0: \u00ab\u00a0 <\/span><span style=\"font-family: Calibri, sans-serif;\"><span style=\"font-size: large;\"><em>il y a parfois loin de la Coupe aux l\u00e8vres<\/em><\/span><\/span><span style=\"font-size: large;\">\u00a0\u00bb.<\/span><\/p>\n<p align=\"JUSTIFY\">\n<p align=\"JUSTIFY\">\n<p align=\"JUSTIFY\"><span style=\"font-size: large;\"><strong>Et, \u00e0 ouvrir les yeux, n\u2019y-a-t-il pas loin\u00a0:<\/strong><\/span><\/p>\n<p align=\"JUSTIFY\">\n<ul>\n<li>\n<p align=\"JUSTIFY\"><span style=\"font-size: large;\">De cette Id\u00e9ologie du Vivre Ensemble dans un Tout\u2019Monde abrit\u00e9 sous un m\u00eame Drapeau, dans l\u2019Harmonie en plus, d\u2019une part.<\/span><\/p>\n<\/li>\n<\/ul>\n<p align=\"JUSTIFY\">\n<ul>\n<li>\n<p align=\"JUSTIFY\"><span style=\"font-size: large;\">A cette r\u00e9alit\u00e9 qu\u2019est la nature fonci\u00e8re de chaque individu de l\u2019Esp\u00e8ce dite Humaine, d\u2019autre part.<\/span><\/p>\n<\/li>\n<\/ul>\n<p>&nbsp;<\/p>\n<p>&nbsp;<\/p>\n<p align=\"CENTER\">\u00a0<img loading=\"lazy\" decoding=\"async\" class=\"alignnone size-large wp-image-12306\" title=\"F3   Bien ignoree la notion de Di\u00e9rese\" src=\"http:\/\/www.lecarrefourdesopinions.ca\/wp-content\/uploads\/2016\/05\/F3-Bien-ignoree-la-notion-de-Di\u00e9rese-1024x391.jpg\" alt=\"\" width=\"450\" height=\"171\" srcset=\"http:\/\/www.lecarrefourdesopinions.ca\/wp-content\/uploads\/2016\/05\/F3-Bien-ignoree-la-notion-de-Di\u00e9rese-1024x391.jpg 1024w, http:\/\/www.lecarrefourdesopinions.ca\/wp-content\/uploads\/2016\/05\/F3-Bien-ignoree-la-notion-de-Di\u00e9rese-300x114.jpg 300w, http:\/\/www.lecarrefourdesopinions.ca\/wp-content\/uploads\/2016\/05\/F3-Bien-ignoree-la-notion-de-Di\u00e9rese-400x152.jpg 400w, http:\/\/www.lecarrefourdesopinions.ca\/wp-content\/uploads\/2016\/05\/F3-Bien-ignoree-la-notion-de-Di\u00e9rese.jpg 1051w\" sizes=\"auto, (max-width: 450px) 100vw, 450px\" \/><\/p>\n<p align=\"CENTER\">\n<p align=\"CENTER\"><span style=\"font-size: large;\"><strong>F3\u00a0: <\/strong><\/span><span style=\"color: #c00000;\"><span style=\"font-size: large;\"><em><strong>Bien ignor\u00e9e la notion de Di\u00e9r\u00e8se\u00a0!..<\/strong><\/em><\/span><\/span><\/p>\n<p align=\"CENTER\">\n<p align=\"JUSTIFY\">\n<p align=\"JUSTIFY\"><span style=\"font-size: large;\"><strong>Et, \u00e0 tendre l\u2019oreille, \u00e0 l\u2019id\u00e9e du Vivre Ensemble dans un Tout\u2019Monde si disparate, ne nous rappelons-nous pas cette illustre Tour de Babel et l\u2019Ignorance dans laquelle elle \u00e9tait, de la moindre notion de Di\u00e9r\u00e8se, pour un bon voisinage, notamment.<\/strong><\/span><\/p>\n<p align=\"JUSTIFY\">\n<p align=\"JUSTIFY\"><span style=\"font-size: large;\">Car le bon voisinage dans un chacun chez-soi, est-ce si mal que \u00e7a.<\/span><\/p>\n<p align=\"JUSTIFY\">\n<p align=\"JUSTIFY\"><span style=\"font-size: large;\">En tout cas, nous le vivons chaque jour sans trop mal nous porter.<\/span><\/p>\n<p align=\"JUSTIFY\">\n<p align=\"JUSTIFY\">\n<p align=\"JUSTIFY\"><span><strong>En revanche.<\/strong><\/span><\/p>\n<p align=\"JUSTIFY\">\n<p align=\"JUSTIFY\">\n<p align=\"CENTER\">\u00a0 \u00a0 \u00a0 \u00a0 \u00a0 \u00a0 \u00a0 \u00a0 \u00a0 \u00a0\u00a0<img loading=\"lazy\" decoding=\"async\" class=\"alignnone size-large wp-image-12307\" title=\"F4   Metissage ou Metastases  sur le Sol de France\" src=\"http:\/\/www.lecarrefourdesopinions.ca\/wp-content\/uploads\/2016\/05\/F4-Metissage-ou-Metastases-sur-le-Sol-de-France-1024x269.jpg\" alt=\"\" width=\"450\" height=\"118\" srcset=\"http:\/\/www.lecarrefourdesopinions.ca\/wp-content\/uploads\/2016\/05\/F4-Metissage-ou-Metastases-sur-le-Sol-de-France-1024x269.jpg 1024w, http:\/\/www.lecarrefourdesopinions.ca\/wp-content\/uploads\/2016\/05\/F4-Metissage-ou-Metastases-sur-le-Sol-de-France-300x78.jpg 300w, http:\/\/www.lecarrefourdesopinions.ca\/wp-content\/uploads\/2016\/05\/F4-Metissage-ou-Metastases-sur-le-Sol-de-France-400x105.jpg 400w, http:\/\/www.lecarrefourdesopinions.ca\/wp-content\/uploads\/2016\/05\/F4-Metissage-ou-Metastases-sur-le-Sol-de-France.jpg 1236w\" sizes=\"auto, (max-width: 450px) 100vw, 450px\" \/><\/p>\n<p align=\"CENTER\">\n<p align=\"CENTER\"><span style=\"font-size: large;\"><strong>F4\u00a0: <\/strong><\/span><span style=\"color: #c00000;\"><span style=\"font-size: large;\"><strong>M\u00e9tissage ou M\u00e9tastases, sur le Sol de France.<\/strong><\/span><\/span><\/p>\n<p align=\"JUSTIFY\">\n<p align=\"JUSTIFY\">\n<p align=\"JUSTIFY\"><span style=\"font-size: large;\"><em><strong>Entendre se plaindre chaque jour\u00a0:<\/strong><\/em><\/span><\/p>\n<p align=\"JUSTIFY\">\n<ul>\n<li>\n<p align=\"JUSTIFY\"><span style=\"font-family: Calibri, sans-serif;\"><span style=\"font-size: large;\"><em>Une Mosqu\u00e9e a \u00e9t\u00e9 profan\u00e9e\u2026 une Mosqu\u00e9e Musulmane.<\/em><\/span><\/span><\/p>\n<\/li>\n<\/ul>\n<p align=\"JUSTIFY\">\n<ul>\n<li>\n<p align=\"JUSTIFY\"><span style=\"font-family: Calibri, sans-serif;\"><span style=\"font-size: large;\"><em>Un Cimeti\u00e8re d\u00e9vast\u00e9\u2026 un Cimeti\u00e8re Juif.<\/em><\/span><\/span><\/p>\n<\/li>\n<\/ul>\n<p>&nbsp;<\/p>\n<ul>\n<li>\n<p align=\"JUSTIFY\"><span style=\"font-size: large;\"><em>Un Match Terroris\u00e9\u2026 au Stade Qatari.<\/em><\/span><\/p>\n<\/li>\n<\/ul>\n<p>&nbsp;<\/p>\n<p align=\"JUSTIFY\">\n<p align=\"JUSTIFY\"><span style=\"font-size: large;\"><strong>N\u2019est-ce pas incoh\u00e9rent, voire absurde, attendu que, implant\u00e9s dans l\u2019Hexagone, que peuvent \u00eatre une Mosqu\u00e9e, un Cimeti\u00e8re, un Stade\u2026 autrement que Fran\u00e7ais.<\/strong><\/span><\/p>\n<p align=\"JUSTIFY\">\n<p align=\"JUSTIFY\"><span style=\"font-size: large;\">Sauf \u00e0 reconna\u00eetre que le Vivre Ensemble dans un Tout\u2019Monde Fran\u00e7ais est loin d\u2019\u00eatre une Vocation de la France.<\/span><\/p>\n<p align=\"JUSTIFY\">\n<p align=\"JUSTIFY\"><span style=\"font-size: large;\">Ceci fait que les Fran\u00e7ais s\u2019y perdent.<\/span><\/p>\n<p align=\"JUSTIFY\">\n<p align=\"JUSTIFY\"><span style=\"font-size: large;\">O\u00f9 peuvent-ils poser le pied en France, sans \u00eatre en Arabie, en Isra\u00ebl, au Qatar, au Mali\u2026 plut\u00f4t que dans leur Pays.<\/span><\/p>\n<p align=\"JUSTIFY\">\n<p align=\"JUSTIFY\"><span style=\"font-size: large;\">En quoi un Cimeti\u00e8re Juif serait-il ouvert aux Fran\u00e7ais quand le Cimeti\u00e8re Fran\u00e7ais se voit ouvert tout grand \u00e0 tout <\/span><span style=\"font-family: Arial, sans-serif;\"><span style=\"font-size: large;\"><em>passed away<\/em><\/span><\/span><span style=\"font-size: large;\">.<\/span><\/p>\n<p align=\"JUSTIFY\">\n<p align=\"JUSTIFY\"><span style=\"font-size: large;\">Babel pourrait s\u2019\u00eatre transvas\u00e9e apr\u00e8s transmutation en m\u00e9lange explosif en une peau de grenade h\u00e9riss\u00e9e de clous et truff\u00e9e d\u2019ingr\u00e9dients redoutables.<\/span><\/p>\n<p align=\"JUSTIFY\">\n<p align=\"JUSTIFY\"><span style=\"font-size: large;\">H\u00e9las, peut-\u00eatre n\u2019en sommes-nous qu\u2019aux pr\u00e9mices de cette \u00ab\u00a0\u00e9ventualit\u00e9\u00a0\u00bb.<\/span><\/p>\n<p align=\"JUSTIFY\">\n<p align=\"JUSTIFY\">\n<p align=\"JUSTIFY\"><span style=\"font-size: large;\"><strong>Dans l\u2019esprit du Fran\u00e7ais, son Pays ne serait-il pas infest\u00e9 de M\u00e9tastases essaim\u00e9es tels des \u00c9tats \u00c9trangers dans le Pays de France, donc dans la Belle Europe.<\/strong><\/span><\/p>\n<p align=\"JUSTIFY\">\n<p align=\"JUSTIFY\"><span style=\"font-size: large;\">La Notion d\u2019Espace d\u2019Ambassade \u2013 qui d\u2019ailleurs est r\u00e9ciproque \u2013 ne serait-elle pas abusivement d\u00e9pass\u00e9e sur le Sol de France, au point que le Fran\u00e7ais ne s\u2019y retrouve plus.<\/span><\/p>\n<p align=\"JUSTIFY\">\n<p align=\"JUSTIFY\">\n<p align=\"JUSTIFY\"><span style=\"font-size: large;\"><strong>O\u00efez donc, Pays \u00c9trangers, si Amis que vous soyiez.<\/strong><\/span><\/p>\n<p align=\"JUSTIFY\">\n<p align=\"JUSTIFY\"><span style=\"font-size: large;\">Sous cet \u00e9clairage, aimeriez-vous \u00eatre \u00e0 la place de la France.<\/span><\/p>\n<p align=\"JUSTIFY\">\n<p align=\"JUSTIFY\"><span style=\"font-size: large;\">Comprenez donc les Fran\u00e7ais et que les Fran\u00e7ais se comprennent entre-eux.<\/span><\/p>\n<p align=\"JUSTIFY\">\n<p align=\"JUSTIFY\"><span style=\"font-size: large;\">Et cela s\u2019apprend bien avant son entr\u00e9e \u00e0 l\u2019\u00c9cole\u2026 ou cela se devrait.<\/span><\/p>\n<p align=\"JUSTIFY\">\n<p align=\"JUSTIFY\">\n<p align=\"JUSTIFY\">\n<p align=\"JUSTIFY\"><span style=\"font-size: large;\"><strong>Et cela peut s\u2019apprendre \u00e0 l\u2019\u00c9cole\u2026 mais \u00e0 quelle \u00c9cole.<\/strong><\/span><\/p>\n<p align=\"JUSTIFY\">\n<p align=\"JUSTIFY\">\n<p align=\"CENTER\"><img loading=\"lazy\" decoding=\"async\" class=\"alignnone size-medium wp-image-12308\" title=\"F5   Deux Euros par jour   Un sucre d orge a faire rever d etre Maitresse d Ecole\" src=\"http:\/\/www.lecarrefourdesopinions.ca\/wp-content\/uploads\/2016\/05\/F5-Deux-Euros-par-jour-Un-sucre-d-orge-a-faire-rever-d-etre-Maitresse-d-Ecole-300x199.jpg\" alt=\"\" width=\"300\" height=\"199\" srcset=\"http:\/\/www.lecarrefourdesopinions.ca\/wp-content\/uploads\/2016\/05\/F5-Deux-Euros-par-jour-Un-sucre-d-orge-a-faire-rever-d-etre-Maitresse-d-Ecole-300x199.jpg 300w, http:\/\/www.lecarrefourdesopinions.ca\/wp-content\/uploads\/2016\/05\/F5-Deux-Euros-par-jour-Un-sucre-d-orge-a-faire-rever-d-etre-Maitresse-d-Ecole-400x265.jpg 400w, http:\/\/www.lecarrefourdesopinions.ca\/wp-content\/uploads\/2016\/05\/F5-Deux-Euros-par-jour-Un-sucre-d-orge-a-faire-rever-d-etre-Maitresse-d-Ecole.jpg 960w\" sizes=\"auto, (max-width: 300px) 100vw, 300px\" \/><\/p>\n<p align=\"CENTER\">\n<p align=\"CENTER\"><span style=\"font-size: large;\"><strong>F5\u00a0: <\/strong><\/span><span style=\"color: #c00000;\"><span style=\"font-size: large;\"><em><strong>Deux Euros par jour\u2026<\/strong><\/em><\/span><\/span><\/p>\n<p align=\"CENTER\"><span style=\"color: #c00000;\"><span style=\"font-size: large;\"><em><strong>Un sucre d\u2019orge \u00e0 faire r\u00eaver d\u2019\u00eatre Ma\u00eetresse d\u2019\u00c9cole.<\/strong><\/em><\/span><\/span><\/p>\n<p align=\"JUSTIFY\">\n<p align=\"JUSTIFY\"><span style=\"font-size: large;\">Certainement pas celle o\u00f9, pour une Prime de Deux Euros et Vingt Deux Centimes par jour (sauf votre respect Monsieur VALLS) et Pas Net d\u2019Imp\u00f4ts, avec m\u00eame le risque de Changer de Tranche Fiscale \u00e0 l\u2019Euro pr\u00e8s, on croit avoir r\u00e9ussi l\u2019\u00c9cole la plus parfaite, dans le meilleur des Mondes.<\/span><\/p>\n<p align=\"JUSTIFY\">\n<p align=\"JUSTIFY\">\n<p align=\"JUSTIFY\">\n<p align=\"CENTER\">\u00a0 \u00a0 \u00a0 \u00a0 \u00a0 \u00a0 \u00a0 \u00a0 \u00a0 \u00a0 \u00a0 \u00a0 \u00a0 \u00a0 \u00a0 \u00a0 \u00a0 \u00a0 \u00a0 \u00a0 \u00a0 \u00a0 \u00a0 \u00a0 \u00a0 \u00a0 \u00a0 \u00a0 \u00a0 \u00a0 \u00a0\u00a0<img loading=\"lazy\" decoding=\"async\" class=\"alignnone size-full wp-image-12309\" title=\"F6  La France  c est l Europe   Comment donc en sortir  pourquoi s en distinguer\" src=\"http:\/\/www.lecarrefourdesopinions.ca\/wp-content\/uploads\/2016\/05\/F6-La-France-c-est-l-Europe-Comment-donc-en-sortir-pourquoi-s-en-distinguer.jpg\" alt=\"\" width=\"540\" height=\"380\" srcset=\"http:\/\/www.lecarrefourdesopinions.ca\/wp-content\/uploads\/2016\/05\/F6-La-France-c-est-l-Europe-Comment-donc-en-sortir-pourquoi-s-en-distinguer.jpg 540w, http:\/\/www.lecarrefourdesopinions.ca\/wp-content\/uploads\/2016\/05\/F6-La-France-c-est-l-Europe-Comment-donc-en-sortir-pourquoi-s-en-distinguer-300x211.jpg 300w, http:\/\/www.lecarrefourdesopinions.ca\/wp-content\/uploads\/2016\/05\/F6-La-France-c-est-l-Europe-Comment-donc-en-sortir-pourquoi-s-en-distinguer-400x281.jpg 400w\" sizes=\"auto, (max-width: 540px) 100vw, 540px\" \/><\/p>\n<p align=\"CENTER\">\n<p align=\"CENTER\"><span style=\"font-size: large;\"><strong>F6\u00a0: <\/strong><\/span><span style=\"color: #c00000;\"><span style=\"font-size: large;\"><em><strong>La France, c\u2019est l\u2019Europe\u00a0!<\/strong><\/em><\/span><\/span><\/p>\n<p align=\"CENTER\"><span style=\"color: #c00000;\"><span style=\"font-size: large;\"><em><strong>Comment donc en sortir, pourquoi s\u2019en distinguer.<\/strong><\/em><\/span><\/span><\/p>\n<p align=\"CENTER\">\n<p align=\"JUSTIFY\">\n<p align=\"JUSTIFY\"><span style=\"font-family: 'Comic Sans MS', cursive;\"><span style=\"font-size: large;\">Alors, sereinement, sans haine ni passion, faisons la part des choses, surtout qu\u2019\u00eatre Europ\u00e9en comme nous le sommes, n\u2019est certes pas le fait de nos caprices, de nos humeurs ni du regard des autres.<\/span><\/span><\/p>\n<p align=\"JUSTIFY\">\n<p align=\"JUSTIFY\"><span style=\"font-family: 'Comic Sans MS', cursive;\"><span style=\"font-size: large;\">Apprenons \u00e0 ne plus \u00eatre une Foire \u00e0 Embrouilles propre \u00e0 toutes les ambitions individuelles, \u00e9go\u00efstes et voraces.<\/span><\/span><\/p>\n<p align=\"JUSTIFY\">\n<p align=\"JUSTIFY\"><span style=\"font-family: 'Comic Sans MS', cursive;\"><span style=\"font-size: large;\">Rappelons-nous nos bonnes vieilles Traditions, horreur des Ant\u00e9christs,<\/span><\/span><\/p>\n<p align=\"JUSTIFY\">\n<p align=\"JUSTIFY\"><span style=\"font-family: 'Comic Sans MS', cursive;\"><span style=\"font-size: large;\">Rappelons-nous les Pr\u00e9dictions de notre Bienheureux L\u00e9on XIII.<\/span><\/span><\/p>\n<p align=\"JUSTIFY\">\n<p align=\"JUSTIFY\">\n<p align=\"CENTER\">\u00a0<img loading=\"lazy\" decoding=\"async\" class=\"alignnone size-full wp-image-12310\" title=\"F7  Let s remenber what He said to us\" src=\"http:\/\/www.lecarrefourdesopinions.ca\/wp-content\/uploads\/2016\/05\/F7-Let-s-remenber-what-He-said-to-us.jpg\" alt=\"\" width=\"640\" height=\"237\" srcset=\"http:\/\/www.lecarrefourdesopinions.ca\/wp-content\/uploads\/2016\/05\/F7-Let-s-remenber-what-He-said-to-us.jpg 640w, http:\/\/www.lecarrefourdesopinions.ca\/wp-content\/uploads\/2016\/05\/F7-Let-s-remenber-what-He-said-to-us-300x111.jpg 300w, http:\/\/www.lecarrefourdesopinions.ca\/wp-content\/uploads\/2016\/05\/F7-Let-s-remenber-what-He-said-to-us-400x148.jpg 400w\" sizes=\"auto, (max-width: 640px) 100vw, 640px\" \/><\/p>\n<p align=\"CENTER\">\n<p align=\"CENTER\"><span style=\"font-size: large;\"><strong>F7\u00a0: <\/strong><\/span><span style=\"color: #c00000;\"><span style=\"font-family: Arial, sans-serif;\"><span style=\"font-size: large;\"><em><strong>Let\u2019s remenber what He said to us\u00a0!..<\/strong><\/em><\/span><\/span><\/span><\/p>\n<p lang=\"en-US\" align=\"JUSTIFY\">\n<p lang=\"en-US\" align=\"JUSTIFY\">\n<p align=\"JUSTIFY\"><span style=\"font-family: 'Comic Sans MS', cursive;\"><span style=\"font-size: large;\">Apprenons \u00e0 cultiver l\u2019Union Europ\u00e9enne dans la Solidarit\u00e9 Courageuse et Fraternelle, nous nous en r\u00e9jouirons.<\/span><\/span><\/p>\n<p align=\"JUSTIFY\">\n<p align=\"JUSTIFY\"><span style=\"font-family: 'Comic Sans MS', cursive;\"><span style=\"font-size: large;\">L\u2019Europe Unie, cette Vocation qui nous fait tant d\u00e9faut<\/span><\/span><span style=\"font-size: large;\">.<\/span><\/p>\n<p align=\"JUSTIFY\">\n<p align=\"CENTER\"><span style=\"font-size: large;\"><strong>*** ***<\/strong><\/span><\/p>\n<p align=\"CENTER\"><span style=\"color: #ff0000;\"><span style=\"font-size: large;\"><strong>Nota : <\/strong><\/span><\/span><span style=\"color: #000000;\"><span style=\"font-size: large;\">Nous ne traitons que de Faits et de Noms rendus Publics.<\/span><\/span><\/p>\n<p align=\"CENTER\">\n<p align=\"CENTER\"><span style=\"color: #000000;\"><span style=\"font-size: large;\">*** *** ***<\/span><\/span><\/p>\n<p align=\"JUSTIFY\"><span style=\"font-size: large;\"><strong>N.B.:<\/strong><\/span><span style=\"font-size: large;\"> &#8211; <\/span><span style=\"color: #c00000;\"><span style=\"font-family: 'Comic Sans MS', cursive;\"><span style=\"font-size: large;\">Nous Recommandons instamment et syst\u00e9matiquement l\u2019ouverture de la (ou des) pi\u00e8ce(s) jointe(s) \u00e0 l\u2019e-mail, sous format Pdf, <\/span><\/span><\/span><span style=\"color: #c00000;\"><span style=\"font-family: 'Comic Sans MS', cursive;\"><span style=\"font-size: large;\"><span style=\"text-decoration: underline;\">les illustrations y sont incluses<\/span><\/span><\/span><\/span><span style=\"color: #c00000;\"><span style=\"font-family: 'Comic Sans MS', cursive;\"><span style=\"font-size: large;\">.<\/span><\/span><\/span><\/p>\n<p align=\"JUSTIFY\">\n<p align=\"CENTER\"><span style=\"color: #ff0000;\"><span><strong>Ne Peut \u00eatre reproduit &#8211; m\u00eame partiellement &#8211; sans l\u2019autorisation de l\u2019Auteur<\/strong><\/span><\/span><\/p>\n<p align=\"JUSTIFY\"><span style=\"text-decoration: underline;\"><strong>Liens Sugg\u00e9r\u00e9s\u00a0:<\/strong><\/span><\/p>\n<ul>\n<li>\n<p align=\"JUSTIFY\"><span style=\"color: #0000ff;\"><span style=\"text-decoration: underline;\"><a href=\"http:\/\/www.lescrutateur.com\/\">http:\/\/www.lescrutateur.com\/<\/a><\/span><\/span><\/p>\n<\/li>\n<li>\n<p align=\"JUSTIFY\"><span style=\"color: #0000ff;\"><span style=\"text-decoration: underline;\"><a href=\"http:\/\/www.etatsgenerauxdeloutremer.fr\/reflexions\">http:\/\/www.etatsgenerauxdeloutremer.fr\/reflexions<\/a><\/span><\/span><\/p>\n<\/li>\n<\/ul>\n<p align=\"CENTER\">\n<script type=\"text\/javascript\">\n\nvar addthis_config = {\"data_track_clickback\":false,\"data_track_addressbar\":false,\"data_track_textcopy\":false};\n<\/script><script type=\"text\/javascript\" src=\"\/\/s7.addthis.com\/js\/250\/addthis_widget.js#pubid=a457a6d63fb9e6ccabdde4110343bd85\"><\/script>","protected":false},"excerpt":{"rendered":"<p align=\"CENTER\">\n<p align=\"JUSTIFY\"><span style=\"color: #632423;\"><span style=\"font-family: 'Comic Sans MS', cursive;\"><span style=\"font-size: large;\">\u00ab\u00a0Surtout qu\u2019\u00eatre Europ\u00e9en n\u2019est vraiment pas ce qu\u2019on veut au gr\u00e9 de ses caprices ou selon ses humeurs ni en quoi que ce soit l\u2019affaire des non-Europ\u00e9ens\u00a0!<\/span><\/span><\/span><\/p>\n<p align=\"JUSTIFY\">\n<p align=\"JUSTIFY\"><span style=\"color: #632423;\"><span style=\"font-family: 'Comic Sans MS', cursive;\"><span style=\"font-size: large;\">Sereinement.<\/span><\/span><\/span><\/p>\n<p align=\"JUSTIFY\">\n<p align=\"JUSTIFY\"><span style=\"color: #632423;\"><span style=\"font-family: 'Comic Sans MS', cursive;\"><span style=\"font-size: large;\">Sans Haine ni Passion,<\/span><\/span><\/span><\/p>\n<p align=\"JUSTIFY\">\n<p align=\"JUSTIFY\"><span style=\"color: #632423;\"><span style=\"font-family: 'Comic Sans MS', cursive;\"><span style=\"font-size: large;\">Tentons de faire <\/span><\/span><\/span>&hellip;<\/p>\n","protected":false},"author":1,"featured_media":0,"comment_status":"open","ping_status":"open","sticky":false,"template":"","format":"standard","meta":{"footnotes":""},"categories":[1],"tags":[],"class_list":["post-12303","post","type-post","status-publish","format-standard","hentry","category-accueil"],"_links":{"self":[{"href":"http:\/\/www.lecarrefourdesopinions.ca\/index.php?rest_route=\/wp\/v2\/posts\/12303","targetHints":{"allow":["GET"]}}],"collection":[{"href":"http:\/\/www.lecarrefourdesopinions.ca\/index.php?rest_route=\/wp\/v2\/posts"}],"about":[{"href":"http:\/\/www.lecarrefourdesopinions.ca\/index.php?rest_route=\/wp\/v2\/types\/post"}],"author":[{"embeddable":true,"href":"http:\/\/www.lecarrefourdesopinions.ca\/index.php?rest_route=\/wp\/v2\/users\/1"}],"replies":[{"embeddable":true,"href":"http:\/\/www.lecarrefourdesopinions.ca\/index.php?rest_route=%2Fwp%2Fv2%2Fcomments&post=12303"}],"version-history":[{"count":1,"href":"http:\/\/www.lecarrefourdesopinions.ca\/index.php?rest_route=\/wp\/v2\/posts\/12303\/revisions"}],"predecessor-version":[{"id":12311,"href":"http:\/\/www.lecarrefourdesopinions.ca\/index.php?rest_route=\/wp\/v2\/posts\/12303\/revisions\/12311"}],"wp:attachment":[{"href":"http:\/\/www.lecarrefourdesopinions.ca\/index.php?rest_route=%2Fwp%2Fv2%2Fmedia&parent=12303"}],"wp:term":[{"taxonomy":"category","embeddable":true,"href":"http:\/\/www.lecarrefourdesopinions.ca\/index.php?rest_route=%2Fwp%2Fv2%2Fcategories&post=12303"},{"taxonomy":"post_tag","embeddable":true,"href":"http:\/\/www.lecarrefourdesopinions.ca\/index.php?rest_route=%2Fwp%2Fv2%2Ftags&post=12303"}],"curies":[{"name":"wp","href":"https:\/\/api.w.org\/{rel}","templated":true}]}}