{"id":12092,"date":"2016-03-10T10:58:18","date_gmt":"2016-03-10T15:58:18","guid":{"rendered":"http:\/\/www.lecarrefourdesopinions.ca\/?p=12092"},"modified":"2016-03-10T10:58:18","modified_gmt":"2016-03-10T15:58:18","slug":"bonjour-maitre-moise","status":"publish","type":"post","link":"http:\/\/www.lecarrefourdesopinions.ca\/?p=12092","title":{"rendered":"Bonjour Ma\u00eetre Mo\u00efse"},"content":{"rendered":"<blockquote><p><span style=\"font-family: Arial;\"><span style=\"font-size: large;\">Bonjour Ma\u00eetre\u00a0Mo\u00efse<\/span><\/span><\/p><\/blockquote>\n<blockquote><p><span style=\"font-family: Arial;\"><span style=\"font-size: large;\">Madame Simond, pr\u00e9sidente du Cercle Universel des Ambassadeurs de la Paix, m\u2019a communiqu\u00e9 votre adresse courriel \u00e0 la suite du mail que je lui avais transmis en lien avec votre magnifique po\u00e8me \u00ab\u00a0Pri\u00e8re d\u2019une fillette.\u00bb. J\u2019en ai profit\u00e9 pour consulter votre page Facebook sur laquelle j\u2019ai trouv\u00e9 d\u2019autres po\u00e8mes tr\u00e8s profonds et magnifiquement \u00e9crits.\u00a0<\/span><\/span><\/p><\/blockquote>\n<blockquote><p><span style=\"font-family: Arial;\"><span style=\"font-size: large;\">Avant de communiquer avec vous, je voulais m\u2019assurer que, sur Facebook, vous \u00e9tiez la bonne personne, c\u2019est pourquoi j\u2019ai contact\u00e9 madame Simond.<\/span><\/span><\/p><\/blockquote>\n<blockquote><p><span style=\"font-family: Arial;\"><span style=\"font-size: large;\">Notre petite association qui fait la promotion de la qualit\u00e9 de la langue fran\u00e7aise \u00e0 partir de projets porteurs, nous a conduit d\u00e9j\u00e0 en Ha\u00efti au lendemain des tristes \u00e9v\u00e9nements sismiques qui ont \u00e9branl\u00e9 votre pays d\u2019origine. Nous avons coordonn\u00e9 un projet qui consistait \u00e0 faire composer \u00e0 des jeunes ha\u00eftiens de niveau secondaire des histoires qui relataient la solidarit\u00e9 au lendemain du s\u00e9isme, histoires qui furent illustr\u00e9es par des jeunes Qu\u00e9b\u00e9cois: Je me souviens pour un lendemain meilleur. Le r\u00e9sultat est \u00e9poustouflant.<\/span><\/span><\/p><\/blockquote>\n<blockquote><p><a href=\"https:\/\/www.dropbox.com\/s\/zmk8nqdyqycqmzq\/10C00-Je-me-souviens.pdf?dl=0\" target=\"_blank\"><span style=\"color: #0433ff;\"><span style=\"font-family: Arial;\"><span style=\"font-size: large;\"><span style=\"text-decoration: underline;\">https:\/\/www.dropbox.com\/s\/zmk8nqdyqycqmzq\/10C00-Je-me-souviens.pdf?dl=0<\/span><\/span><\/span><\/span><\/a><\/p><\/blockquote>\n<blockquote><p><span style=\"font-family: Arial;\"><span style=\"font-size: large;\">Nous avons r\u00e9alis\u00e9 un autre projet avec des jeunes ha\u00eftiens expatri\u00e9s en R\u00e9publique dominicaine: Ouvrir une fen\u00eatre sur le monde:<\/span><\/span><\/p><\/blockquote>\n<blockquote><p><a href=\"https:\/\/www.dropbox.com\/s\/4gs0rhvc9u0jj8t\/10B10-Ouvrir-une-fenetre-sur-le-monde.pdf?dl=0\" target=\"_blank\"><span style=\"color: #0433ff;\"><span style=\"font-family: Arial;\"><span style=\"font-size: large;\"><span style=\"text-decoration: underline;\">https:\/\/www.dropbox.com\/s\/4gs0rhvc9u0jj8t\/10B10-Ouvrir-une-fenetre-sur-le-monde.pdf?dl=0<\/span><\/span><\/span><\/span><\/a><\/p><\/blockquote>\n<blockquote><p><span style=\"font-family: Arial;\"><span style=\"font-size: large;\">Nous avons r\u00e9alis\u00e9 d\u2019autres projets avec des jeunes et des a\u00een\u00e9s d\u2019origine ha\u00eftienne vivant \u00e0 Montr\u00e9al: Des a\u00een\u00e9es ha\u00eftiennes te racontent: <a href=\"https:\/\/www.dropbox.com\/s\/eaalx145wlgpwtz\/80500-Des-ainees-haitiennes-te-racontent.pdf?dl=0\" target=\"_blank\">https:\/\/www.dropbox.com\/s\/eaalx145wlgpwtz\/80500-Des-ainees-haitiennes-te-racontent.pdf?dl=0<\/a><\/span><\/span><\/p><\/blockquote>\n<blockquote><p><span style=\"color: #000000;\"><span style=\"font-family: Arial;\"><span style=\"font-size: large;\">Les contes de la cabane \u00e0 sucre: <a href=\"https:\/\/www.dropbox.com\/s\/5gfwwqlp3hlsqfl\/80600-Les-contes-de-la-cabane-a-sucre.pdf?dl=0\" target=\"_blank\">https:\/\/www.dropbox.com\/s\/5gfwwqlp3hlsqfl\/80600-Les-contes-de-la-cabane-a-sucre.pdf?dl=0<\/a><\/span><\/span><\/span><\/p><\/blockquote>\n<blockquote><p><span style=\"font-family: Arial;\"><span style=\"font-size: large;\">Nous avons partag\u00e9 plusieurs projets avec des Ambassadeurs de la Paix, en R\u00e9publique d\u00e9mocratique du Congo, en \u00c9gypte, en Roumanie.<\/span><\/span><\/p><\/blockquote>\n<blockquote><p><span style=\"font-family: Arial;\"><span style=\"font-size: large;\">Depuis 2007, nous avons initi\u00e9 le Festival francophone de la po\u00e9sie des jeunes\u00a0<\/span><\/span><\/p><\/blockquote>\n<blockquote><p><a href=\"http:\/\/projetjeunesse.org\/festival\/\" target=\"_blank\"><span style=\"color: #0433ff;\"><span style=\"font-family: Arial;\"><span style=\"font-size: large;\"><span style=\"text-decoration: underline;\">http:\/\/projetjeunesse.org\/festival\/<\/span><\/span><\/span><\/span><\/a><span style=\"color: #0433ff;\"><span style=\"font-family: Arial;\"><span style=\"font-size: large;\">\u00a0<\/span><\/span><\/span><\/p><\/blockquote>\n<blockquote><p><span style=\"font-family: Arial;\"><span style=\"font-size: large;\">Il consiste \u00e0 offrir aux jeunes de moins de 25 ans , \u00e0 travers le monde, de composer des po\u00e8mes accompagn\u00e9s d\u2019une illustration pour que nous puissions mettre en page des affiches imprimables et trouver des po\u00e8tes mentors pour composer des r\u00e9pliques po\u00e9tiques\u00a0 apr\u00e8s quoi nous envoyons un dipl\u00f4me personnalis\u00e9 qui sera remis \u00e0 l\u2019occasion d\u2019un \u00e9v\u00e9nement parfois festif autour d\u2019une exposition. C\u2019est ainsi que des \u00e9coles, des organismes ou des collaborateurs organisent leur Festival francophone de la po\u00e9sie des jeunes local.\u00a0<\/span><\/span><\/p><\/blockquote>\n<blockquote><p><span style=\"font-family: Arial;\"><span style=\"font-size: large;\">Je vous invite \u00e0 consulter les <\/span><\/span><span style=\"font-family: Arial;\"><span style=\"font-size: large;\"><strong>derni\u00e8res compositions<\/strong><\/span><\/span><span style=\"font-family: Arial;\"><span style=\"font-size: large;\"> de divers pays:\u00a0 <a href=\"http:\/\/projetjeunesse.org\/festival\/\" target=\"_blank\">http:\/\/projetjeunesse.org\/festival\/<\/a><\/span><\/span><\/p><\/blockquote>\n<blockquote><p><span style=\"font-family: Arial;\"><span style=\"font-size: large;\">Vous pourrez constater qu\u2019une de nos fid\u00e8les collaboratrices qu\u00e9b\u00e9coises, Marcelle Lebarb\u00e9, 87 ans,\u00a0 se consacre avec beaucoup de talent et d\u2019\u00e9nergie, presque \u00e0 temps plein, pour composer des r\u00e9pliques po\u00e9tiques \u00e0 ces jeunes \u00e0 qui, pour plusieurs, elle a donn\u00e9 un souffle incroyable pour s\u2019adonner \u00e0 l\u2019apprentissage du fran\u00e7ais et la volont\u00e9 de poursuivre leurs \u00e9tudes, certains dans des conditions environnementales et mat\u00e9rielles fort difficiles. On prendra \u00e0 t\u00e9moin ces jeunes tunisiens vivant des p\u00e9riodes de d\u00e9couragement\u00a0 une fois le Printemps arabe loin derri\u00e8re eux. Voir le t\u00e9moignage d\u2019un professeur dans notre dernier bulletin.\u00a0 <a href=\"http:\/\/projetjeunesse.org\/data\/documents\/Bulletin-147-16-03.pdf\" target=\"_blank\">http:\/\/projetjeunesse.org\/data\/documents\/Bulletin-147-16-03.pdf<\/a><\/span><\/span><\/p><\/blockquote>\n<blockquote><p><span style=\"font-family: Arial;\"><span style=\"font-size: large;\">Marcelle Lebarb\u00e9 n\u2019est pas la seule personne \u00e0 composer des r\u00e9pliques po\u00e9tiques mais\u00a0 elle se fait un devoir d\u2019offrir son talent, son \u00e9nergie et sa compassion pour ces jeunes. Malheureusement\u00a0 son \u00e2ge et sa sant\u00e9 chancelante la mettent \u00e0 rude \u00e9preuve. Nous sommes \u00e0 la recherche de personnes qui aimeraient partager sa t\u00e2che de mentor pour ces jeunes des divers pays participant au Festival francophone de la po\u00e9sie des jeunes.\u00a0<\/span><\/span><\/p><\/blockquote>\n<blockquote><p><span style=\"font-family: Arial;\"><span style=\"font-size: large;\">\u00c0 la lecture de ce magnifique po\u00e8me: \u00ab\u00a0Pri\u00e8re d\u2019une fillette\u00a0\u00bb, je me dis que vous seriez un candidat id\u00e9al.\u00a0<\/span><\/span><\/p><\/blockquote>\n<blockquote><p><span style=\"font-family: Arial;\"><span style=\"font-size: large;\">J\u2019invite, par ailleurs madame Simond et vous-m\u00eame, \u00e0 me sugg\u00e9rer d\u2019autre personnes sensibles \u00e0 la po\u00e9sie et \u00e0 l\u2019\u00e9coute des jeunes qui pourraient, elles aussi, partager cette t\u00e2che tr\u00e8s gratifiante, certes, mais \u00e9galement fort exigence.\u00a0<\/span><\/span><\/p><\/blockquote>\n<blockquote><p><span style=\"font-family: Arial;\"><span style=\"font-size: large;\">Tr\u00e8s cordialement.<\/span><\/span><\/p><\/blockquote>\n<blockquote><p><span style=\"font-family: Arial;\"><span style=\"font-size: large;\">Didier Calvet<\/span><\/span><\/p><\/blockquote>\n<blockquote><p><span style=\"font-family: Arial;\"><span style=\"font-size: large;\">Ambassadeur de la Paix<\/span><\/span><\/p><\/blockquote>\n<p>&nbsp;<\/p>\n<script type=\"text\/javascript\">\n\nvar addthis_config = {\"data_track_clickback\":false,\"data_track_addressbar\":false,\"data_track_textcopy\":false};\n<\/script><script type=\"text\/javascript\" src=\"\/\/s7.addthis.com\/js\/250\/addthis_widget.js#pubid=a457a6d63fb9e6ccabdde4110343bd85\"><\/script>","protected":false},"excerpt":{"rendered":"<blockquote>\n<p><span style=\"font-family: Arial;\"><span style=\"font-size: large;\">Bonjour Ma\u00eetre\u00a0Mo\u00efse<\/span><\/span><\/p>\n<\/blockquote>\n<blockquote>\n<p><span style=\"font-family: Arial;\"><span style=\"font-size: large;\">Madame Simond, pr\u00e9sidente du Cercle Universel des Ambassadeurs de la Paix, m\u2019a communiqu\u00e9 votre adresse courriel \u00e0 la suite du mail que je lui avais transmis en lien avec votre magnifique po\u00e8me \u00ab\u00a0Pri\u00e8re <\/span><\/span><\/p>\n<p>&hellip;<\/p><\/blockquote>\n","protected":false},"author":1,"featured_media":0,"comment_status":"open","ping_status":"open","sticky":false,"template":"","format":"standard","meta":{"footnotes":""},"categories":[1],"tags":[],"class_list":["post-12092","post","type-post","status-publish","format-standard","hentry","category-accueil"],"_links":{"self":[{"href":"http:\/\/www.lecarrefourdesopinions.ca\/index.php?rest_route=\/wp\/v2\/posts\/12092","targetHints":{"allow":["GET"]}}],"collection":[{"href":"http:\/\/www.lecarrefourdesopinions.ca\/index.php?rest_route=\/wp\/v2\/posts"}],"about":[{"href":"http:\/\/www.lecarrefourdesopinions.ca\/index.php?rest_route=\/wp\/v2\/types\/post"}],"author":[{"embeddable":true,"href":"http:\/\/www.lecarrefourdesopinions.ca\/index.php?rest_route=\/wp\/v2\/users\/1"}],"replies":[{"embeddable":true,"href":"http:\/\/www.lecarrefourdesopinions.ca\/index.php?rest_route=%2Fwp%2Fv2%2Fcomments&post=12092"}],"version-history":[{"count":1,"href":"http:\/\/www.lecarrefourdesopinions.ca\/index.php?rest_route=\/wp\/v2\/posts\/12092\/revisions"}],"predecessor-version":[{"id":12093,"href":"http:\/\/www.lecarrefourdesopinions.ca\/index.php?rest_route=\/wp\/v2\/posts\/12092\/revisions\/12093"}],"wp:attachment":[{"href":"http:\/\/www.lecarrefourdesopinions.ca\/index.php?rest_route=%2Fwp%2Fv2%2Fmedia&parent=12092"}],"wp:term":[{"taxonomy":"category","embeddable":true,"href":"http:\/\/www.lecarrefourdesopinions.ca\/index.php?rest_route=%2Fwp%2Fv2%2Fcategories&post=12092"},{"taxonomy":"post_tag","embeddable":true,"href":"http:\/\/www.lecarrefourdesopinions.ca\/index.php?rest_route=%2Fwp%2Fv2%2Ftags&post=12092"}],"curies":[{"name":"wp","href":"https:\/\/api.w.org\/{rel}","templated":true}]}}