{"id":12086,"date":"2016-03-08T15:53:14","date_gmt":"2016-03-08T20:53:14","guid":{"rendered":"http:\/\/www.lecarrefourdesopinions.ca\/?p=12086"},"modified":"2016-03-08T15:53:14","modified_gmt":"2016-03-08T20:53:14","slug":"un-drone-a-deux-mille-metres-et-paf-imaginons","status":"publish","type":"post","link":"http:\/\/www.lecarrefourdesopinions.ca\/?p=12086","title":{"rendered":"Un Drone \u00e0 deux Mille M\u00e8tres et PAF !.. Imaginons."},"content":{"rendered":"<p align=\"CENTER\"><em style=\"font-size: large; font-family: Arial, sans-serif; color: #632423;\"><strong>Un Drone \u00e0 deux Mille M\u00e8tres et PAF\u00a0!.. Imaginons.<\/strong><\/em><\/p>\n<p style=\"text-align: center;\" align=\"JUSTIFY\">\n<p align=\"JUSTIFY\"><span style=\"color: #632423;\"><span style=\"font-family: 'Comic Sans MS', cursive;\"><span style=\"font-size: large;\">\u00ab\u00a0Le D\u00e9bat sur les Drones devrait s\u2019ouvrir, m\u00eame si leur usage peut \u00e0 peine se comprendre au service de \u00ab\u00a0Martinique Premi\u00e8re Radio-T\u00e9l\u00e9vision\u00a0\u00bb de la Martinique, cette Nation dite Souveraine\u00a0\u00bb.<\/span><\/span><\/span><\/p>\n<p align=\"JUSTIFY\">\u00a0<img loading=\"lazy\" decoding=\"async\" class=\"alignnone size-thumbnail wp-image-10800\" title=\"Eric\" src=\"http:\/\/www.lecarrefourdesopinions.ca\/wp-content\/uploads\/2014\/06\/Eric1-134x107.jpg\" alt=\"\" width=\"134\" height=\"107\" \/><\/p>\n<p align=\"JUSTIFY\"><span style=\"color: #632423;\"><span style=\"font-family: 'Comic Sans MS', cursive;\"><span style=\"font-size: large;\">\u00c9ric E.G. NOGARD<\/span><\/span><\/span><\/p>\n<p align=\"JUSTIFY\"><span style=\"color: #c00000;\"><span style=\"font-size: large;\"><em>Chroniqueur<\/em><\/span><\/span><span style=\"color: #c00000;\"><span style=\"font-size: large;\">.<\/span><\/span><\/p>\n<p align=\"JUSTIFY\">\n<p align=\"JUSTIFY\">\n<p align=\"JUSTIFY\"><span style=\"font-size: large;\"><strong>UN DRONE A DEUX MILLE METRES ET PAF\u00a0!.. IMAGINONS.<\/strong><\/span><\/p>\n<p align=\"JUSTIFY\">\n<p style=\"text-align: center;\" align=\"JUSTIFY\">\n<p style=\"text-align: center;\" align=\"JUSTIFY\"><img loading=\"lazy\" decoding=\"async\" class=\"alignnone size-full wp-image-12087\" title=\"F1  Un   PAF   \u00e9vit\u00e9 de Justesse\" src=\"http:\/\/www.lecarrefourdesopinions.ca\/wp-content\/uploads\/2016\/03\/F1-Un-PAF-\u00e9vit\u00e9-de-Justesse.jpg\" alt=\"\" width=\"300\" height=\"168\" \/><\/p>\n<p align=\"CENTER\">\n<p align=\"CENTER\"><span style=\"font-size: large;\"><strong>F1\u00a0: <\/strong><\/span><span style=\"color: #c00000;\"><span style=\"font-size: large;\"><em><strong>Un \u00ab\u00a0<\/strong><\/em><\/span><\/span><span style=\"color: #c00000;\"><span style=\"font-family: 'Arial Rounded MT Bold', sans-serif;\"><span style=\"font-size: large;\"><em><strong>PAF<\/strong><\/em><\/span><\/span><\/span><span style=\"color: #c00000;\"><span style=\"font-size: large;\"><em><strong>\u00a0\u00bb \u00e9vit\u00e9 de Justesse\u00a0!<\/strong><\/em><\/span><\/span><\/p>\n<p align=\"JUSTIFY\"><span style=\"font-family: 'Comic Sans MS', cursive;\"><span style=\"font-size: large;\">Imaginons, sans avoir \u00e0 \u00eatre un Jules VERNES, un Drone \u00e0 Deux Mille M\u00e8tres d\u2019Altitude, sur la Route \u2013 car c\u2019est bien d\u2019une Route qu\u2019il s\u2019agit -, sur la Route d\u2019un Gros-Porteur, Antonof, Boeing, ou leur Cousin DASSAULT\u2019s Brother de Toulouse\u2026 et <\/span><\/span><span style=\"font-family: 'Arial Rounded MT Bold', sans-serif;\"><span style=\"font-size: large;\"><em>PAF<\/em><\/span><\/span><span style=\"font-family: 'Comic Sans MS', cursive;\"><span style=\"font-size: large;\">\u00a0!..<\/span><\/span><\/p>\n<p style=\"text-align: center;\" align=\"JUSTIFY\">\n<p style=\"text-align: center;\" align=\"JUSTIFY\"><img loading=\"lazy\" decoding=\"async\" class=\"alignnone size-medium wp-image-12088\" title=\"F2  Sans \u00eatre Jules VERNES  imaginons     les Cons\u00e9quences de c\" src=\"http:\/\/www.lecarrefourdesopinions.ca\/wp-content\/uploads\/2016\/03\/F2-Sans-\u00eatre-Jules-VERNES-imaginons-les-Cons\u00e9quences-de-c-300x52.jpg\" alt=\"\" width=\"300\" height=\"52\" srcset=\"http:\/\/www.lecarrefourdesopinions.ca\/wp-content\/uploads\/2016\/03\/F2-Sans-\u00eatre-Jules-VERNES-imaginons-les-Cons\u00e9quences-de-c-300x52.jpg 300w, http:\/\/www.lecarrefourdesopinions.ca\/wp-content\/uploads\/2016\/03\/F2-Sans-\u00eatre-Jules-VERNES-imaginons-les-Cons\u00e9quences-de-c-1024x177.jpg 1024w, http:\/\/www.lecarrefourdesopinions.ca\/wp-content\/uploads\/2016\/03\/F2-Sans-\u00eatre-Jules-VERNES-imaginons-les-Cons\u00e9quences-de-c-400x69.jpg 400w, http:\/\/www.lecarrefourdesopinions.ca\/wp-content\/uploads\/2016\/03\/F2-Sans-\u00eatre-Jules-VERNES-imaginons-les-Cons\u00e9quences-de-c.jpg 1232w\" sizes=\"auto, (max-width: 300px) 100vw, 300px\" \/><\/p>\n<p align=\"JUSTIFY\"><span style=\"font-size: large;\"><strong>F2\u00a0: <\/strong><\/span><span style=\"color: #c00000;\"><span style=\"font-size: large;\"><em><strong>Sans \u00eatre Jules VERNES, imaginons\u2026 les Cons\u00e9quences de ce \u00ab\u00a0<\/strong><\/em><\/span><\/span><span style=\"color: #c00000;\"><span style=\"font-family: 'Arial Rounded MT Bold', sans-serif;\"><span style=\"font-size: large;\"><em><strong>PAF<\/strong><\/em><\/span><\/span><\/span><span style=\"color: #c00000;\"><span style=\"font-size: large;\"><em><strong>\u00a0\u00bb.<\/strong><\/em><\/span><\/span><\/p>\n<p>&nbsp;<\/p>\n<p>&nbsp;<\/p>\n<p align=\"JUSTIFY\"><span style=\"font-size: large;\"><strong>Catastrophe, \u00c9moi, Drapeau en Berne, Chapelle Ardente, Bougies et Fleurs, Larmes \u00e0 Torrents, Broadcasting \u00e0 faire exploser le tympan sur les Ondes, \u00e0 d\u00e9raciner le nerf optique sur la Toile\u2026et c\u2019est loin d\u2019\u00eatre tout.<\/strong><\/span><\/p>\n<p align=\"JUSTIFY\">\n<p align=\"JUSTIFY\"><span style=\"font-size: large;\">Loin d\u2019\u00eatre tout, avant qu\u2019on songe, tant au Responsable qu\u2019aux Responsabilit\u00e9s dans ce <\/span><span style=\"font-family: 'Arial Rounded MT Bold', sans-serif;\"><span style=\"font-size: large;\"><em>PAF<\/em><\/span><\/span><span style=\"font-size: large;\">\u00a0! \u00e0 ne pas confondre avec la <\/span><span style=\"font-size: large;\"><strong>P.A.F<\/strong><\/span><span style=\"font-size: large;\">., la <\/span><span style=\"font-size: large;\"><strong>Police de l\u2019Air et des Fronti\u00e8res<\/strong><\/span><span style=\"font-size: large;\"> qui, elle, n\u2019y serait pour rien.<\/span><\/p>\n<p align=\"JUSTIFY\">\n<p align=\"JUSTIFY\"><span style=\"color: #c00000;\"><span style=\"font-size: large;\"><em><strong>De tels Engins\u2026 \u00e9quip\u00e9s \u00e0 partir d\u2019un Joujou, quoi de plus Terrifiant\u2026 m\u00eame sur le plancher des vaches.<\/strong><\/em><\/span><\/span><\/p>\n<p>&nbsp;<\/p>\n<p align=\"JUSTIFY\"><span style=\"font-size: large;\"><strong>Imaginons un Drone, identifi\u00e9 ou pas, causant une telle Catastrophe dans le Ciel de Paris, de Berlin, <\/strong><\/span><span style=\"font-size: large;\"><strong>d&rsquo;Ottawa,<\/strong><\/span><span style=\"font-size: large;\"><strong> de Qu\u00e9bec, <\/strong><\/span><span style=\"font-size: large;\"><strong>de Toronto, de Londres-Heathrow,<\/strong><\/span><span style=\"font-size: large;\"><strong> de New-York, de P\u00e9kin, de Moscou ou d\u2019ailleurs.<\/strong><\/span><\/p>\n<p align=\"JUSTIFY\">\n<p align=\"JUSTIFY\"><span style=\"font-size: large;\">Car si un Drone se fabrique, prenant les airs qu\u2019il veut, d\u2019un Joujou anodin ou d\u2019une Arme de Guerre, se construit-il autrement que sous l\u2019\u0153il vigilent de l\u2019\u00c9tat aux Gouvernes de quelque Pays que ce soit.<\/span><\/p>\n<p align=\"JUSTIFY\">\n<p align=\"JUSTIFY\">\n<p align=\"JUSTIFY\"><span style=\"font-size: large;\"><strong>Or, le Drone se construit \u00ab\u00a0en veux-tu-en voil\u00e0\u00a0\u00bb, sans avoir \u00e0 passer par les recours imaginables de notre Capitaine N\u00e9mo dans la Construction de son Nautilus.<\/strong><\/span><\/p>\n<p align=\"JUSTIFY\">\n<p align=\"JUSTIFY\"><span style=\"font-size: large;\">Il s\u2019en est trouv\u00e9 un pour r\u00f4der au dessus de notre Toit, et, <\/span><span style=\"font-family: Arial, sans-serif;\"><span style=\"font-size: large;\"><em>fortunately to us<\/em><\/span><\/span><span style=\"font-size: large;\">, il est tomb\u00e9, s\u2019est bris\u00e9 \u00e0 nos pieds.<\/span><\/p>\n<p align=\"JUSTIFY\">\n<p align=\"JUSTIFY\"><span style=\"font-size: large;\">Et, <\/span><span style=\"font-family: Arial, sans-serif;\"><span style=\"font-size: large;\"><em>unfortunately<\/em><\/span><\/span><span style=\"font-size: large;\"> peut-\u00eatre, il fut r\u00e9cup\u00e9r\u00e9 sous la menace, avant l\u2019intervention de la Police alert\u00e9e aussit\u00f4t\u2026 par nos soins.<\/span><\/p>\n<p align=\"JUSTIFY\">\n<p align=\"JUSTIFY\"><span style=\"font-size: large;\">Or, si chacun pouvait s\u2019offrir son Drone \u00e0 la Barbe du Prince et\u2026 l\u2019\u00e9quiper \u00e0 sa fa\u00e7on, gr\u00e2ce aux R\u00e9seaux M\u00e9diatiques\u2026 Combien de porteurs de Zika ou autre Malaria cela ne nous ferait-il pas.<\/span><\/p>\n<p align=\"JUSTIFY\">\n<p align=\"JUSTIFY\">\n<p align=\"JUSTIFY\"><span style=\"font-size: large;\"><strong>Qu\u2019est donc devenu le Monde et qu\u2019entend devenir la France.<\/strong><\/span><\/p>\n<p align=\"JUSTIFY\">\n<p align=\"JUSTIFY\"><span style=\"font-size: large;\">Se figure-t-elle que la Menace d\u2019une D\u00e9ch\u00e9ance de Nationalit\u00e9 dissuadera de la pire des \u00ab\u00a0Entreprises\u00a0\u00bb un Fanatique \u00e0 partir de son Drone, Honn\u00eatement acquis dans la non moins Honorable Boutique de Joujoux.<\/span><\/p>\n<p align=\"JUSTIFY\">\n<p align=\"JUSTIFY\">\n<p align=\"JUSTIFY\"><span style=\"font-size: large;\"><strong>D\u00e9ch\u00e9ance de Nationalit\u00e9 dans la Noble Intention d\u2019assurer la S\u00e9curit\u00e9 Publique\u2026 comme chacun sait.<\/strong><\/span><\/p>\n<p align=\"JUSTIFY\">\n<p align=\"JUSTIFY\"><span style=\"font-size: large;\">Au \u00ab\u00a0<\/span><span style=\"font-family: 'Arial Rounded MT Bold', sans-serif;\"><span style=\"font-size: large;\"><em>Cri d\u2019Alarme<\/em><\/span><\/span><span style=\"font-size: large;\">\u00a0\u00bb, nous ferions du Contr\u00f4le des Drones qui pullulent, notre Pr\u00e9occupation Premi\u00e8re et Majeure, en tout cas, nous lui donnerions la Primaut\u00e9 sur les Mesures Punitives \u00e0 <\/span><span style=\"font-family: Arial, sans-serif;\"><span style=\"font-size: large;\"><em>Posteriori<\/em><\/span><\/span><span style=\"font-size: large;\">.<\/span><\/p>\n<p align=\"JUSTIFY\">\n<p align=\"JUSTIFY\">\n<p align=\"JUSTIFY\">\n<p align=\"JUSTIFY\"><span style=\"font-size: large;\"><em><strong>D\u00e9j\u00e0 nous en avons le frisson\u00a0: <\/strong><\/em><\/span><\/p>\n<p align=\"JUSTIFY\">\n<p align=\"JUSTIFY\"><span style=\"font-size: large;\"> Un Gros Porteur, un Drone\u2026 et PAF dans le Ciel, pour ne dire que cela.<\/span><\/p>\n<p align=\"JUSTIFY\">\n<p align=\"CENTER\"><img loading=\"lazy\" decoding=\"async\" class=\"alignnone size-full wp-image-12089\" title=\"F4 We keep believing that s true    Brothers and Sisters\" src=\"http:\/\/www.lecarrefourdesopinions.ca\/wp-content\/uploads\/2016\/03\/F4-We-keep-believing-that-s-true-Brothers-and-Sisters.jpg\" alt=\"\" width=\"394\" height=\"260\" srcset=\"http:\/\/www.lecarrefourdesopinions.ca\/wp-content\/uploads\/2016\/03\/F4-We-keep-believing-that-s-true-Brothers-and-Sisters.jpg 394w, http:\/\/www.lecarrefourdesopinions.ca\/wp-content\/uploads\/2016\/03\/F4-We-keep-believing-that-s-true-Brothers-and-Sisters-300x197.jpg 300w\" sizes=\"auto, (max-width: 394px) 100vw, 394px\" \/><\/p>\n<p align=\"CENTER\">\n<p align=\"CENTER\"><span style=\"font-size: large;\"><strong>F4\u00a0: <\/strong><\/span><span style=\"color: #c00000;\"><span style=\"font-family: 'Arial Rounded MT Bold', sans-serif;\"><span style=\"font-size: large;\"><em><strong>We keep believing that\u2019s true\u2026 <\/strong><\/em><\/span><\/span><\/span><span style=\"color: #c00000;\"><span style=\"font-family: 'Arial Rounded MT Bold', sans-serif;\"><span style=\"font-size: large;\"><em><strong>Brothers and Sisters\u00a0!<\/strong><\/em><\/span><\/span><\/span><\/p>\n<p align=\"JUSTIFY\">\n<p align=\"JUSTIFY\"><span style=\"font-family: 'Arial Rounded MT Bold', sans-serif;\"><span style=\"font-size: large;\"><strong>Il n\u2019y a pas que les R\u00eaves qui puissent devenir R\u00e9alit\u00e9.<\/strong><\/span><\/span><\/p>\n<p align=\"JUSTIFY\">\n<p lang=\"en-US\" align=\"JUSTIFY\"><span style=\"font-family: 'Arial Rounded MT Bold', sans-serif;\"><span style=\"font-size: large;\"><em>Lets\u2019s keep in mind that Mar can turn to reality as well as the best of any dream.<\/em><\/span><\/span><\/p>\n<p lang=\"en-US\" align=\"JUSTIFY\">\n<p align=\"CENTER\"><span style=\"font-size: large;\"><strong>*** *** ***<\/strong><\/span><\/p>\n<p align=\"CENTER\"><span style=\"color: #ff0000;\"><span style=\"font-size: large;\"><strong>Nota : <\/strong><\/span><\/span><span style=\"color: #000000;\"><span style=\"font-size: large;\">Nous ne traitons que de Faits et de Noms rendus Publics.<\/span><\/span><\/p>\n<p align=\"JUSTIFY\">\n<p align=\"JUSTIFY\"><span style=\"font-size: large;\"><strong>N.B.:<\/strong><\/span><span style=\"font-size: large;\"> &#8211; <\/span><span style=\"color: #c00000;\"><span style=\"font-family: 'Comic Sans MS', cursive;\"><span style=\"font-size: large;\">Nous Recommandons instamment et syst\u00e9matiquement l\u2019ouverture de la (ou des) pi\u00e8ce(s) jointe(s) \u00e0 l\u2019e-mail, sous format Pdf, <\/span><\/span><\/span><span style=\"color: #c00000;\"><span style=\"font-family: 'Comic Sans MS', cursive;\"><span style=\"font-size: large;\"><span style=\"text-decoration: underline;\">les illustrations y sont incluses<\/span><\/span><\/span><\/span><span style=\"color: #c00000;\"><span style=\"font-family: 'Comic Sans MS', cursive;\"><span style=\"font-size: large;\">.<\/span><\/span><\/span><\/p>\n<p align=\"JUSTIFY\">\n<p align=\"CENTER\"><span style=\"color: #ff0000;\"><span><strong>Ne Peut \u00eatre reproduit &#8211; m\u00eame partiellement &#8211; sans l\u2019autorisation de l\u2019Auteur.<\/strong><\/span><\/span><\/p>\n<p>\u00a0<strong>Liens Sugg\u00e9r\u00e9s\u00a0:<\/strong><\/p>\n<ul>\n<li>\n<p align=\"JUSTIFY\"><span style=\"color: #0000ff;\"><span style=\"text-decoration: underline;\"><a href=\"http:\/\/www.lescrutateur.com\/\">http:\/\/www.lescrutateur.com\/<\/a><\/span><\/span><\/p>\n<\/li>\n<li>\n<p align=\"JUSTIFY\"><span style=\"color: #0000ff;\"><span style=\"text-decoration: underline;\"><a href=\"http:\/\/www.etatsgenerauxdeloutremer.fr\/reflexions\">http:\/\/www.etatsgenerauxdeloutremer.fr\/reflexions<\/a><\/span><\/span><\/p>\n<\/li>\n<\/ul>\n<p align=\"CENTER\">\n<p align=\"CENTER\">\n<script type=\"text\/javascript\">\n\nvar addthis_config = {\"data_track_clickback\":false,\"data_track_addressbar\":false,\"data_track_textcopy\":false};\n<\/script><script type=\"text\/javascript\" src=\"\/\/s7.addthis.com\/js\/250\/addthis_widget.js#pubid=a457a6d63fb9e6ccabdde4110343bd85\"><\/script>","protected":false},"excerpt":{"rendered":"<p align=\"CENTER\">Un Drone \u00e0 deux Mille M\u00e8tres et PAF\u00a0!.. Imaginons.<\/p>\n<p style=\"text-align: center;\" align=\"JUSTIFY\">\n<p align=\"JUSTIFY\"><span style=\"color: #632423;\"><span style=\"font-family: 'Comic Sans MS', cursive;\"><span style=\"font-size: large;\">\u00ab\u00a0Le D\u00e9bat sur les Drones devrait s\u2019ouvrir, m\u00eame si leur usage peut \u00e0 peine se comprendre au service de \u00ab\u00a0Martinique Premi\u00e8re Radio-T\u00e9l\u00e9vision\u00a0\u00bb de la <\/span><\/span><\/span>&hellip;<\/p>\n","protected":false},"author":1,"featured_media":0,"comment_status":"open","ping_status":"open","sticky":false,"template":"","format":"standard","meta":{"footnotes":""},"categories":[1],"tags":[],"class_list":["post-12086","post","type-post","status-publish","format-standard","hentry","category-accueil"],"_links":{"self":[{"href":"http:\/\/www.lecarrefourdesopinions.ca\/index.php?rest_route=\/wp\/v2\/posts\/12086","targetHints":{"allow":["GET"]}}],"collection":[{"href":"http:\/\/www.lecarrefourdesopinions.ca\/index.php?rest_route=\/wp\/v2\/posts"}],"about":[{"href":"http:\/\/www.lecarrefourdesopinions.ca\/index.php?rest_route=\/wp\/v2\/types\/post"}],"author":[{"embeddable":true,"href":"http:\/\/www.lecarrefourdesopinions.ca\/index.php?rest_route=\/wp\/v2\/users\/1"}],"replies":[{"embeddable":true,"href":"http:\/\/www.lecarrefourdesopinions.ca\/index.php?rest_route=%2Fwp%2Fv2%2Fcomments&post=12086"}],"version-history":[{"count":1,"href":"http:\/\/www.lecarrefourdesopinions.ca\/index.php?rest_route=\/wp\/v2\/posts\/12086\/revisions"}],"predecessor-version":[{"id":12090,"href":"http:\/\/www.lecarrefourdesopinions.ca\/index.php?rest_route=\/wp\/v2\/posts\/12086\/revisions\/12090"}],"wp:attachment":[{"href":"http:\/\/www.lecarrefourdesopinions.ca\/index.php?rest_route=%2Fwp%2Fv2%2Fmedia&parent=12086"}],"wp:term":[{"taxonomy":"category","embeddable":true,"href":"http:\/\/www.lecarrefourdesopinions.ca\/index.php?rest_route=%2Fwp%2Fv2%2Fcategories&post=12086"},{"taxonomy":"post_tag","embeddable":true,"href":"http:\/\/www.lecarrefourdesopinions.ca\/index.php?rest_route=%2Fwp%2Fv2%2Ftags&post=12086"}],"curies":[{"name":"wp","href":"https:\/\/api.w.org\/{rel}","templated":true}]}}