{"id":12077,"date":"2016-03-06T14:01:54","date_gmt":"2016-03-06T19:01:54","guid":{"rendered":"http:\/\/www.lecarrefourdesopinions.ca\/?p=12077"},"modified":"2016-03-06T14:01:54","modified_gmt":"2016-03-06T19:01:54","slug":"mais-quest-donc-devenu-le-mot-de-coubertin","status":"publish","type":"post","link":"http:\/\/www.lecarrefourdesopinions.ca\/?p=12077","title":{"rendered":"Mais qu\u2019est donc devenu, \u00ab le Mot \u00bb De COUBERTIN."},"content":{"rendered":"<p align=\"CENTER\">\n<p style=\"text-align: center;\">MAIS QU\u2019EST DONC DEVENU, \u00ab\u00a0LE MOT\u00a0\u00bb DE COUBERTIN.<\/p>\n<p align=\"JUSTIFY\">\n<p align=\"JUSTIFY\"><img loading=\"lazy\" decoding=\"async\" class=\"alignnone size-thumbnail wp-image-11439\" title=\"Eric\" src=\"http:\/\/www.lecarrefourdesopinions.ca\/wp-content\/uploads\/2015\/04\/Eric-134x107.jpg\" alt=\"\" width=\"134\" height=\"107\" \/><\/p>\n<p align=\"JUSTIFY\"><span style=\"color: #632423;\"><span style=\"font-family: 'Comic Sans MS', cursive;\"><span style=\"font-size: large;\">\u00c9ric E.G. NOGARD<\/span><\/span><\/span><\/p>\n<p align=\"JUSTIFY\"><span style=\"color: #c00000;\"><span style=\"font-size: large;\"><em>Chroniqueur<\/em><\/span><\/span><span style=\"color: #c00000;\"><span style=\"font-size: large;\">.<\/span><\/span><\/p>\n<p>&nbsp;<\/p>\n<p align=\"CENTER\"><span style=\"color: #632423;\"><span style=\"font-size: large;\">*** *** ***<\/span><\/span><\/p>\n<p align=\"CENTER\">\n<p align=\"JUSTIFY\"><span style=\"font-family: 'Comic Sans MS', cursive;\"><span style=\"font-size: large;\">En tout cas les voici, rappel\u00e9s volontiers par \u00ab\u00a0<\/span><\/span><span style=\"font-family: 'Arial Rounded MT Bold', sans-serif;\"><span style=\"font-size: large;\"><em>Le Cri d\u2019Alarme<\/em><\/span><\/span><span style=\"font-family: 'Comic Sans MS', cursive;\"><span style=\"font-size: large;\">\u00a0\u00bb, \u00e0 la M\u00e9moire Commune, tellement oublieuse parfois, h\u00e9las.<\/span><\/span><\/p>\n<p align=\"JUSTIFY\">\n<p align=\"JUSTIFY\">\n<p align=\"CENTER\"><img loading=\"lazy\" decoding=\"async\" class=\"alignnone size-medium wp-image-12078\" title=\"F1 Baron Pierre de COUBERTIN    Un Esprit Sain dans un Corps Sain\" src=\"http:\/\/www.lecarrefourdesopinions.ca\/wp-content\/uploads\/2016\/03\/F1-Baron-Pierre-de-COUBERTIN-Un-Esprit-Sain-dans-un-Corps-Sain-210x300.jpg\" alt=\"\" width=\"210\" height=\"300\" srcset=\"http:\/\/www.lecarrefourdesopinions.ca\/wp-content\/uploads\/2016\/03\/F1-Baron-Pierre-de-COUBERTIN-Un-Esprit-Sain-dans-un-Corps-Sain-210x300.jpg 210w, http:\/\/www.lecarrefourdesopinions.ca\/wp-content\/uploads\/2016\/03\/F1-Baron-Pierre-de-COUBERTIN-Un-Esprit-Sain-dans-un-Corps-Sain.jpg 220w\" sizes=\"auto, (max-width: 210px) 100vw, 210px\" \/><\/p>\n<p align=\"CENTER\"><span style=\"font-size: large;\"><strong>F1\u00a0: <\/strong><\/span><span style=\"color: #c00000;\"><span style=\"font-size: large;\"><em><strong>Baron Pierre de COUBERTIN<\/strong><\/em><\/span><\/span><\/p>\n<p align=\"CENTER\"><span style=\"color: #c00000;\"><span style=\"font-size: large;\"><strong>\u00ab\u00a0<\/strong><\/span><\/span><span style=\"color: #c00000;\"><span style=\"font-family: 'Comic Sans MS', cursive;\"><span style=\"font-size: large;\"><em><strong>Un Esprit Sain dans un Corps Sain<\/strong><\/em><\/span><\/span><\/span><span style=\"color: #c00000;\"><span style=\"font-size: large;\"><strong>\u00a0\u00bb.<\/strong><\/span><\/span><\/p>\n<p align=\"JUSTIFY\"><span style=\"font-family: 'Comic Sans MS', cursive;\"><span style=\"font-size: large;\">Voici Pierre De COUBERTIN et son \u00ab\u00a0<\/span><\/span><span style=\"font-family: Arial, sans-serif;\"><span style=\"font-size: large;\"><em>Un Esprit Sain dans un Corps sain<\/em><\/span><\/span><span style=\"font-family: 'Comic Sans MS', cursive;\"><span style=\"font-size: large;\">\u00a0\u00bb emprunt\u00e9 \u00e0 JUV\u00c9NAL, ce po\u00e8te Romain du Premier Si\u00e8cle avant notre \u00e8re, l\u2019\u00e8re Chr\u00e9tienne, faut-il le pr\u00e9ciser.<\/span><\/span><\/p>\n<p align=\"JUSTIFY\">\n<p align=\"JUSTIFY\"><span style=\"font-family: 'Comic Sans MS', cursive;\"><span style=\"font-size: large;\">Un JUV\u00c9NAL qui, dans son indignation contre les Vices de la Rome Imp\u00e9riale, lui souhaitait, quoi de plus subtil comme satire, dans son implication,<\/span><\/span><\/p>\n<p align=\"JUSTIFY\">\n<p align=\"CENTER\"><span style=\"font-size: large;\">\u00ab\u00a0<\/span><span style=\"font-family: 'Arial Rounded MT Bold', sans-serif;\"><span style=\"font-size: large;\"><em>Mens sana in Corpore sano<\/em><\/span><\/span><span style=\"font-size: large;\">\u00a0\u00bb.<\/span><\/p>\n<p lang=\"en-US\" align=\"JUSTIFY\">\n<p lang=\"en-US\" align=\"CENTER\"><img loading=\"lazy\" decoding=\"async\" class=\"alignnone size-full wp-image-12079\" title=\"F2 JUV\u00c9NAL    Mens sana in Corpore sano\" src=\"http:\/\/www.lecarrefourdesopinions.ca\/wp-content\/uploads\/2016\/03\/F2-JUV\u00c9NAL-Mens-sana-in-Corpore-sano.jpg\" alt=\"\" width=\"240\" height=\"240\" \/><\/p>\n<p align=\"CENTER\"><span style=\"font-size: large;\"><strong>F2: <\/strong><\/span><span style=\"color: #c00000;\"><span style=\"font-size: large;\"><em><strong>JUV\u00c9NAL? \u00ab\u00a0<\/strong><\/em><\/span><\/span><span style=\"color: #c00000;\"><span style=\"font-family: Arial, sans-serif;\"><span style=\"font-size: large;\"><em><strong>Mens sana in Corpore sano<\/strong><\/em><\/span><\/span><\/span><span style=\"color: #c00000;\"><span style=\"font-size: large;\"><em><strong>\u00a0\u00bb.<\/strong><\/em><\/span><\/span><\/p>\n<p align=\"CENTER\">\n<p align=\"JUSTIFY\"><span style=\"font-size: large;\"><strong>Un COUBERTIN \u201creprenant\u201d JUV\u00c9NAL, \u00e0 l\u2019Ouverture des Jeux Olympiques Modernes, en 1896\u2026 soit Dix Neuf Si\u00e8cles plus tard\u2026 c\u2019est que le Monde n\u2019avait pas chang\u00e9\u00a0!<\/strong><\/span><\/p>\n<p align=\"JUSTIFY\">\n<p align=\"JUSTIFY\"><span style=\"font-size: large;\">Et peut-on dire qu\u2019il a chang\u00e9 quand on consid\u00e8re, \u00e0 travers la FIFA, la F\u00e9d\u00e9ration Internationale de Football Association, l\u2019Affaire Sepp BLATTER, son Pr\u00e9sident. <\/span><\/p>\n<p align=\"JUSTIFY\">\n<ul>\n<li>\n<p align=\"JUSTIFY\"><span style=\"font-size: large;\">Tant de Milliards de livr\u00e9s au gr\u00e9 de la Corruption de Fieff\u00e9s Coquins quand tant d\u2019\u00c9tats manquent d\u2019Argent pour assumer leurs besoins les plus vitaux et quand tant de gens cr\u00e8vent de faim.<\/span><\/p>\n<\/li>\n<\/ul>\n<p align=\"JUSTIFY\">\n<ul>\n<li>\n<p align=\"JUSTIFY\"><span style=\"font-size: large;\">Tant de temps \u00e0 \u00ab\u00a0d\u00e9couvrir\u00a0\u00bb ce qu\u2019affirmaient quelques Courageux Chroniqueurs et qu\u2019enfin a pu d\u00e9noncer le D\u00e9partement de la Justice des \u00c9tats-Unis d\u2019Am\u00e9rique.<\/span><\/p>\n<\/li>\n<\/ul>\n<p>&nbsp;<\/p>\n<p align=\"JUSTIFY\"><span style=\"font-size: large;\">Hommage soit rendu aux U.S.A.<\/span><\/p>\n<p align=\"JUSTIFY\">\n<p align=\"CENTER\"><img loading=\"lazy\" decoding=\"async\" class=\"alignnone size-medium wp-image-12080\" title=\"F3 Tu quoque mi Fili       Le Cri d\u2019Alarme    n\u00b0 14\" src=\"http:\/\/www.lecarrefourdesopinions.ca\/wp-content\/uploads\/2016\/03\/F3-Tu-quoque-mi-Fili-Le-Cri-d\u2019Alarme-n\u00b0-14-300x163.jpg\" alt=\"\" width=\"300\" height=\"163\" srcset=\"http:\/\/www.lecarrefourdesopinions.ca\/wp-content\/uploads\/2016\/03\/F3-Tu-quoque-mi-Fili-Le-Cri-d\u2019Alarme-n\u00b0-14-300x163.jpg 300w, http:\/\/www.lecarrefourdesopinions.ca\/wp-content\/uploads\/2016\/03\/F3-Tu-quoque-mi-Fili-Le-Cri-d\u2019Alarme-n\u00b0-14-1024x558.jpg 1024w, http:\/\/www.lecarrefourdesopinions.ca\/wp-content\/uploads\/2016\/03\/F3-Tu-quoque-mi-Fili-Le-Cri-d\u2019Alarme-n\u00b0-14-400x218.jpg 400w, http:\/\/www.lecarrefourdesopinions.ca\/wp-content\/uploads\/2016\/03\/F3-Tu-quoque-mi-Fili-Le-Cri-d\u2019Alarme-n\u00b0-14.jpg 1155w\" sizes=\"auto, (max-width: 300px) 100vw, 300px\" \/><\/p>\n<p align=\"CENTER\"><span style=\"font-size: large;\"><strong>F3\u00a0: <\/strong><\/span><span style=\"color: #c00000;\"><span style=\"font-family: 'Arial Rounded MT Bold', sans-serif;\"><span style=\"font-size: large;\"><em><strong>Tu quoque mi Fili<\/strong><\/em><\/span><\/span><\/span><span style=\"color: #c00000;\"><span style=\"font-size: large;\"><em><strong>, \u00ab\u00a0Le Cri d\u2019Alarme\u00a0\u00bb n\u00b0 14.<\/strong><\/em><\/span><\/span><\/p>\n<p align=\"JUSTIFY\">\n<p align=\"JUSTIFY\"><span style=\"font-size: large;\"><strong>Des Faits de Corruption \u00e0 Grande \u00c9chelle dans lesquels l\u2019Idole PLATINI se trouverait impliqu\u00e9 jusqu\u2019au Cou.<\/strong><\/span><\/p>\n<p align=\"JUSTIFY\">\n<p align=\"JUSTIFY\">\n<p align=\"CENTER\"><img loading=\"lazy\" decoding=\"async\" class=\"alignnone size-full wp-image-12081\" title=\"F4 Sepp BLATTER\" src=\"http:\/\/www.lecarrefourdesopinions.ca\/wp-content\/uploads\/2016\/03\/F4-Sepp-BLATTER.jpg\" alt=\"\" width=\"300\" height=\"168\" \/><\/p>\n<p align=\"CENTER\"><span style=\"font-size: large;\"><strong>F4\u00a0:<\/strong><\/span><span style=\"color: #c00000;\"><span style=\"font-size: large;\"><em><strong>Sepp BLATTER.<\/strong><\/em><\/span><\/span><\/p>\n<p align=\"CENTER\">\n<ul>\n<li>\n<p align=\"JUSTIFY\"><span style=\"font-family: Arial, sans-serif;\"><span style=\"font-size: large;\">De tels Crimes au regard de la Loi, qui sont laiss\u00e9s \u00e0 la Comp\u00e9tence d\u2019Organes Internes \u00e0 la FIFA, dont on sait qu\u2019elle est Corrompue au Plus Haut Point<\/span><\/span><span style=\"font-size: large;\">.<\/span><\/p>\n<\/li>\n<\/ul>\n<p align=\"JUSTIFY\">\n<p align=\"JUSTIFY\">\n<p align=\"CENTER\"><img loading=\"lazy\" decoding=\"async\" class=\"alignnone size-medium wp-image-12082\" title=\"F5 PLATINI    Mon Fils toi aussi     publi\u00e9 le 27 Septembre 2015\" src=\"http:\/\/www.lecarrefourdesopinions.ca\/wp-content\/uploads\/2016\/03\/F5-PLATINI-Mon-Fils-toi-aussi-publi\u00e9-le-27-Septembre-2015-300x200.jpg\" alt=\"\" width=\"300\" height=\"200\" srcset=\"http:\/\/www.lecarrefourdesopinions.ca\/wp-content\/uploads\/2016\/03\/F5-PLATINI-Mon-Fils-toi-aussi-publi\u00e9-le-27-Septembre-2015-300x200.jpg 300w, http:\/\/www.lecarrefourdesopinions.ca\/wp-content\/uploads\/2016\/03\/F5-PLATINI-Mon-Fils-toi-aussi-publi\u00e9-le-27-Septembre-2015-400x266.jpg 400w, http:\/\/www.lecarrefourdesopinions.ca\/wp-content\/uploads\/2016\/03\/F5-PLATINI-Mon-Fils-toi-aussi-publi\u00e9-le-27-Septembre-2015.jpg 1024w\" sizes=\"auto, (max-width: 300px) 100vw, 300px\" \/><\/p>\n<p align=\"CENTER\"><span style=\"font-size: large;\"><strong>F5\u00a0: <\/strong><\/span><span style=\"color: #c00000;\"><span style=\"font-size: large;\"><em><strong>PLATINI,<\/strong><\/em><\/span><\/span><span style=\"color: #c00000;\"><span style=\"font-size: large;\"><em><strong>\u00ab\u00a0Mon Fils toi aussi\u00a0\u00bb, publi\u00e9 le 27 Septembre 2015.<\/strong><\/em><\/span><\/span><\/p>\n<p align=\"JUSTIFY\">\n<p align=\"JUSTIFY\"><span style=\"font-size: large;\"><strong>Comme si aucun des \u00c9tats de ce Monde n\u2019\u00e9tait concern\u00e9 par tant d\u2019Argent Vol\u00e9.<\/strong><\/span><\/p>\n<p align=\"JUSTIFY\">\n<p align=\"JUSTIFY\"><span style=\"font-size: large;\">Comme si l\u2019Argent Vol\u00e9 devait \u00eatre Jug\u00e9 par le Voleur lui-m\u00eame.<\/span><\/p>\n<p align=\"JUSTIFY\">\n<p align=\"JUSTIFY\"><span style=\"font-size: large;\">Comme si aucune Juridiction d\u2019une Nation ou d\u2019une autre n\u2019avait comp\u00e9tence pour en dire et Juger.<\/span><\/p>\n<p align=\"JUSTIFY\">\n<p align=\"JUSTIFY\"><span style=\"font-size: large;\">Comme si aucun Juge, Judiciaire ou Administratif n\u2019avait une bouche pour \u00ab\u00a0Crier au Scandale\u00a0\u00bb, aucune plume pour revendiquer la Saisine d\u2019une Juridiction autre qu\u2019un Tentacule de la Pieuvre pour Juger cette Affaire.<\/span><\/p>\n<p align=\"JUSTIFY\">\n<p align=\"JUSTIFY\">\n<p align=\"JUSTIFY\"><span style=\"font-family: 'Comic Sans MS', cursive;\"><span style=\"font-size: large;\"><strong>N\u2019est-ce pas \u00e0 croire que malgr\u00e9 tous les bienfaits dont le Sport se voit Cr\u00e9dit\u00e9, les Corps ne sont pas Sains et les Esprits non plus.<\/strong><\/span><\/span><\/p>\n<p align=\"JUSTIFY\">\n<p align=\"CENTER\"><span style=\"font-family: 'Comic Sans MS', cursive;\"><span style=\"font-size: large;\">\u00ab\u00a0<\/span><\/span><span style=\"font-family: Arial, sans-serif;\"><span style=\"font-size: large;\"><em>Mens non sana, Corpore non sano<\/em><\/span><\/span><span style=\"font-family: 'Comic Sans MS', cursive;\"><span style=\"font-size: large;\">\u00a0\u00bb.<\/span><\/span><\/p>\n<p align=\"JUSTIFY\">\n<p align=\"JUSTIFY\"><span style=\"font-family: 'Comic Sans MS', cursive;\"><span style=\"font-size: large;\">Ce qui ne veut pas dire, Po\u00e8te JUV\u00c9NAL, ce qui ne signifie pas, V\u00e9n\u00e9rable COUBERTIN, que nous soyions perdus\u2026 tellement sont insondables <\/span><\/span><span style=\"font-family: Arial, sans-serif;\"><span style=\"font-size: large;\"><em>the Ways of the Lord about Redemptio Mysterium<\/em><\/span><\/span><span style=\"font-family: 'Comic Sans MS', cursive;\"><span style=\"font-size: large;\">.<\/span><\/span><\/p>\n<p align=\"JUSTIFY\">\n<p align=\"CENTER\"><span style=\"font-size: large;\"><strong>*** *** ***<\/strong><\/span><\/p>\n<p align=\"CENTER\"><span style=\"color: #ff0000;\"><span style=\"font-size: large;\"><strong>Nota : <\/strong><\/span><\/span><span style=\"color: #000000;\"><span style=\"font-size: large;\">Nous ne traitons que de Faits et de Noms rendus Publics.<\/span><\/span><\/p>\n<p align=\"JUSTIFY\"><span style=\"font-size: large;\"><strong>N.B.:<\/strong><\/span><span style=\"font-size: large;\"> &#8211; <\/span><span style=\"color: #c00000;\"><span style=\"font-family: 'Comic Sans MS', cursive;\"><span style=\"font-size: large;\">Nous Recommandons instamment et syst\u00e9matiquement l\u2019ouverture de la (ou des) pi\u00e8ce(s) jointe(s) \u00e0 l\u2019e-mail, sous format Pdf, <\/span><\/span><\/span><span style=\"color: #c00000;\"><span style=\"font-family: 'Comic Sans MS', cursive;\"><span style=\"font-size: large;\"><span style=\"text-decoration: underline;\">les illustrations y sont incluses<\/span><\/span><\/span><\/span><span style=\"color: #c00000;\"><span style=\"font-family: 'Comic Sans MS', cursive;\"><span style=\"font-size: large;\">.<\/span><\/span><\/span><\/p>\n<p align=\"CENTER\">\n<p align=\"CENTER\"><span style=\"font-size: large;\"><strong>*** *** ***<\/strong><\/span><\/p>\n<p align=\"CENTER\"><span style=\"color: #ff0000;\"><span><strong>Ne Peut \u00eatre reproduit &#8211; m\u00eame partiellement &#8211; sans l\u2019autorisation de l\u2019Auteur.<\/strong><\/span><\/span><\/p>\n<p align=\"JUSTIFY\"><span style=\"text-decoration: underline;\"><strong>Liens Sugg\u00e9r\u00e9s\u00a0:<\/strong><\/span><\/p>\n<ul>\n<li>\n<p align=\"JUSTIFY\"><span style=\"color: #0000ff;\"><span style=\"text-decoration: underline;\"><a href=\"http:\/\/www.lescrutateur.com\/\">http:\/\/www.lescrutateur.com\/<\/a><\/span><\/span><\/p>\n<\/li>\n<li>\n<p align=\"JUSTIFY\"><span style=\"color: #0000ff;\"><span style=\"text-decoration: underline;\"><a href=\"http:\/\/www.etatsgenerauxdeloutremer.fr\/reflexions\">http:\/\/www.etatsgenerauxdeloutremer.fr\/reflexions<\/a><\/span><\/span><\/p>\n<\/li>\n<\/ul>\n<script type=\"text\/javascript\">\n\nvar addthis_config = {\"data_track_clickback\":false,\"data_track_addressbar\":false,\"data_track_textcopy\":false};\n<\/script><script type=\"text\/javascript\" src=\"\/\/s7.addthis.com\/js\/250\/addthis_widget.js#pubid=a457a6d63fb9e6ccabdde4110343bd85\"><\/script>","protected":false},"excerpt":{"rendered":"<p align=\"CENTER\">\n<p style=\"text-align: center;\">MAIS QU\u2019EST DONC DEVENU, \u00ab\u00a0LE MOT\u00a0\u00bb DE COUBERTIN.<\/p>\n<p align=\"JUSTIFY\">\n<p align=\"JUSTIFY\">\n<p align=\"JUSTIFY\"><span style=\"color: #632423;\"><span style=\"font-family: 'Comic Sans MS', cursive;\"><span style=\"font-size: large;\">\u00c9ric E.G. NOGARD<\/span><\/span><\/span><\/p>\n<p align=\"JUSTIFY\"><span style=\"color: #c00000;\"><span style=\"font-size: large;\">Chroniqueur<\/span><\/span><span style=\"color: #c00000;\"><span style=\"font-size: large;\">.<\/span><\/span><\/p>\n<p>&nbsp;<\/p>\n<p align=\"CENTER\"><span style=\"color: #632423;\"><span style=\"font-size: large;\">*** *** ***<\/span><\/span><\/p>\n<p align=\"CENTER\">\n<p align=\"JUSTIFY\"><span style=\"font-family: 'Comic Sans MS', cursive;\"><span style=\"font-size: large;\">En tout cas les voici, rappel\u00e9s volontiers par \u00ab\u00a0<\/span><\/span><span style=\"font-family: 'Arial Rounded MT Bold', sans-serif;\"><span style=\"font-size: large;\">Le Cri d\u2019Alarme<\/span><\/span><span style=\"font-family: 'Comic Sans MS', cursive;\"><span style=\"font-size: large;\">\u00a0\u00bb, \u00e0 la M\u00e9moire Commune, tellement <\/span><\/span>&hellip;<\/p>\n","protected":false},"author":1,"featured_media":0,"comment_status":"open","ping_status":"open","sticky":false,"template":"","format":"standard","meta":{"footnotes":""},"categories":[1],"tags":[],"class_list":["post-12077","post","type-post","status-publish","format-standard","hentry","category-accueil"],"_links":{"self":[{"href":"http:\/\/www.lecarrefourdesopinions.ca\/index.php?rest_route=\/wp\/v2\/posts\/12077","targetHints":{"allow":["GET"]}}],"collection":[{"href":"http:\/\/www.lecarrefourdesopinions.ca\/index.php?rest_route=\/wp\/v2\/posts"}],"about":[{"href":"http:\/\/www.lecarrefourdesopinions.ca\/index.php?rest_route=\/wp\/v2\/types\/post"}],"author":[{"embeddable":true,"href":"http:\/\/www.lecarrefourdesopinions.ca\/index.php?rest_route=\/wp\/v2\/users\/1"}],"replies":[{"embeddable":true,"href":"http:\/\/www.lecarrefourdesopinions.ca\/index.php?rest_route=%2Fwp%2Fv2%2Fcomments&post=12077"}],"version-history":[{"count":1,"href":"http:\/\/www.lecarrefourdesopinions.ca\/index.php?rest_route=\/wp\/v2\/posts\/12077\/revisions"}],"predecessor-version":[{"id":12083,"href":"http:\/\/www.lecarrefourdesopinions.ca\/index.php?rest_route=\/wp\/v2\/posts\/12077\/revisions\/12083"}],"wp:attachment":[{"href":"http:\/\/www.lecarrefourdesopinions.ca\/index.php?rest_route=%2Fwp%2Fv2%2Fmedia&parent=12077"}],"wp:term":[{"taxonomy":"category","embeddable":true,"href":"http:\/\/www.lecarrefourdesopinions.ca\/index.php?rest_route=%2Fwp%2Fv2%2Fcategories&post=12077"},{"taxonomy":"post_tag","embeddable":true,"href":"http:\/\/www.lecarrefourdesopinions.ca\/index.php?rest_route=%2Fwp%2Fv2%2Ftags&post=12077"}],"curies":[{"name":"wp","href":"https:\/\/api.w.org\/{rel}","templated":true}]}}