{"id":12068,"date":"2016-03-02T10:56:40","date_gmt":"2016-03-02T15:56:40","guid":{"rendered":"http:\/\/www.lecarrefourdesopinions.ca\/?p=12068"},"modified":"2016-03-02T10:56:40","modified_gmt":"2016-03-02T15:56:40","slug":"becancour-capitale-des-ges","status":"publish","type":"post","link":"http:\/\/www.lecarrefourdesopinions.ca\/?p=12068","title":{"rendered":"B\u00e9cancour, capitale des GES"},"content":{"rendered":"<p style=\"text-align: center;\"><span><strong>B\u00e9cancour, capitale des GES<\/strong><\/span><\/p>\n<p lang=\"fr-FR\"><span style=\"color: #800000;\"><em>\u00a0par\u00a0Marc Brullemans, biophysicienar<\/em><\/span><\/p>\n<p><span>Il y a trois ans, dans un texte intitul\u00e9 B\u00e9cancour, IFFCO et le XXI<\/span><sup><span>e<\/span><\/sup><span> si\u00e8cle\u00a0[1], je concluais\u00a0: \u00ab\u00a0<\/span><span><em>\u00c0\u00a0B\u00e9cancour, on ne craint pas l\u2019effondrement; on le recherche et on y donne droit<\/em><\/span><span>\u00bb. Je ne pensais pas alors dire si vrai. Cette semaine, suite \u00e0 un reportage t\u00e9l\u00e9vis\u00e9\u00a0[2] sur un possible arr\u00eat du projet de liqu\u00e9faction de gaz de la compagnie Stolt, nous entendions le maire Dubois\u00a0[3] regretter que le projet prenne une autre orientation alors qu\u2019il ne restait qu\u2019\u00e0 \u00ab\u00a0<\/span><span><em>amener la p\u00e9pine<\/em><\/span><span>\u00a0\u00bb\u00a0[4]. Maurice Richard, directeur du parc industriel de B\u00e9cancour, affirmait le m\u00eame jour que \u00ab<\/span><span><em>\u00e7a n&rsquo;enl\u00e8ve d&rsquo;aucune fa\u00e7on la qualit\u00e9 de leur offre et de leur projet<\/em><\/span><span>\u00bb, faisant r\u00e9f\u00e9rence toujours \u00e0 la compagnie norv\u00e9gienne.<\/span><\/p>\n<p>&nbsp;<\/p>\n<p><span>Le dossier s\u2019est ensuite d\u00e9plac\u00e9 au sein de la d\u00e9putation. Donald Martel, d\u00e9put\u00e9 de Nicolet-B\u00e9cancour, y est all\u00e9 d\u2019un \u00ab\u00a0<\/span><span><em>Investissement Qu\u00e9bec doit \u00eatre plus agressif dans ce dossier-l\u00e0<\/em><\/span><span>\u00bb\u00a0[5], indiquant m\u00eame qu\u2019il ne fallait pas se g\u00eaner pour piger dans le Fonds de diversification de 200 M$. De la part de ce f\u00e9ru du gaz naturel, il ne fallait pas s\u2019\u00e9tonner d\u2019une telle r\u00e9action. L\u2019ancienne caquiste, maintenant ministre de l\u2019\u00c9conomie, madame Anglade, concluait quant \u00e0 elle de cette fa\u00e7on\u00a0: \u00ab<\/span><span><em>Ce qu&rsquo;il est important de reconna\u00eetre, c&rsquo;est que nous voulons avoir des projets structurants pour l&rsquo;avenir du Qu\u00e9bec. Stolt en est un tr\u00e8s, tr\u00e8s bon exemple. (\u2026) On va mettre tous les efforts et les \u00e9nergies pour faire arriver le projet.<\/em><\/span><span>\u00bb\u00a0[5]<\/span><\/p>\n<p>&nbsp;<\/p>\n<p><span>Mais pourquoi donc tous ces d\u00e9cideurs semblent-ils soutenir ce projet, \u00ab\u00a0structurant\u00a0\u00bb, qui favorise l\u2019exploitation de gaz de schiste et le r\u00e9chauffement plan\u00e9taire? Sont-ils persuad\u00e9s que la reconduction de leur mandat est directement reli\u00e9e au nombre de \u00ab\u00a0p\u00e9pines\u00a0\u00bb et d\u2019op\u00e9rateurs de \u00ab\u00a0p\u00e9pines\u00a0\u00bb? Et ce, en d\u00e9pit des cons\u00e9quences \u00e0 long terme que cela provoquera?&#8230; Serait-ce plut\u00f4t qu\u2019ils ont eu vent de la r\u00e9cente \u00e9tude indiquant qu\u2019\u00e0 peine 50 % des adultes de la circonscription de B\u00e9cancour-Nicolet-Saurel croient que les changements climatiques sont surtout attribuables \u00e0 l\u2019activit\u00e9 humaine?\u00a0[6]<\/span><\/p>\n<p>&nbsp;<\/p>\n<p><span>Allons plut\u00f4t sur le fond. Dans le Rapport d\u2019analyse final du minist\u00e8re de l\u2019Environnement\u00a0[7], il est indiqu\u00e9 que le remplacement de l\u2019huile lourde par le gaz naturel r\u00e9duirait de 30% les \u00e9missions de GES et permettrait ainsi l\u2019atteinte de la cible de r\u00e9duction de 20% pour 2020 du Qu\u00e9bec. Excellente id\u00e9e, mais on y lit, page 20, que \u00ab\u00a0 <\/span><span><em>la pr\u00e9sente analyse est bas\u00e9e uniquement sur les GES qui seront g\u00e9n\u00e9r\u00e9s directement par le projet et ne repose pas sur une approche du cycle de vie<\/em><\/span><span>\u00a0\u00bb! <\/span><\/p>\n<p>&nbsp;<\/p>\n<p><span>On \u00aboublie\u00a0\u00bb donc de prendre en compte les \u00e9missions de GES se produisant avant la combustion du gaz naturel, lesquelles d\u00e9pendent pour beaucoup des \u00e9missions fugitives. Or, quelle est la proportion de m\u00e9thane perdu dans l\u2019ensemble du processus, de l\u2019extraction du gaz au transport du gaz liqu\u00e9fi\u00e9? Cette donn\u00e9e est essentielle mais ni Gaz\u00a0M\u00e9tro, ni Stolt, ni le gouvernement ne cherchent ici \u00e0 nous instruire&#8230; Ne prenant en compte que la diff\u00e9rence entre les \u00e9missions du mazout et celles du gaz, ils en oublient m\u00eame les \u00e9missions totales de combustion!<\/span><\/p>\n<p>&nbsp;<\/p>\n<p><span>Et comment s\u2019assurer que les \u00e9missions de GES au Qu\u00e9bec vont r\u00e9gresser? Avons-nous au minist\u00e8re de l\u2019Environnement une \u00ab\u00a0police\u00a0\u00bb climatique grimpant dans les chemin\u00e9es et reniflant les tuy\u00e8res?&#8230; \u00ab\u00a0<\/span><span><em>La bonne \u00e9nergie \u00e0 la bonne place<\/em><\/span><span>\u00a0\u00bb, invoquait-on aux audiences du BAPE, comme si ces derni\u00e8res \u00e9taient commandit\u00e9es par Gaz\u00a0M\u00e9tro. \u00ab\u00a0<\/span><span><em>Et au bon prix<\/em><\/span><span>\u00a0\u00bb, ajouterais-je, reprenant les propos de Richard Brosseau, ancien attach\u00e9 politique de Jean Charest, qui d\u00e9clarait au BAPE le 10 f\u00e9vrier 2015\u00a0 [8]<\/span><span>que la d\u00e9cision d\u2019investissement de Stolt reposait sur un baril \u00e0 163$ et un cours du gaz en hausse. Bonjour les pr\u00e9visions!<\/span><\/p>\n<p>&nbsp;<\/p>\n<p><span>Dans le d\u00e9cret minist\u00e9riel autorisant la construction de l\u2019usine [9], aucune condition n\u2019est impos\u00e9e \u00e0 Stolt, si ce n\u2019est de respecter le plan de match et de proc\u00e9der avant 2026. Ce gouvernement fait preuve de vision pour ce qui se voit, comme des \u00ab\u00a0p\u00e9pines\u00a0\u00bb; pour l\u2019invisible et les g\u00e9n\u00e9rations futures, on repassera. Or, si l\u2019on ne prend pas imm\u00e9diatement la d\u00e9cision d\u2019arr\u00eater tous ces projets et de r\u00e9duire notre consommation de gaz et autres carburants, nous serons, par millions, les pieds dans l\u2019eau et un jour viendra\u00a0o\u00f9 il sera fatal de sortir dehors tant il fera chaud et humide [10]. <\/span><\/p>\n<p style=\"text-align: center;\">\u00a0******<\/p>\n<p><span><span style=\"text-decoration: underline;\">Mots-cl\u00e9s<\/span><\/span><span>\u00a0: Stolt \u2013 Liqu\u00e9faction de gaz naturel \u2013 \u00c9missions de GES \u2013 Cycle de vie \u2013 Qu\u00e9bec \u2013 Politique \u00e9nerg\u00e9tique \u2013 Gaz de schiste \u2013 B\u00e9cancour<\/span><\/p>\n<p><span style=\"font-size: large;\"><span style=\"text-decoration: underline;\">R\u00e9f\u00e9rences<\/span><\/span><\/p>\n<p><span>[1] 12 octobre 2012. Le Nouvelliste. <\/span><span style=\"color: #0563c1;\"><span style=\"text-decoration: underline;\"><a href=\"http:\/\/www.lapresse.ca\/le-nouvelliste\/opinions\/201210\/12\/01-4582698-becancour-iffco-et-le-xixe-siecle.php%20\"><span>http:\/\/www.lapresse.ca\/le-nouvelliste\/opinions\/201210\/12\/01-4582698-becancour-iffco-et-le-xixe-siecle.php<\/span><\/a><\/span><\/span><\/p>\n<p><span>[2] 22 f\u00e9vrier 2016. TVA Nouvelles. <\/span><span style=\"color: #0563c1;\"><span style=\"text-decoration: underline;\"><a href=\"http:\/\/www.tvanouvelles.ca\/2016\/02\/22\/becancour-lusine-de-liquefaction-de-gaz-naturel-est-abandonnee\"><span>http:\/\/www.tvanouvelles.ca\/2016\/02\/22\/becancour-lusine-de-liquefaction-de-gaz-naturel-est-abandonnee<\/span><\/a><\/span><\/span><\/p>\n<p><span>[3] 23 f\u00e9vrier 2016. COGECO-Mauricie. 106,9 MF. <\/span><span style=\"color: #0563c1;\"><span style=\"text-decoration: underline;\"><a href=\"http:\/\/www.fm1069.ca\/regional\/nouvelles\/dubois-croit-encore-au-projet-de-stolt-ln-gaz-762451.html\"><span>http:\/\/www.fm1069.ca\/regional\/nouvelles\/dubois-croit-encore-au-projet-de-stolt-ln-gaz-762451.html<\/span><\/a><\/span><\/span><\/p>\n<p><span>[4] 23 f\u00e9vrier 2016. Le Courrier Sud. <\/span><span style=\"color: #0563c1;\"><span style=\"text-decoration: underline;\"><a href=\"http:\/\/www.lecourriersud.com\/Actualites\/Economie\/2016-02-23\/article-4445025\/La-decision-de-Stolt-LNGaz-reportee\/1\"><span>http:\/\/www.lecourriersud.com\/Actualites\/Economie\/2016-02-23\/article-4445025\/La-decision-de-Stolt-LNGaz-reportee\/1<\/span><\/a><\/span><\/span><\/p>\n<p><span>[5] 24 f\u00e9vrier 2016. Le Nouvelliste. <\/span><span style=\"color: #0563c1;\"><span style=\"text-decoration: underline;\"><a href=\"http:\/\/www.lapresse.ca\/le-nouvelliste\/affaires\/201602\/24\/01-4954092-stolt-lngaz-la-ministre-anglade-se-fait-rassurante.php\"><span>http:\/\/www.lapresse.ca\/le-nouvelliste\/affaires\/201602\/24\/01-4954092-stolt-lngaz-la-ministre-anglade-se-fait-rassurante.php<\/span><\/a><\/span><\/span><\/p>\n<p><span>[6] 22 f\u00e9vrier 2016. Universit\u00e9 de Montr\u00e9al. <\/span><span style=\"color: #0563c1;\"><span style=\"text-decoration: underline;\"><a href=\"http:\/\/www.nouvelles.umontreal.ca\/recherche\/sciences-humaines-lettres\/20160222-a-quel-point-les-canadiens-croient-ils-aux-changements-climatiques.html\"><span>http:\/\/www.nouvelles.umontreal.ca\/recherche\/sciences-humaines-lettres\/20160222-a-quel-point-les-canadiens-croient-ils-aux-changements-climatiques.html<\/span><\/a><\/span><\/span><\/p>\n<p><span>[7] 6 ao\u00fbt 2015. MDDELCC. <\/span><span><em>Rapport d\u2019analyse environnementale pour le projet de construction d\u2019une installation de liqu\u00e9faction de gaz naturel sur le territoire de la ville de B\u00e9cancour par Stolt LNGaz Inc<\/em><\/span><span>. <\/span><span style=\"color: #0563c1;\"><span style=\"text-decoration: underline;\"><a href=\"http:\/\/www.mddelcc.gouv.qc.ca\/evaluations\/decret\/2015\/RAE_719-2015_3211-10-018.pdf\"><span>http:\/\/www.mddelcc.gouv.qc.ca\/evaluations\/decret\/2015\/RAE_719-2015_3211-10-018.pdf<\/span><\/a><\/span><\/span><\/p>\n<p><span>[8] 10 f\u00e9vrier 2015. BAPE. Mandat 315. Document DT2, pp. 43-44. <\/span><span style=\"color: #0563c1;\"><span style=\"text-decoration: underline;\"><a href=\"http:\/\/www.bape.gouv.qc.ca\/sections\/mandats\/installation_gaz_naturel-becancour\/documents\/DT2.pdf%20\"><span>http:\/\/www.bape.gouv.qc.ca\/sections\/mandats\/installation_gaz_naturel-becancour\/documents\/DT2.pdf<\/span><\/a><\/span><\/span><\/p>\n<p><span>[9] 19 ao\u00fbt 2015. Gazette Officielle. D\u00e9cret 719-2015. <\/span><span style=\"color: #0563c1;\"><span style=\"text-decoration: underline;\"><a href=\"http:\/\/www.mddelcc.gouv.qc.ca\/evaluations\/decret\/2015\/719-2015.pdf\"><span>http:\/\/www.mddelcc.gouv.qc.ca\/evaluations\/decret\/2015\/719-2015.pdf<\/span><\/a><\/span><\/span><\/p>\n<p><span>[10] 25 mai 2010. Sherwood et Huber. Proc.Natl.Acad.Sci (USA). <\/span><span style=\"color: #0563c1;\"><span style=\"text-decoration: underline;\"><a href=\"http:\/\/www.pnas.org\/content\/107\/21\/9552.full\"><span>http:\/\/www.pnas.org\/content\/107\/21\/9552.full<\/span><\/a><\/span><\/span><span> ; 26 octobre 2015. Pal et Eltahir. Nature. <\/span><span style=\"color: #0563c1;\"><span style=\"text-decoration: underline;\"><a href=\"http:\/\/www.nature.com\/nclimate\/journal\/v6\/n2\/full\/nclimate2833.html\"><span>http:\/\/www.nature.com\/nclimate\/journal\/v6\/n2\/full\/nclimate2833.html<\/span><\/a><\/span><\/span><\/p>\n<script type=\"text\/javascript\">\n\nvar addthis_config = {\"data_track_clickback\":false,\"data_track_addressbar\":false,\"data_track_textcopy\":false};\n<\/script><script type=\"text\/javascript\" src=\"\/\/s7.addthis.com\/js\/250\/addthis_widget.js#pubid=a457a6d63fb9e6ccabdde4110343bd85\"><\/script>","protected":false},"excerpt":{"rendered":"<p style=\"text-align: center;\"><span>B\u00e9cancour, capitale des GES<\/span><\/p>\n<p lang=\"fr-FR\"><span style=\"color: #800000;\">\u00a0par\u00a0Marc Brullemans, biophysicienar<\/span><\/p>\n<p><span>Il y a trois ans, dans un texte intitul\u00e9 B\u00e9cancour, IFFCO et le XXI<\/span><sup><span>e<\/span><\/sup><span> si\u00e8cle\u00a0[1], je concluais\u00a0: \u00ab\u00a0<\/span><span>\u00c0\u00a0B\u00e9cancour, on ne craint pas l\u2019effondrement; on <\/span>&hellip;<\/p>\n","protected":false},"author":1,"featured_media":0,"comment_status":"open","ping_status":"open","sticky":false,"template":"","format":"standard","meta":{"footnotes":""},"categories":[1],"tags":[],"class_list":["post-12068","post","type-post","status-publish","format-standard","hentry","category-accueil"],"_links":{"self":[{"href":"http:\/\/www.lecarrefourdesopinions.ca\/index.php?rest_route=\/wp\/v2\/posts\/12068","targetHints":{"allow":["GET"]}}],"collection":[{"href":"http:\/\/www.lecarrefourdesopinions.ca\/index.php?rest_route=\/wp\/v2\/posts"}],"about":[{"href":"http:\/\/www.lecarrefourdesopinions.ca\/index.php?rest_route=\/wp\/v2\/types\/post"}],"author":[{"embeddable":true,"href":"http:\/\/www.lecarrefourdesopinions.ca\/index.php?rest_route=\/wp\/v2\/users\/1"}],"replies":[{"embeddable":true,"href":"http:\/\/www.lecarrefourdesopinions.ca\/index.php?rest_route=%2Fwp%2Fv2%2Fcomments&post=12068"}],"version-history":[{"count":1,"href":"http:\/\/www.lecarrefourdesopinions.ca\/index.php?rest_route=\/wp\/v2\/posts\/12068\/revisions"}],"predecessor-version":[{"id":12069,"href":"http:\/\/www.lecarrefourdesopinions.ca\/index.php?rest_route=\/wp\/v2\/posts\/12068\/revisions\/12069"}],"wp:attachment":[{"href":"http:\/\/www.lecarrefourdesopinions.ca\/index.php?rest_route=%2Fwp%2Fv2%2Fmedia&parent=12068"}],"wp:term":[{"taxonomy":"category","embeddable":true,"href":"http:\/\/www.lecarrefourdesopinions.ca\/index.php?rest_route=%2Fwp%2Fv2%2Fcategories&post=12068"},{"taxonomy":"post_tag","embeddable":true,"href":"http:\/\/www.lecarrefourdesopinions.ca\/index.php?rest_route=%2Fwp%2Fv2%2Ftags&post=12068"}],"curies":[{"name":"wp","href":"https:\/\/api.w.org\/{rel}","templated":true}]}}