{"id":12049,"date":"2016-02-20T16:20:48","date_gmt":"2016-02-20T21:20:48","guid":{"rendered":"http:\/\/www.lecarrefourdesopinions.ca\/?p=12049"},"modified":"2016-02-20T16:20:48","modified_gmt":"2016-02-20T21:20:48","slug":"pupille-de-la-nation-il-devrait-letre-de-droit","status":"publish","type":"post","link":"http:\/\/www.lecarrefourdesopinions.ca\/?p=12049","title":{"rendered":"PUPILLE de la Nation, il devrait l\u2019\u00eatre de Droit."},"content":{"rendered":"<p align=\"CENTER\">\n<p style=\"text-align: center;\"><span style=\"color: #632423;\"><span style=\"font-family: Arial, sans-serif;\"><span style=\"font-size: large;\"><em><strong>PUPILLE de la Nation, il devrait l\u2019\u00eatre de Droit.<\/strong><\/em><\/span><\/span><\/span><\/p>\n<p align=\"JUSTIFY\">\n<p align=\"JUSTIFY\">\n<p align=\"JUSTIFY\"><span style=\"color: #632423;\"><span style=\"font-family: Arial, sans-serif;\"><span style=\"font-size: large;\">Imagine-t-on la Vuln\u00e9rabilit\u00e9 qui est la sienne, surtout quand il se sent pris en \u00e9tau entre la Charge des Connaissances, des Comp\u00e9tences et des Dipl\u00f4mes Universitaires qu\u2019il a accumul\u00e9s, et la Hantise, ou de trouver un Emploi, ou de le perdre, eu \u00e9gard au Redoutable Handicap qui le fait Disjoncter sans le moindre Pr\u00e9avis\u2026 imagine-t-on son Drame.<\/span><\/span><\/span><\/p>\n<p align=\"JUSTIFY\">\n<p align=\"JUSTIFY\"><span style=\"color: #632423;\"><span style=\"font-family: Arial, sans-serif;\"><span style=\"font-size: large;\">Leur Drame en un Monde o\u00f9 vous \u00eates \u00ab\u00a0une Honte pour la Famille\u00a0\u00bb, voire pour la Soci\u00e9t\u00e9 qui d\u2019ailleurs vous exclut, au lieu qu\u2019on prenne pour un Malheur le Fl\u00e9au qui vous frappe.<\/span><\/span><\/span><\/p>\n<p align=\"JUSTIFY\">\n<p align=\"JUSTIFY\"><span style=\"color: #632423;\"><span style=\"font-family: Arial, sans-serif;\"><span style=\"font-size: large;\">Un Drame aussi poignant quelle qu\u2019en soit la Raison\u00a0: <\/span><\/span><\/span><span style=\"color: #632423;\"><span style=\"font-family: 'Comic Sans MS', cursive;\"><span style=\"font-size: large;\"><em>Love Affair<\/em><\/span><\/span><\/span><span style=\"color: #632423;\"><span style=\"font-family: Arial, sans-serif;\"><span style=\"font-size: large;\">, Emploi, ou quelqu\u2019autre Coup bas du Destin, pour ne pas dire de son Prochain.<\/span><\/span><\/span><\/p>\n<p align=\"JUSTIFY\">\n<p align=\"JUSTIFY\"><span style=\"color: #632423;\"><span style=\"font-family: Arial, sans-serif;\"><span style=\"font-size: large;\">Sommes-nous \u00e0 la Hauteur du Probl\u00e8me que nous pose la Maladie Mentale\u2026 ne rel\u00e8ve-t-elle pas de la Tutelle de l\u2019\u00c9tat.<\/span><\/span><\/span><\/p>\n<p align=\"JUSTIFY\">\u00a0<img loading=\"lazy\" decoding=\"async\" class=\"alignnone size-thumbnail wp-image-11439\" title=\"Eric\" src=\"http:\/\/www.lecarrefourdesopinions.ca\/wp-content\/uploads\/2015\/04\/Eric-134x107.jpg\" alt=\"\" width=\"134\" height=\"107\" \/><\/p>\n<p align=\"JUSTIFY\"><span style=\"color: #632423;\"><span style=\"font-family: 'Comic Sans MS', cursive;\"><span style=\"font-size: large;\">\u00c9ric E.G. NOGARD<\/span><\/span><\/span><\/p>\n<p align=\"JUSTIFY\"><span style=\"color: #c00000;\"><span style=\"font-size: large;\"><em>Chroniqueur<\/em><\/span><\/span><span style=\"color: #c00000;\"><span style=\"font-size: large;\">.<\/span><\/span><\/p>\n<p>&nbsp;<\/p>\n<p align=\"CENTER\">\n<p align=\"CENTER\"><span style=\"font-size: large;\">*** *** ***<\/span><\/p>\n<p align=\"JUSTIFY\">\n<p align=\"JUSTIFY\"><span style=\"font-family: 'Comic Sans MS', cursive;\"><span style=\"font-size: large;\">Nous qui savons si bien parler de la protection \u00e0 apporter au plus faible, donc au plus vuln\u00e9rable, surtout en ce monde devenu sans piti\u00e9.<\/span><\/span><\/p>\n<p align=\"JUSTIFY\">\n<p align=\"JUSTIFY\"><span style=\"font-family: 'Comic Sans MS', cursive;\"><span style=\"font-size: large;\">Qui serait selon nous le plus faible, donc le plus vuln\u00e9rable d\u2019entre nous, avons-nous jamais song\u00e9 \u00e0 nous en poser la question.<\/span><\/span><\/p>\n<p align=\"JUSTIFY\">\n<p align=\"JUSTIFY\"><span style=\"font-family: 'Comic Sans MS', cursive;\"><span style=\"font-size: large;\">Qui devrait selon nous en assumer la protection, les soins, autrement dit, le Tutorat, dans la mesure o\u00f9 le plus faible, o\u00f9 le plus vuln\u00e9rable, devrait avoir davantage que nul autre, voire par d\u00e9finition, Droit \u00e0 la Qualit\u00e9 de Pupille du Tuteur le plus Fiable.<\/span><\/span><\/p>\n<p align=\"JUSTIFY\">\n<p align=\"JUSTIFY\"><span style=\"font-family: 'Comic Sans MS', cursive;\"><span style=\"font-size: large;\">Le Pupille \u00e9tant, par d\u00e9finition, le sujet assez faible et assez vuln\u00e9rable pour que de Droit il soit mis sous Tutelle comme le veut la Loi.<\/span><\/span><\/p>\n<p align=\"JUSTIFY\">\n<p align=\"JUSTIFY\">\n<p align=\"JUSTIFY\"><span style=\"font-size: large;\"><strong>Que cette Loi soit Divine, n\u2019est-il pas dit dans l\u2019\u00c9criture\u00a0:<\/strong><\/span><\/p>\n<p align=\"JUSTIFY\">\n<p align=\"CENTER\"><span style=\"font-size: large;\">\u00ab\u00a0<\/span><span style=\"font-family: 'Arial Rounded MT Bold', sans-serif;\"><span style=\"font-size: large;\"><em>Ce que tu fais pour le faible\u2026 tu le fais pour moi<\/em><\/span><\/span><span style=\"font-size: large;\">\u00a0\u00bb.<\/span><\/p>\n<p align=\"JUSTIFY\">\n<p align=\"JUSTIFY\"><span style=\"font-size: large;\">Que cette Loi soit de soi, donc inh\u00e9rente \u00e0 ce Code Intime qu\u2019il est convenu de d\u00e9signer sous l\u2019appellation de Libre Arbitre.<\/span><\/p>\n<p align=\"JUSTIFY\">\n<p align=\"JUSTIFY\"><span style=\"font-size: large;\">Que cette Loi soit Administrativo-Judiciaire, voire Constitutionnelle comme sur le Fondement des Droits de l\u2019Homme et du Citoyen.<\/span><\/p>\n<p align=\"JUSTIFY\">\n<p align=\"JUSTIFY\">\n<p align=\"JUSTIFY\"><span style=\"font-size: large;\"><strong>Qui serait ce plus faible.<\/strong><\/span><\/p>\n<p align=\"JUSTIFY\">\n<ul>\n<li>\n<p align=\"JUSTIFY\"><span style=\"font-size: large;\"><em><strong>Le nouveau-n\u00e9<\/strong><\/em><\/span><span style=\"font-size: large;\">, direz-vous.<\/span><\/p>\n<\/li>\n<\/ul>\n<p align=\"JUSTIFY\">\n<p align=\"JUSTIFY\">\n<p align=\"CENTER\"><img loading=\"lazy\" decoding=\"async\" class=\"alignnone size-medium wp-image-12050\" title=\"F1 Faible, Vuln\u00e9rable\u2026 Fort du Sein de sa M\u00e8re qui l\u2019aime\" src=\"http:\/\/www.lecarrefourdesopinions.ca\/wp-content\/uploads\/2016\/02\/F1-Faible-Vuln\u00e9rable\u2026-Fort-du-Sein-de-sa-M\u00e8re-qui-l\u2019aime-300x225.jpg\" alt=\"\" width=\"300\" height=\"225\" srcset=\"http:\/\/www.lecarrefourdesopinions.ca\/wp-content\/uploads\/2016\/02\/F1-Faible-Vuln\u00e9rable\u2026-Fort-du-Sein-de-sa-M\u00e8re-qui-l\u2019aime-300x225.jpg 300w, http:\/\/www.lecarrefourdesopinions.ca\/wp-content\/uploads\/2016\/02\/F1-Faible-Vuln\u00e9rable\u2026-Fort-du-Sein-de-sa-M\u00e8re-qui-l\u2019aime-1024x768.jpg 1024w, http:\/\/www.lecarrefourdesopinions.ca\/wp-content\/uploads\/2016\/02\/F1-Faible-Vuln\u00e9rable\u2026-Fort-du-Sein-de-sa-M\u00e8re-qui-l\u2019aime-400x300.jpg 400w, http:\/\/www.lecarrefourdesopinions.ca\/wp-content\/uploads\/2016\/02\/F1-Faible-Vuln\u00e9rable\u2026-Fort-du-Sein-de-sa-M\u00e8re-qui-l\u2019aime.jpg 1280w\" sizes=\"auto, (max-width: 300px) 100vw, 300px\" \/><\/p>\n<p align=\"CENTER\">\n<p align=\"CENTER\"><span style=\"font-size: large;\"><strong>F1\u00a0: <\/strong><\/span><span style=\"color: #c00000;\"><span style=\"font-size: large;\"><em><strong>Faible, Vuln\u00e9rable\u2026 Fort du Sein de sa M\u00e8re qui l\u2019aime.<\/strong><\/em><\/span><\/span><\/p>\n<p align=\"JUSTIFY\">\n<p align=\"JUSTIFY\">\n<ul>\n<li>\n<p align=\"JUSTIFY\"><span style=\"font-size: large;\">Sauf qu\u2019en principe, il jouit au moins de la protection de sa m\u00e8re, ce qui nous conduit \u00e0 lui pr\u00e9f\u00e9rer <\/span><span style=\"font-family: Calibri, sans-serif;\"><span style=\"font-size: large;\"><em>l\u2019Adulte Afflig\u00e9 du Handicap Mental<\/em><\/span><\/span><span style=\"font-size: large;\">.<\/span><\/p>\n<\/li>\n<\/ul>\n<p align=\"JUSTIFY\">\n<p align=\"JUSTIFY\"><span style=\"font-family: Calibri, sans-serif;\"><span style=\"font-size: large;\"><em>Vu son \u00e9tat, que peut-il pour lui-m\u00eame, quand la Loi Interdit toute intervention, en ce qui le concerne, qui ne soit subordonn\u00e9e \u00e0 sa Libre D\u00e9cision, \u00e0 son consentement\u2026 ce qui implique un Discernement dont il se trouve priv\u00e9 du fait de son \u00e9tat<\/em><\/span><\/span><span style=\"font-size: large;\">.<\/span><\/p>\n<p align=\"JUSTIFY\">\n<p align=\"JUSTIFY\">\n<p align=\"JUSTIFY\"><span style=\"font-size: large;\"><strong>Qui devrait en Assumer la Tutelle, le Tutorat.<\/strong><\/span><\/p>\n<p align=\"JUSTIFY\">\n<ul>\n<li>\n<p align=\"JUSTIFY\"><span style=\"font-size: large;\"><em><strong>Ses p\u00e8re et m\u00e8re<\/strong><\/em><\/span><span style=\"font-size: large;\">, r\u00e9pondrez-vous.<\/span><\/p>\n<\/li>\n<\/ul>\n<p align=\"JUSTIFY\">\n<ul>\n<li>\n<p align=\"JUSTIFY\"><span style=\"font-size: large;\">SOUS R\u00c9SERVE que vous parliez en Connaissance de Cause, cependant que, selon nous, dans la mesure o\u00f9 la vocation de chacun est de servir son Pays en priorit\u00e9 absolue, surtout par temps d\u2019urgence, ne va-t-il pas de soi que l\u2019Adulte Handicap\u00e9 Mental soit plac\u00e9 par la Loi <\/span><span style=\"font-family: Arial, sans-serif;\"><span style=\"font-size: large;\"><em>under the shelter of the Nation<\/em><\/span><\/span><span style=\"font-size: large;\">\u2026<\/span><\/p>\n<\/li>\n<\/ul>\n<p align=\"JUSTIFY\">\n<p align=\"JUSTIFY\">\n<p align=\"CENTER\"><img loading=\"lazy\" decoding=\"async\" class=\"alignnone size-full wp-image-12051\" title=\"F2 selon nous  ce devrait \u00eatre la Tutelle de l Etat\" src=\"http:\/\/www.lecarrefourdesopinions.ca\/wp-content\/uploads\/2016\/02\/F2-selon-nous-ce-devrait-\u00eatre-la-Tutelle-de-l-Etat.jpg\" alt=\"\" width=\"233\" height=\"224\" \/><\/p>\n<p align=\"CENTER\">\n<p align=\"CENTER\"><span style=\"font-size: large;\"><strong>F2\u00a0: <\/strong><\/span><span style=\"color: #c00000;\"><span style=\"font-size: large;\"><em><strong>\u2026 selon nous, ce devrait \u00eatre la Tutelle de l\u2019\u00c9tat.<\/strong><\/em><\/span><\/span><\/p>\n<p align=\"JUSTIFY\">\n<p align=\"JUSTIFY\">\n<p align=\"JUSTIFY\"><span style=\"font-size: large;\"><strong>Et, croyons-nous devoir pr\u00e9ciser, tellement de nos jours on semble se complaire \u00e0 galvauder le sens des mots<\/strong><\/span><span style=\"font-size: large;\">\u00a0:<\/span><\/p>\n<p align=\"JUSTIFY\">\n<p align=\"JUSTIFY\"><span style=\"font-family: Calibri, sans-serif;\"><span style=\"font-size: large;\"><em><strong>Nous entendons par Tutelle de l\u2019\u00c9tat<\/strong><\/em><\/span><\/span><span style=\"font-family: Calibri, sans-serif;\"><span style=\"font-size: large;\"><em>, un Tutorat effectif dans la Vigilance de nos Dirigeants comme de tout un chacun, dans le suivi, la protection et le soutien de tout Pupille de la Nation pour Cause de Handicap Mental<\/em><\/span><\/span><span style=\"font-size: large;\">.<\/span><\/p>\n<p align=\"JUSTIFY\">\n<p align=\"JUSTIFY\"><span style=\"font-size: large;\">D\u2019ailleurs, bien des Populations Indig\u00e8nes nous en ont donn\u00e9 et nous en donnent l\u2019exemple dans ce domaine, surtout chez les Am\u00e9rindiens.<\/span><\/p>\n<p align=\"JUSTIFY\">\n<p align=\"JUSTIFY\">\n<p align=\"CENTER\"><img loading=\"lazy\" decoding=\"async\" class=\"alignnone size-medium wp-image-12052\" title=\"F3 Am\u00e9rindiens prenant les fous pour Prot\u00e9g\u00e9s de Dieu\" src=\"http:\/\/www.lecarrefourdesopinions.ca\/wp-content\/uploads\/2016\/02\/F3-Am\u00e9rindiens-prenant-les-fous-pour-Prot\u00e9g\u00e9s-de-Dieu-300x290.jpg\" alt=\"\" width=\"300\" height=\"290\" srcset=\"http:\/\/www.lecarrefourdesopinions.ca\/wp-content\/uploads\/2016\/02\/F3-Am\u00e9rindiens-prenant-les-fous-pour-Prot\u00e9g\u00e9s-de-Dieu-300x290.jpg 300w, http:\/\/www.lecarrefourdesopinions.ca\/wp-content\/uploads\/2016\/02\/F3-Am\u00e9rindiens-prenant-les-fous-pour-Prot\u00e9g\u00e9s-de-Dieu-400x387.jpg 400w, http:\/\/www.lecarrefourdesopinions.ca\/wp-content\/uploads\/2016\/02\/F3-Am\u00e9rindiens-prenant-les-fous-pour-Prot\u00e9g\u00e9s-de-Dieu.jpg 500w\" sizes=\"auto, (max-width: 300px) 100vw, 300px\" \/><\/p>\n<p align=\"JUSTIFY\">\n<p align=\"CENTER\"><span style=\"font-size: large;\"><strong>F3\u00a0:<\/strong><\/span><span style=\"color: #c00000;\"><span style=\"font-size: large;\"><em><strong>Am\u00e9rindiens prenant les fous pour Prot\u00e9g\u00e9s de Dieu.<\/strong><\/em><\/span><\/span><\/p>\n<p align=\"JUSTIFY\">\n<p align=\"JUSTIFY\">\n<p align=\"JUSTIFY\"><span style=\"font-family: 'Comic Sans MS', cursive;\"><span style=\"font-size: large;\">Tel est le Cas que soumet aujourd\u2019hui \u00ab\u00a0<\/span><\/span><span style=\"font-family: 'Comic Sans MS', cursive;\"><span style=\"font-size: large;\"><em>le Cri d\u2019Alarme<\/em><\/span><\/span><span style=\"font-family: 'Comic Sans MS', cursive;\"><span style=\"font-size: large;\">\u00a0\u00bb, au D\u00e9bat Public.<\/span><\/span><\/p>\n<p align=\"JUSTIFY\">\n<p align=\"JUSTIFY\"><span style=\"font-family: 'Comic Sans MS', cursive;\"><span style=\"font-size: large;\"><em>Le Citoyen Adulte afflig\u00e9 d\u2019un Handicap Mental, ne devrait-il pas de Droit B\u00e9n\u00e9ficier du Statut de Pupille de la Nation avec les cons\u00e9quences et corollaires qui en d\u00e9coulent<\/em><\/span><\/span><span style=\"font-family: 'Comic Sans MS', cursive;\"><span style=\"font-size: large;\">.<\/span><\/span><\/p>\n<p align=\"CENTER\"><span style=\"font-size: large;\"><strong>*** *** ***<\/strong><\/span><\/p>\n<p align=\"CENTER\"><span style=\"color: #ff0000;\"><span style=\"font-size: large;\"><strong>Nota : <\/strong><\/span><\/span><span style=\"color: #000000;\"><span style=\"font-size: large;\">Nous ne traitons que de Faits et de Noms rendus Publics.<\/span><\/span><\/p>\n<p align=\"CENTER\"><span style=\"color: #000000;\"><span style=\"font-size: large;\">*** *** ***<\/span><\/span><\/p>\n<p align=\"JUSTIFY\"><span style=\"font-size: large;\"><strong>N.B.:<\/strong><\/span><span style=\"font-size: large;\"> &#8211; <\/span><span style=\"color: #c00000;\"><span style=\"font-family: 'Comic Sans MS', cursive;\"><span style=\"font-size: large;\">Nous Recommandons instamment et syst\u00e9matiquement l\u2019ouverture de la (ou des) pi\u00e8ce(s) jointe(s) \u00e0 l\u2019e-mail, sous format Pdf, <\/span><\/span><\/span><span style=\"color: #c00000;\"><span style=\"font-family: 'Comic Sans MS', cursive;\"><span style=\"font-size: large;\"><span style=\"text-decoration: underline;\">les illustrations y sont incluses<\/span><\/span><\/span><\/span><span style=\"color: #c00000;\"><span style=\"font-family: 'Comic Sans MS', cursive;\"><span style=\"font-size: large;\">.<\/span><\/span><\/span><\/p>\n<p align=\"CENTER\"><span style=\"font-size: large;\"><strong>*** *** ***<\/strong><\/span><\/p>\n<p align=\"CENTER\"><span style=\"color: #ff0000;\"><span><strong>Ne Peut \u00eatre reproduit &#8211; m\u00eame partiellement &#8211; sans l\u2019autorisation de l\u2019Auteur.<\/strong><\/span><\/span><\/p>\n<p align=\"JUSTIFY\"><span style=\"text-decoration: underline;\"><strong>Liens Sugg\u00e9r\u00e9s\u00a0:<\/strong><\/span><\/p>\n<p align=\"JUSTIFY\">\n<ul>\n<li>\n<p align=\"JUSTIFY\"><span style=\"color: #0000ff;\"><span style=\"text-decoration: underline;\"><a href=\"http:\/\/www.lescrutateur.com\/\">http:\/\/www.lescrutateur.com\/<\/a><\/span><\/span><\/p>\n<\/li>\n<li>\n<p align=\"JUSTIFY\"><span style=\"color: #0000ff;\"><span style=\"text-decoration: underline;\"><a href=\"http:\/\/www.etatsgenerauxdeloutremer.fr\/reflexions\">http:\/\/www.etatsgenerauxdeloutremer.fr\/reflexions<\/a><\/span><\/span><\/p>\n<\/li>\n<\/ul>\n<script type=\"text\/javascript\">\n\nvar addthis_config = {\"data_track_clickback\":false,\"data_track_addressbar\":false,\"data_track_textcopy\":false};\n<\/script><script type=\"text\/javascript\" src=\"\/\/s7.addthis.com\/js\/250\/addthis_widget.js#pubid=a457a6d63fb9e6ccabdde4110343bd85\"><\/script>","protected":false},"excerpt":{"rendered":"<p align=\"CENTER\">\n<p style=\"text-align: center;\"><span style=\"color: #632423;\"><span style=\"font-family: Arial, sans-serif;\"><span style=\"font-size: large;\">PUPILLE de la Nation, il devrait l\u2019\u00eatre de Droit.<\/span><\/span><\/span><\/p>\n<p align=\"JUSTIFY\">\n<p align=\"JUSTIFY\">\n<p align=\"JUSTIFY\"><span style=\"color: #632423;\"><span style=\"font-family: Arial, sans-serif;\"><span style=\"font-size: large;\">Imagine-t-on la Vuln\u00e9rabilit\u00e9 qui est la sienne, surtout quand il se sent pris en \u00e9tau entre la Charge des Connaissances, des Comp\u00e9tences et des Dipl\u00f4mes Universitaires qu\u2019il a <\/span><\/span><\/span>&hellip;<\/p>\n","protected":false},"author":1,"featured_media":0,"comment_status":"open","ping_status":"open","sticky":false,"template":"","format":"standard","meta":{"footnotes":""},"categories":[1],"tags":[],"class_list":["post-12049","post","type-post","status-publish","format-standard","hentry","category-accueil"],"_links":{"self":[{"href":"http:\/\/www.lecarrefourdesopinions.ca\/index.php?rest_route=\/wp\/v2\/posts\/12049","targetHints":{"allow":["GET"]}}],"collection":[{"href":"http:\/\/www.lecarrefourdesopinions.ca\/index.php?rest_route=\/wp\/v2\/posts"}],"about":[{"href":"http:\/\/www.lecarrefourdesopinions.ca\/index.php?rest_route=\/wp\/v2\/types\/post"}],"author":[{"embeddable":true,"href":"http:\/\/www.lecarrefourdesopinions.ca\/index.php?rest_route=\/wp\/v2\/users\/1"}],"replies":[{"embeddable":true,"href":"http:\/\/www.lecarrefourdesopinions.ca\/index.php?rest_route=%2Fwp%2Fv2%2Fcomments&post=12049"}],"version-history":[{"count":1,"href":"http:\/\/www.lecarrefourdesopinions.ca\/index.php?rest_route=\/wp\/v2\/posts\/12049\/revisions"}],"predecessor-version":[{"id":12053,"href":"http:\/\/www.lecarrefourdesopinions.ca\/index.php?rest_route=\/wp\/v2\/posts\/12049\/revisions\/12053"}],"wp:attachment":[{"href":"http:\/\/www.lecarrefourdesopinions.ca\/index.php?rest_route=%2Fwp%2Fv2%2Fmedia&parent=12049"}],"wp:term":[{"taxonomy":"category","embeddable":true,"href":"http:\/\/www.lecarrefourdesopinions.ca\/index.php?rest_route=%2Fwp%2Fv2%2Fcategories&post=12049"},{"taxonomy":"post_tag","embeddable":true,"href":"http:\/\/www.lecarrefourdesopinions.ca\/index.php?rest_route=%2Fwp%2Fv2%2Ftags&post=12049"}],"curies":[{"name":"wp","href":"https:\/\/api.w.org\/{rel}","templated":true}]}}