{"id":12046,"date":"2016-02-19T17:33:08","date_gmt":"2016-02-19T22:33:08","guid":{"rendered":"http:\/\/www.lecarrefourdesopinions.ca\/?p=12046"},"modified":"2016-02-19T17:33:08","modified_gmt":"2016-02-19T22:33:08","slug":"soins-a-donner-en-fin-de-vie-et-conditions-entourant-le-deces","status":"publish","type":"post","link":"http:\/\/www.lecarrefourdesopinions.ca\/?p=12046","title":{"rendered":"SOINS \u00c0 DONNER EN FIN DE VIE ET CONDITIONS ENTOURANT LE D\u00c9C\u00c8S"},"content":{"rendered":"<p style=\"text-align: center;\">SOINS \u00c0 DONNER EN FIN DE VIE ET CONDITIONS ENTOURANT LE D\u00c9C\u00c8S<\/p>\n<p align=\"LEFT\">\n<p align=\"LEFT\"><img loading=\"lazy\" decoding=\"async\" class=\"alignnone size-thumbnail wp-image-10286\" title=\"Claude Snow\" src=\"http:\/\/www.lecarrefourdesopinions.ca\/wp-content\/uploads\/2013\/10\/Claude-Snow-134x107.png\" alt=\"\" width=\"134\" height=\"107\" \/><br \/><span style=\"color: #800000;\"><em>par Claude Snow<\/em><\/span><br \/>La mort est l&rsquo;ach\u00e8vement de l\u2019existence. La fin de la vie n\u2019est pas seulement un acte biologique o\u00f9 les fonctions corporelles cessent de fonctionner; elle est aussi un acte qui doit s&rsquo;harmoniser avec les croyances eClaude Snowt les convictions les plus intimes de l\u2019individu.<\/p>\n<p>Dans certains cas, le corps s&rsquo;affaiblit graduellement jusqu&rsquo;\u00e0 cesser compl\u00e8tement de fonctionner, alors que dans d\u2019autres cas, la souffrance s\u2019installe.<\/p>\n<p>Peu de gens souhaitent \u00eatre maintenus en vie artificiellement quand tout espoir de r\u00e9g\u00e9n\u00e9rer est m\u00e9dicalement impossible. Ils ne veulent pas non plus que leur vie se termine dans la souffrance, l&rsquo;angoisse et les tourments, si cela peut \u00eatre \u00e9vit\u00e9.<\/p>\n<p>Ils veulent qu&rsquo;on \u00e9vite de les maintenir en vie par des moyens artificiels et d\u00e9mesur\u00e9s quand il n&rsquo;y aura plus d&rsquo;espoir de gu\u00e9rison. Ils refusent de se faire nourrir par sonde ou par intraveineuse, de se faire r\u00e9animer, de se faire administrer de la chimioth\u00e9rapie ou de la radioth\u00e9rapie contre leur gr\u00e9, ou d&rsquo;\u00eatre branch\u00e9s \u00e0 un respirateur artificiel. <\/p>\n<p>Ils d\u00e9sirent cependant qu\u2019on leur administre les m\u00e9dicaments n\u00e9cessaires pour soulager efficacement leurs douleurs, m\u00eame si leurs jours en seront abr\u00e9g\u00e9s.<\/p>\n<p>Ils souhaitent que leur vie se termine le plus sereinement possible et que la nature suive son cours, et surtout que l\u2019on \u00e9vite de s&rsquo;acharner \u00e0 vouloir perp\u00e9tuer une vie qui cherche \u00e0 se terminer.<\/p>\n<p>Il n\u2019est pas certain que le moment venu, ils auront une emprise sur leur destin, surtout s&rsquo;ils sont en perte d\u2019autonomie, car bien des gens en phase terminale sont incapables de r\u00e9clamer express\u00e9ment l\u2019aide m\u00e9dicale \u00e0 mourir. Leur condition physique et psychologique les rend impuissants \u00e0 prendre une telle d\u00e9cision.<\/p>\n<p>Ils veulent n\u00e9anmoins que la science fasse son possible pour les aider \u00e0 se r\u00e9tablir ou \u00e0 maintenir une qualit\u00e9 de vie dans la dignit\u00e9, mais si cela est impossible, et qu\u2019ils n\u2019ont plus aucun espoir de gu\u00e9rir, qu\u2019on leur permette de mourir d&rsquo;une fa\u00e7on digne et naturelle.<\/p>\n<p>La demande d\u2019aide m\u00e9dicale \u00e0 mourir devrait donc se faire alors que la personne est lucide et qu\u2019elle peut faire conna\u00eetre \u00e0 son entourage ses voeux de fin de vie. Les directives qu\u2019elle donne seront seulement valides si, \u00e0 un moment donn\u00e9, elle est en phase terminale et incapable de prendre des d\u00e9cisions. Elle se r\u00e9serve le droit, \u00e0 la derni\u00e8re minute, d&rsquo;exprimer le contraire. S&rsquo;il survient un moment \u00e0 partir duquel elle ne peut plus prendre de d\u00e9cisions par rapport \u00e0 sa sant\u00e9 et son bien-\u00eatre, sa famille et ceux qui la soigneront devront respecter ses voeux.<\/p>\n<p><\/p>\n<script type=\"text\/javascript\">\n\nvar addthis_config = {\"data_track_clickback\":false,\"data_track_addressbar\":false,\"data_track_textcopy\":false};\n<\/script><script type=\"text\/javascript\" src=\"\/\/s7.addthis.com\/js\/250\/addthis_widget.js#pubid=a457a6d63fb9e6ccabdde4110343bd85\"><\/script>","protected":false},"excerpt":{"rendered":"<p style=\"text-align: center;\">SOINS \u00c0 DONNER EN FIN DE VIE ET CONDITIONS ENTOURANT LE D\u00c9C\u00c8S<\/p>\n<p align=\"LEFT\">\n<p align=\"LEFT\"><span style=\"color: #800000;\">par Claude Snow<\/span>La mort est l&rsquo;ach\u00e8vement de l\u2019existence. La fin de la vie n\u2019est pas seulement un acte biologique o\u00f9 les fonctions corporelles cessent &hellip;<\/p>\n","protected":false},"author":1,"featured_media":0,"comment_status":"open","ping_status":"open","sticky":false,"template":"","format":"standard","meta":{"footnotes":""},"categories":[1],"tags":[],"class_list":["post-12046","post","type-post","status-publish","format-standard","hentry","category-accueil"],"_links":{"self":[{"href":"http:\/\/www.lecarrefourdesopinions.ca\/index.php?rest_route=\/wp\/v2\/posts\/12046","targetHints":{"allow":["GET"]}}],"collection":[{"href":"http:\/\/www.lecarrefourdesopinions.ca\/index.php?rest_route=\/wp\/v2\/posts"}],"about":[{"href":"http:\/\/www.lecarrefourdesopinions.ca\/index.php?rest_route=\/wp\/v2\/types\/post"}],"author":[{"embeddable":true,"href":"http:\/\/www.lecarrefourdesopinions.ca\/index.php?rest_route=\/wp\/v2\/users\/1"}],"replies":[{"embeddable":true,"href":"http:\/\/www.lecarrefourdesopinions.ca\/index.php?rest_route=%2Fwp%2Fv2%2Fcomments&post=12046"}],"version-history":[{"count":1,"href":"http:\/\/www.lecarrefourdesopinions.ca\/index.php?rest_route=\/wp\/v2\/posts\/12046\/revisions"}],"predecessor-version":[{"id":12047,"href":"http:\/\/www.lecarrefourdesopinions.ca\/index.php?rest_route=\/wp\/v2\/posts\/12046\/revisions\/12047"}],"wp:attachment":[{"href":"http:\/\/www.lecarrefourdesopinions.ca\/index.php?rest_route=%2Fwp%2Fv2%2Fmedia&parent=12046"}],"wp:term":[{"taxonomy":"category","embeddable":true,"href":"http:\/\/www.lecarrefourdesopinions.ca\/index.php?rest_route=%2Fwp%2Fv2%2Fcategories&post=12046"},{"taxonomy":"post_tag","embeddable":true,"href":"http:\/\/www.lecarrefourdesopinions.ca\/index.php?rest_route=%2Fwp%2Fv2%2Ftags&post=12046"}],"curies":[{"name":"wp","href":"https:\/\/api.w.org\/{rel}","templated":true}]}}