{"id":12040,"date":"2016-02-16T10:52:31","date_gmt":"2016-02-16T15:52:31","guid":{"rendered":"http:\/\/www.lecarrefourdesopinions.ca\/?p=12040"},"modified":"2016-02-16T10:52:31","modified_gmt":"2016-02-16T15:52:31","slug":"pour-etre-nee-dun-francais-francaise-est-cette-idee","status":"publish","type":"post","link":"http:\/\/www.lecarrefourdesopinions.ca\/?p=12040","title":{"rendered":"Pour \u00eatre n\u00e9e d\u2019un Fran\u00e7ais, Fran\u00e7aise est cette Id\u00e9e."},"content":{"rendered":"<p align=\"CENTER\"><strong>Pour \u00eatre n\u00e9e d\u2019un Fran\u00e7ais, Fran\u00e7aise est cette Id\u00e9e.<\/strong><\/p>\n<p align=\"CENTER\">\n<p align=\"JUSTIFY\"><span style=\"color: #c00000;\"><span style=\"font-family: 'Comic Sans MS', cursive;\"><span>\u00ab\u00a0<\/span><\/span><\/span><span style=\"color: #c00000;\"><span style=\"font-family: Cambria, serif;\"><span><strong>Notre M\u00e9tier n\u2019est pas de faire plaisir, Non plus de faire tort \u00e0 qui que ce soit, Ni pour quoi que ce soit, Il est de porter la plume dans la plaie<\/strong><\/span><\/span><\/span><span style=\"color: #c00000;\"><span style=\"font-family: Cambria, serif;\"><span>\u00a0\u00bb. (Albert LONDRES).<\/span><\/span><\/span><\/p>\n<p align=\"CENTER\"><span style=\"color: #c00000;\"><em><strong>==========<\/strong><\/em><\/span><\/p>\n<p align=\"JUSTIFY\">\n<p align=\"JUSTIFY\"><img loading=\"lazy\" decoding=\"async\" class=\"alignnone size-thumbnail wp-image-11439\" title=\"Eric\" src=\"http:\/\/www.lecarrefourdesopinions.ca\/wp-content\/uploads\/2015\/04\/Eric-134x107.jpg\" alt=\"\" width=\"134\" height=\"107\" \/><\/p>\n<p align=\"JUSTIFY\"><span style=\"color: #632423;\"><span style=\"font-family: 'Comic Sans MS', cursive;\"><span style=\"font-size: large;\">\u00c9ric E.G. NOGARD<\/span><\/span><\/span><\/p>\n<p align=\"JUSTIFY\"><span style=\"color: #c00000;\"><span style=\"font-size: large;\"><em>Chroniqueur<\/em><\/span><\/span><span style=\"color: #c00000;\"><span style=\"font-size: large;\">.<\/span><\/span><\/p>\n<p>&nbsp;<\/p>\n<p align=\"CENTER\">\n<p align=\"CENTER\"><span style=\"font-size: large;\">*** *** ***<\/span><\/p>\n<p align=\"JUSTIFY\"><span style=\"font-size: large;\"><strong>POUR ETRE N\u00c9E D\u2019UN FRAN\u00c7AIS, FRAN\u00c7AISE EST CETTE ID\u00c9E.<\/strong><\/span><\/p>\n<p align=\"JUSTIFY\">\n<p align=\"CENTER\"><img loading=\"lazy\" decoding=\"async\" class=\"alignnone size-thumbnail wp-image-12041\" title=\"F1 Un seul  ou si peu  fera mouche    tout comme pour l\u2019Id\u00e9e\" src=\"http:\/\/www.lecarrefourdesopinions.ca\/wp-content\/uploads\/2016\/02\/F1-Un-seul-ou-si-peu-fera-mouche-tout-comme-pour-l\u2019Id\u00e9e-134x107.jpg\" alt=\"\" width=\"134\" height=\"107\" \/><\/p>\n<p align=\"CENTER\"><span style=\"font-size: large;\"><strong>F1\u00a0: <\/strong><\/span><span style=\"color: #c00000;\"><span style=\"font-size: large;\"><em><strong>Un seul (ou si peu) fera mouche\u2026 tout comme pour l\u2019Id\u00e9e.<\/strong><\/em><\/span><\/span><\/p>\n<p align=\"CENTER\">\n<p align=\"JUSTIFY\"><span style=\"font-family: 'Comic Sans MS', cursive;\"><span style=\"font-size: large;\">Une Id\u00e9e toute simple\u2026 il fallait y penser\u2026 elle a toutes ses chances en cet Univers o\u00f9 en toutes choses, des L\u00e9gions montent \u00e0 l\u2019assaut quand un seul (ou si peu) a la chance de faire mouche.<\/span><\/span><\/p>\n<p align=\"JUSTIFY\">\n<p align=\"JUSTIFY\"><span style=\"font-family: 'Comic Sans MS', cursive;\"><span style=\"font-size: large;\">Ainsi, y penser sous Fran\u00e7ois 1<\/span><\/span><sup><span style=\"font-family: 'Comic Sans MS', cursive;\"><span style=\"font-size: large;\">er<\/span><\/span><\/sup><span style=\"font-family: 'Comic Sans MS', cursive;\"><span style=\"font-size: large;\"> e\u00fbt \u00e9t\u00e9 plut\u00f4t anachronique.<\/span><\/span><\/p>\n<p align=\"JUSTIFY\">\n<p align=\"JUSTIFY\"><span style=\"font-family: 'Comic Sans MS', cursive;\"><span style=\"font-size: large;\">De nos jours et en France o\u00f9 il n\u2019est question que de Solidarit\u00e9 des Uns \u2013 une poign\u00e9e \u2013 envers les Autres \u2013 tout un tas \u2013 c\u2019est autre chose\u2026<\/span><\/span><\/p>\n<p align=\"JUSTIFY\">\n<p align=\"JUSTIFY\"><span style=\"font-family: 'Comic Sans MS', cursive;\"><span style=\"font-size: large;\">Surtout que de nos jours, au pays de DESCARTES, parler de Solidarit\u00e9 en faisant passer sous le boisseau la Notion d\u2019Indivision et celle de la Juste R\u00e9partition qui en est le Corollaire, nous semble peu Cart\u00e9sien et m\u00eame assez frustrant<\/span><\/span><span style=\"font-size: large;\">.<\/span><\/p>\n<p align=\"JUSTIFY\">\n<p align=\"CENTER\"><img loading=\"lazy\" decoding=\"async\" class=\"alignnone size-full wp-image-12042\" title=\"F2 Unique      tout comme son G\u00e9niteur\" src=\"http:\/\/www.lecarrefourdesopinions.ca\/wp-content\/uploads\/2016\/02\/F2-Unique-tout-comme-son-G\u00e9niteur.jpg\" alt=\"\" width=\"150\" height=\"146\" \/><\/p>\n<p align=\"CENTER\"><span style=\"font-size: large;\"><strong>F2\u00a0: <\/strong><\/span><span style=\"color: #c00000;\"><span style=\"font-size: large;\"><em><strong>Unique\u00a0!.. tout comme son G\u00e9niteur.<\/strong><\/em><\/span><\/span><\/p>\n<p align=\"JUSTIFY\"><span style=\"font-size: large;\"><em><strong>Une id\u00e9e toute simple, celle du Revenu Minimum Universel \u00c9gal et Libre de Charges pour Tous, au titre du Droit de chacun \u00e0 sa part des Ressources de la Nation, tout comme il \u00ab\u00a0a droit\u00a0\u00bb, Civil ou Militaire, \u00e0 sa part de \u00ab\u00a0tracas\u00a0\u00bb, quand la Patrie se trouve emp\u00eatr\u00e9e dans un mauvais coton.<\/strong><\/em><\/span><\/p>\n<p align=\"JUSTIFY\">\n<p align=\"JUSTIFY\"><span style=\"font-size: large;\">Un S\u00e9riciculteur e\u00fbt dit, quand la Patrie se trouve coconn\u00e9e dans une mauvaise soie.<\/span><\/p>\n<p align=\"JUSTIFY\">\n<p align=\"JUSTIFY\">\n<p align=\"JUSTIFY\"><span style=\"font-size: large;\"><strong>Un<\/strong><\/span><span style=\"font-family: 'Arial Rounded MT Bold', sans-serif;\"><span style=\"font-size: large;\">Revenu Minimum Universel<\/span><\/span><span style=\"font-size: large;\"><strong>qui n\u2019ait rien de l\u2019Assistanat ni de la Trompeuse Solidarit\u00e9 donn\u00e9e pour Charit\u00e9 Publique.<\/strong><\/span><\/p>\n<p align=\"JUSTIFY\">\n<p align=\"JUSTIFY\"><span style=\"font-size: large;\">Un <\/span><span style=\"font-family: 'Arial Rounded MT Bold', sans-serif;\"><span style=\"font-size: large;\">Revenu Minimum Universel<\/span><\/span><span style=\"font-size: large;\"> qui ne fera en rien obstacle \u00e0 ce que chacun se retrousse les manches pour am\u00e9liorer son ordinaire, ni m\u00eame pour s\u2019enrichir \u00e0 millions\u2026 qui n\u2019a r\u00eav\u00e9 un jour d\u2019\u00eatre Multimillionnaire.<\/span><\/p>\n<p align=\"JUSTIFY\">\n<p align=\"JUSTIFY\"><span style=\"font-size: large;\">Un <\/span><span style=\"font-family: 'Arial Rounded MT Bold', sans-serif;\"><span style=\"font-size: large;\">Revenu Minimum Universel<\/span><\/span><span style=\"font-size: large;\"> qui permettra \u00e0 l\u2019Entreprise Fran\u00e7aise de se d\u00e9barrasser de la Tunique de NESSUS que sont les Subventions, pour renouer avec les Fonds Propres r\u00e9unis par Appel \u00e0 un Actionnariat auquel d\u00e8s-lors, chacun pourrait librement concourir, modestement ou pas.<\/span><\/p>\n<p align=\"JUSTIFY\">\n<p align=\"JUSTIFY\"><span style=\"font-size: large;\">En tout cas, un <\/span><span style=\"font-family: 'Arial Rounded MT Bold', sans-serif;\"><span style=\"font-size: large;\">Revenu Minimum Universel<\/span><\/span><span style=\"font-size: large;\"> qui d\u00e9boutera toute pr\u00e9tention \u00e0 insinuer que la Patrie est pour soi une M\u00e8re Mar\u00e2tre, au point d\u2019ouvrir la porte aux pires des Tentations\u2026 au risque de D\u00e9ch\u00e9ance de Filiation.<\/span><\/p>\n<p align=\"JUSTIFY\">\n<p align=\"CENTER\"><img loading=\"lazy\" decoding=\"async\" class=\"alignnone size-full wp-image-12043\" title=\"F3 Il convient d y penser\" src=\"http:\/\/www.lecarrefourdesopinions.ca\/wp-content\/uploads\/2016\/02\/F3-Il-convient-d-y-penser.jpg\" alt=\"\" width=\"217\" height=\"232\" \/><\/p>\n<p align=\"CENTER\">\n<p align=\"CENTER\"><span style=\"font-size: large;\"><em><strong>F3\u00a0: <\/strong><\/em><\/span><span style=\"color: #c00000;\"><span style=\"font-size: large;\"><em><strong>Il convient d\u2019y penser\u00a0!<\/strong><\/em><\/span><\/span><\/p>\n<p><span style=\"font-size: large;\"><strong>Donc l\u2019Id\u00e9e d\u2019un <\/strong><\/span><span style=\"font-family: 'Arial Rounded MT Bold', sans-serif;\"><span style=\"font-size: large;\"><strong>Revenu Minimum Universel<\/strong><\/span><\/span><span style=\"font-size: large;\"><strong>.<\/strong><\/span><\/p>\n<p align=\"JUSTIFY\">\n<p align=\"JUSTIFY\"><span style=\"font-size: large;\">Une Id\u00e9e bien \u00ab\u00a0bien\u00a0\u00bb Fran\u00e7aise, pour \u00eatre n\u00e9e d\u2019un Fran\u00e7ais dans toute la mesure o\u00f9 nous en sommes Un.<\/span><\/p>\n<p align=\"JUSTIFY\">\n<p align=\"JUSTIFY\"><span style=\"font-size: large;\">Car, cette Id\u00e9e est de nous, comme nous sommes pr\u00eats \u00e0 l\u2019\u00e9tablir, ou \u00e0 moins que nous soit oppos\u00e9 la Preuve du Contraire.<\/span><\/p>\n<p align=\"JUSTIFY\">\n<p align=\"JUSTIFY\"><span style=\"font-size: large;\">Dans toute la mesure o\u00f9 il convient de \u00ab\u00a0rendre \u00e0 C\u00e9sar ce qui est \u00e0 C\u00e9sar\u00a0\u00bb, ne convient-il pas aussi qu\u2019on prenne pour juste et bon de nous reconna\u00eetre la Paternit\u00e9 du Revenu Minimum Universel dont nous avons exprim\u00e9 l\u2019Id\u00e9e \u00e0 travers nos Chroniques publi\u00e9es de part le Monde, et notamment gr\u00e2ce \u00e0 l\u2019Hospitalit\u00e9 qu\u2019elles ont trouv\u00e9e aupr\u00e8s du \u00ab\u00a0Carrefour des Opinions\u00a0\u00bb, Qu\u00e9bec, CANADA.<\/span><\/p>\n<p align=\"JUSTIFY\">\n<p align=\"CENTER\"><img loading=\"lazy\" decoding=\"async\" class=\"alignnone size-full wp-image-12044\" title=\"F4 Le Carrefour des Opinions     Qu\u00e9bec   CANADA\" src=\"http:\/\/www.lecarrefourdesopinions.ca\/wp-content\/uploads\/2016\/02\/F4-Le-Carrefour-des-Opinions-Qu\u00e9bec-CANADA.png\" alt=\"\" width=\"319\" height=\"86\" srcset=\"http:\/\/www.lecarrefourdesopinions.ca\/wp-content\/uploads\/2016\/02\/F4-Le-Carrefour-des-Opinions-Qu\u00e9bec-CANADA.png 319w, http:\/\/www.lecarrefourdesopinions.ca\/wp-content\/uploads\/2016\/02\/F4-Le-Carrefour-des-Opinions-Qu\u00e9bec-CANADA-300x80.png 300w\" sizes=\"auto, (max-width: 319px) 100vw, 319px\" \/><\/p>\n<p align=\"CENTER\"><span style=\"font-size: large;\"><strong>F4\u00a0: <\/strong><\/span><span style=\"color: #c00000;\"><span style=\"font-size: large;\"><em><strong>\u00ab\u00a0Le Carrefour des Opinions\u00a0\u00bb, Qu\u00e9bec, CANADA<\/strong><\/em><\/span><\/span><span style=\"color: #c00000;\"><span style=\"font-size: large;\"><strong>.<\/strong><\/span><\/span><\/p>\n<p align=\"CENTER\"><span style=\"color: #0000ff;\"><span style=\"text-decoration: underline;\"><a href=\"http:\/\/www.lecarrefourdesopinions.ca\/\"><span style=\"font-size: large;\">http:\/\/www.lecarrefourdesopinions.ca\/<\/span><\/a><\/span><\/span><\/p>\n<p align=\"JUSTIFY\">\n<p align=\"JUSTIFY\"><span style=\"font-family: 'Comic Sans MS', cursive;\"><span style=\"font-size: large;\"><strong>Tel est l\u2019Objet de notre Cri d\u2019Alarme de ce jour\u00a0: <\/strong><\/span><\/span><\/p>\n<p align=\"JUSTIFY\">\n<ul>\n<li>\n<p align=\"JUSTIFY\"><span style=\"font-family: 'Comic Sans MS', cursive;\"><span style=\"font-size: large;\">La Reconnaissance de notre Droit d\u2019Auteur concernant le <\/span><\/span><span style=\"font-family: 'Arial Rounded MT Bold', sans-serif;\"><span style=\"font-size: large;\">Revenu Minimum Universel<\/span><\/span><span style=\"font-family: 'Comic Sans MS', cursive;\"><span style=\"font-size: large;\">.<\/span><\/span><\/p>\n<\/li>\n<\/ul>\n<p align=\"JUSTIFY\">\n<ul>\n<li>\n<p align=\"JUSTIFY\"><span style=\"font-family: 'Comic Sans MS', cursive;\"><span style=\"font-size: large;\">\u00c9tendre cette Reconnaissance au B\u00e9n\u00e9fice de la Martinique o\u00f9 nous sommes n\u00e9.<\/span><\/span><\/p>\n<\/li>\n<\/ul>\n<p>&nbsp;<\/p>\n<ul>\n<li>\n<p align=\"JUSTIFY\"><span style=\"font-family: 'Comic Sans MS', cursive;\"><span style=\"font-size: large;\">Admettre le Bon Droit de la France \u2013 puisque nous sommes Fran\u00e7ais \u2013 \u00e0 la Propri\u00e9t\u00e9 de cette Id\u00e9e qui fait d\u00e9j\u00e0 l\u2019objet de Projets de Mise en Application dans de nombreux Pays d\u2019Europe.<\/span><\/span><\/p>\n<\/li>\n<\/ul>\n<p>&nbsp;<\/p>\n<ul>\n<li>\n<p align=\"JUSTIFY\"><span style=\"font-family: 'Comic Sans MS', cursive;\"><span style=\"font-size: large;\">Y associer le CANADA, eu \u00e9gard au Soutien qui nous a toujours \u00e9t\u00e9 Consenti par le \u00ab\u00a0Carrefour des Opinions\u00a0\u00bb, dans le <\/span><\/span><span style=\"font-family: Arial, sans-serif;\"><span style=\"font-size: large;\"><em>broadcasting<\/em><\/span><\/span><span style=\"font-family: 'Comic Sans MS', cursive;\"><span style=\"font-size: large;\"> de nos Id\u00e9es de par le Monde entier.<\/span><\/span><\/p>\n<\/li>\n<\/ul>\n<p>&nbsp;<\/p>\n<p align=\"JUSTIFY\"><span style=\"font-family: 'Comic Sans MS', cursive;\"><span style=\"font-size: large;\"><em><strong>Le <\/strong><\/em><\/span><\/span><span style=\"font-family: 'Arial Rounded MT Bold', sans-serif;\"><span style=\"font-size: large;\"><em><strong>Revenu Minimum Universel<\/strong><\/em><\/span><\/span><span style=\"font-family: 'Comic Sans MS', cursive;\"><span style=\"font-size: large;\"><em><strong> est de nous, il est donc Martiniquais, il est par cela-m\u00eame, du Patrimoine Fran\u00e7ais, avec la main-tendue du CANADA<\/strong><\/em><\/span><\/span><span style=\"font-size: large;\"><em><strong>.\u00a0<\/strong><\/em><\/span><\/p>\n<p align=\"JUSTIFY\">\n<p align=\"CENTER\"><span style=\"font-size: large;\"><strong>*** *** ***<\/strong><\/span><\/p>\n<p align=\"JUSTIFY\">\n<p align=\"CENTER\"><span style=\"color: #ff0000;\"><strong>Ne Peut \u00eatre reproduit &#8211; m\u00eame partiellement &#8211; sans l\u2019autorisation de l\u2019Auteur.<\/strong><\/span><\/p>\n<p align=\"CENTER\"><span style=\"font-size: large;\"><strong>*** *** ***<\/strong><\/span><\/p>\n<p align=\"CENTER\"><span style=\"color: #ff0000;\"><span style=\"font-size: large;\"><strong>Nota : <\/strong><\/span><\/span><span style=\"color: #0000cc;\"><span style=\"font-size: large;\">Nous ne traitons que de Faits et de Noms rendus Publics.<\/span><\/span><\/p>\n<p align=\"CENTER\"><span style=\"color: #000000;\"><span style=\"font-size: large;\">*** *** ***<\/span><\/span><\/p>\n<p align=\"JUSTIFY\"><span style=\"font-size: large;\"><strong>N.B.:<\/strong><\/span><span style=\"font-size: large;\"> &#8211; <\/span><span style=\"color: #c00000;\"><span style=\"font-family: 'Comic Sans MS', cursive;\"><span style=\"font-size: large;\">Nous Recommandons instamment et syst\u00e9matiquement l\u2019ouverture de la (ou des) pi\u00e8ce(s) jointe(s) \u00e0 l\u2019e-mail, sous format Pdf, <\/span><\/span><\/span><span style=\"color: #c00000;\"><span style=\"font-family: 'Comic Sans MS', cursive;\"><span style=\"font-size: large;\"><span style=\"text-decoration: underline;\">les illustrations y sont incluses<\/span><\/span><\/span><\/span><span style=\"color: #c00000;\"><span style=\"font-family: 'Comic Sans MS', cursive;\"><span style=\"font-size: large;\">.<\/span><\/span><\/span><\/p>\n<p align=\"CENTER\"><span style=\"font-size: large;\"><strong>*** *** ***<\/strong><\/span><\/p>\n<p align=\"JUSTIFY\"><span style=\"text-decoration: underline;\"><strong>Liens Sugg\u00e9r\u00e9s\u00a0:<\/strong><\/span><\/p>\n<ul>\n<li>\n<p align=\"JUSTIFY\"><span style=\"color: #0000ff;\"><span style=\"text-decoration: underline;\"><a href=\"http:\/\/www.lescrutateur.com\/\">http:\/\/www.lescrutateur.com\/<\/a><\/span><\/span><\/p>\n<\/li>\n<li>\n<p align=\"JUSTIFY\"><span style=\"color: #0000ff;\"><span style=\"text-decoration: underline;\"><a href=\"http:\/\/www.etatsgenerauxdeloutremer.fr\/reflexions\">http:\/\/www.etatsgenerauxdeloutremer.fr\/reflexions<\/a><\/span><\/span><\/p>\n<\/li>\n<\/ul>\n<p align=\"CENTER\">\n<p align=\"CENTER\"><strong>==================================================================<\/strong><\/p>\n<script type=\"text\/javascript\">\n\nvar addthis_config = {\"data_track_clickback\":false,\"data_track_addressbar\":false,\"data_track_textcopy\":false};\n<\/script><script type=\"text\/javascript\" src=\"\/\/s7.addthis.com\/js\/250\/addthis_widget.js#pubid=a457a6d63fb9e6ccabdde4110343bd85\"><\/script>","protected":false},"excerpt":{"rendered":"<p align=\"CENTER\">Pour \u00eatre n\u00e9e d\u2019un Fran\u00e7ais, Fran\u00e7aise est cette Id\u00e9e.<\/p>\n<p align=\"CENTER\">\n<p align=\"JUSTIFY\"><span style=\"color: #c00000;\"><span style=\"font-family: 'Comic Sans MS', cursive;\"><span>\u00ab\u00a0<\/span><\/span><\/span><span style=\"color: #c00000;\"><span style=\"font-family: Cambria, serif;\"><span>Notre M\u00e9tier n\u2019est pas de faire plaisir, Non plus de faire tort \u00e0 qui que ce soit, Ni pour quoi que ce soit, Il est de porter <\/span><\/span><\/span>&hellip;<\/p>\n","protected":false},"author":1,"featured_media":0,"comment_status":"open","ping_status":"open","sticky":false,"template":"","format":"standard","meta":{"footnotes":""},"categories":[1],"tags":[],"class_list":["post-12040","post","type-post","status-publish","format-standard","hentry","category-accueil"],"_links":{"self":[{"href":"http:\/\/www.lecarrefourdesopinions.ca\/index.php?rest_route=\/wp\/v2\/posts\/12040","targetHints":{"allow":["GET"]}}],"collection":[{"href":"http:\/\/www.lecarrefourdesopinions.ca\/index.php?rest_route=\/wp\/v2\/posts"}],"about":[{"href":"http:\/\/www.lecarrefourdesopinions.ca\/index.php?rest_route=\/wp\/v2\/types\/post"}],"author":[{"embeddable":true,"href":"http:\/\/www.lecarrefourdesopinions.ca\/index.php?rest_route=\/wp\/v2\/users\/1"}],"replies":[{"embeddable":true,"href":"http:\/\/www.lecarrefourdesopinions.ca\/index.php?rest_route=%2Fwp%2Fv2%2Fcomments&post=12040"}],"version-history":[{"count":1,"href":"http:\/\/www.lecarrefourdesopinions.ca\/index.php?rest_route=\/wp\/v2\/posts\/12040\/revisions"}],"predecessor-version":[{"id":12045,"href":"http:\/\/www.lecarrefourdesopinions.ca\/index.php?rest_route=\/wp\/v2\/posts\/12040\/revisions\/12045"}],"wp:attachment":[{"href":"http:\/\/www.lecarrefourdesopinions.ca\/index.php?rest_route=%2Fwp%2Fv2%2Fmedia&parent=12040"}],"wp:term":[{"taxonomy":"category","embeddable":true,"href":"http:\/\/www.lecarrefourdesopinions.ca\/index.php?rest_route=%2Fwp%2Fv2%2Fcategories&post=12040"},{"taxonomy":"post_tag","embeddable":true,"href":"http:\/\/www.lecarrefourdesopinions.ca\/index.php?rest_route=%2Fwp%2Fv2%2Ftags&post=12040"}],"curies":[{"name":"wp","href":"https:\/\/api.w.org\/{rel}","templated":true}]}}