{"id":12017,"date":"2016-02-05T11:53:36","date_gmt":"2016-02-05T16:53:36","guid":{"rendered":"http:\/\/www.lecarrefourdesopinions.ca\/?p=12017"},"modified":"2016-02-05T11:53:36","modified_gmt":"2016-02-05T16:53:36","slug":"qui-dachille-ou-dhector-avait-raison-ou-tort","status":"publish","type":"post","link":"http:\/\/www.lecarrefourdesopinions.ca\/?p=12017","title":{"rendered":"Qui d\u2019Achille ou d\u2019Hector, avait Raison ou Tort."},"content":{"rendered":"<p align=\"CENTER\">\u00a0<em style=\"font-size: large; font-family: Arial, sans-serif; color: #632423;\"><strong>Qui d\u2019Achille ou d\u2019Hector, avait Raison ou Tort.<\/strong><\/em><\/p>\n<p lang=\"\">\n<p>&nbsp;<\/p>\n<p><span style=\"color: #5f497a;\"><span style=\"font-family: 'Comic Sans MS', cursive;\"><span style=\"font-size: large;\">\u00ab\u00a0<\/span><\/span><\/span><span style=\"color: #5f497a;\"><span style=\"font-family: Arial, sans-serif;\"><span style=\"font-size: large;\"><em>L\u2019Histoire de France\u2026 c\u2019est l\u2019ennemi\u00a0!<\/em><\/span><\/span><\/span><\/p>\n<p>&nbsp;<\/p>\n<p><span style=\"color: #5f497a;\"><span style=\"font-family: Arial, sans-serif;\"><span style=\"font-size: large;\"><em>J\u2019ai d\u00e9cid\u00e9 de r\u00e9agir.<\/em><\/span><\/span><\/span><\/p>\n<p>&nbsp;<\/p>\n<p><span style=\"color: #5f497a;\"><span style=\"font-family: Arial, sans-serif;\"><span style=\"font-size: large;\"><em>Je commence donc l\u2019enregistrement de vid\u00e9os dans lesquelles je vais raconter la v\u00e9ritable Histoire de France.<\/em><\/span><\/span><\/span><\/p>\n<p>&nbsp;<\/p>\n<p><span style=\"color: #5f497a;\"><span style=\"font-family: Arial, sans-serif;\"><span style=\"font-size: large;\"><em>Je lance pour cela une cagnotte\u2026 que diriez-vous de donner\u2026 30 Euros par exemple, pour m\u2019aider \u00e0 raconter aux Fran\u00e7ais leur v\u00e9ritable Histoire\u00a0\u00bb\u00a0!<\/em><\/span><\/span><\/span><\/p>\n<p>&nbsp;<\/p>\n<p><span style=\"color: #5f497a;\"><span style=\"font-family: Arial, sans-serif;\"><span style=\"font-size: large;\"><em><strong>Yves-Marie ADELINE<\/strong><\/em><\/span><\/span><\/span><span style=\"color: #5f497a;\"><span style=\"font-family: Arial, sans-serif;\"><span style=\"font-size: large;\"><em>, le 28 Janvier 2016, voir message ci-joint.<\/em><\/span><\/span><\/span><\/p>\n<p>&nbsp;<\/p>\n<p align=\"CENTER\"><span style=\"color: #632423;\"><span style=\"font-family: Arial, sans-serif;\"><span style=\"font-size: large;\">*****<\/span><\/span><\/span><\/p>\n<p>&nbsp;<\/p>\n<p style=\"text-align: center;\"><span style=\"color: #632423;\"><span style=\"font-family: 'Comic Sans MS', cursive;\"><span style=\"font-size: large;\">A cela, au \u00ab\u00a0<\/span><\/span><\/span><span style=\"color: #632423;\"><span style=\"font-family: 'Arial Rounded MT Bold', sans-serif;\"><span style=\"font-size: large;\"><em>Cri d\u2019Alarme<\/em><\/span><\/span><\/span><span style=\"color: #632423;\"><span style=\"font-family: 'Comic Sans MS', cursive;\"><span style=\"font-size: large;\">\u00a0\u00bb, nous disons tout simplement,<\/span><\/span><\/span><\/p>\n<p style=\"text-align: center;\">\n<p style=\"text-align: center;\"><span style=\"color: #632423;\"><span style=\"font-family: 'Comic Sans MS', cursive;\"><span style=\"font-size: large;\">Elle est bien bonne celle-l\u00e0.<\/span><\/span><\/span><\/p>\n<p align=\"JUSTIFY\"><img loading=\"lazy\" decoding=\"async\" class=\"alignnone size-thumbnail wp-image-11439\" title=\"Eric\" src=\"http:\/\/www.lecarrefourdesopinions.ca\/wp-content\/uploads\/2015\/04\/Eric-134x107.jpg\" alt=\"\" width=\"134\" height=\"107\" \/><\/p>\n<p align=\"JUSTIFY\"><span style=\"color: #632423;\"><span style=\"font-family: 'Comic Sans MS', cursive;\"><span style=\"font-size: large;\">\u00c9ric E.G. NOGARD<\/span><\/span><\/span><\/p>\n<p align=\"JUSTIFY\"><span style=\"color: #c00000;\"><span style=\"font-size: large;\"><em>Chroniqueur<\/em><\/span><\/span><span style=\"color: #c00000;\"><span style=\"font-size: large;\">.<\/span><\/span><\/p>\n<p align=\"CENTER\"><span style=\"font-size: large;\">*** *** ***<\/span><\/p>\n<p align=\"JUSTIFY\">\n<p style=\"text-align: center;\" align=\"JUSTIFY\"><span><strong>QUI D\u2019ACHILLE OU D\u2019HECTOR, AVAIT RAISON OU TORT.<\/strong><\/span><\/p>\n<p align=\"JUSTIFY\">\n<p align=\"JUSTIFY\">\u00a0 \u00a0 \u00a0 \u00a0 \u00a0 \u00a0 \u00a0 \u00a0 \u00a0 \u00a0 \u00a0 \u00a0 \u00a0 \u00a0 \u00a0 \u00a0 \u00a0 \u00a0 \u00a0 \u00a0 \u00a0 \u00a0 \u00a0 \u00a0 \u00a0 \u00a0 \u00a0 \u00a0 \u00a0 \u00a0 \u00a0 \u00a0 \u00a0<img loading=\"lazy\" decoding=\"async\" class=\"alignnone size-medium wp-image-12019\" title=\"F1 La Guerre de Troie    au juste pourquoi ou pour    quoi\" src=\"http:\/\/www.lecarrefourdesopinions.ca\/wp-content\/uploads\/2016\/02\/F1-La-Guerre-de-Troie-au-juste-pourquoi-ou-pour-quoi1-300x196.jpg\" alt=\"\" width=\"300\" height=\"196\" srcset=\"http:\/\/www.lecarrefourdesopinions.ca\/wp-content\/uploads\/2016\/02\/F1-La-Guerre-de-Troie-au-juste-pourquoi-ou-pour-quoi1-300x196.jpg 300w, http:\/\/www.lecarrefourdesopinions.ca\/wp-content\/uploads\/2016\/02\/F1-La-Guerre-de-Troie-au-juste-pourquoi-ou-pour-quoi1-400x261.jpg 400w, http:\/\/www.lecarrefourdesopinions.ca\/wp-content\/uploads\/2016\/02\/F1-La-Guerre-de-Troie-au-juste-pourquoi-ou-pour-quoi1.jpg 591w\" sizes=\"auto, (max-width: 300px) 100vw, 300px\" \/><\/p>\n<p align=\"CENTER\"><span style=\"font-size: large;\"><strong>F1\u00a0: <\/strong><\/span><span style=\"color: #c00000;\"><span style=\"font-size: large;\"><em><strong>La Guerre de Troie\u2026 au juste pourquoi ou pour\u2026 quoi.<\/strong><\/em><\/span><\/span><\/p>\n<p align=\"JUSTIFY\">\n<p align=\"JUSTIFY\"><span style=\"font-family: 'Comic Sans MS', cursive;\"><span style=\"font-size: large;\">Raconter aux Fran\u00e7ais leur V\u00e9ritable Histoire, autant dire faire comprendre aux Hell\u00e8nes, pourquoi pas aux Troyens, qui d\u2019ACHILLE ou d\u2019HECTOR avait raison ou tort dans leur<\/span><\/span><span style=\"font-family: Arial, sans-serif;\"><span style=\"font-size: large;\"><em>Struggle to death<\/em><\/span><\/span><span style=\"font-size: large;\">, <\/span><span style=\"font-family: 'Comic Sans MS', cursive;\"><span style=\"font-size: large;\">que pour le Cocu de M\u00c9N\u00c9LAS que pour la Pute d\u2019H\u00c9L<\/span><\/span><span style=\"font-size: large;\">\u1e16<\/span><span style=\"font-family: 'Comic Sans MS', cursive;\"><span style=\"font-size: large;\">NE. <\/span><\/span><\/p>\n<p align=\"JUSTIFY\">\n<p align=\"JUSTIFY\">\u00a0 \u00a0 \u00a0 \u00a0 \u00a0 \u00a0 \u00a0 \u00a0 \u00a0 \u00a0 \u00a0 \u00a0 \u00a0 \u00a0 \u00a0 \u00a0 \u00a0 \u00a0 \u00a0 \u00a0 \u00a0 \u00a0 \u00a0 \u00a0 \u00a0 \u00a0 \u00a0 \u00a0 \u00a0 \u00a0 \u00a0 \u00a0 \u00a0 \u00a0\u00a0<img loading=\"lazy\" decoding=\"async\" class=\"alignnone size-medium wp-image-12020\" title=\"F2 Fran\u00e7ois le Premier recevant Henry VIII dans le Camp du Drap\" src=\"http:\/\/www.lecarrefourdesopinions.ca\/wp-content\/uploads\/2016\/02\/F2-Fran\u00e7ois-le-Premier-recevant-Henry-VIII-dans-le-Camp-du-Drap-300x79.jpg\" alt=\"\" width=\"300\" height=\"79\" srcset=\"http:\/\/www.lecarrefourdesopinions.ca\/wp-content\/uploads\/2016\/02\/F2-Fran\u00e7ois-le-Premier-recevant-Henry-VIII-dans-le-Camp-du-Drap-300x79.jpg 300w, http:\/\/www.lecarrefourdesopinions.ca\/wp-content\/uploads\/2016\/02\/F2-Fran\u00e7ois-le-Premier-recevant-Henry-VIII-dans-le-Camp-du-Drap-1024x270.jpg 1024w, http:\/\/www.lecarrefourdesopinions.ca\/wp-content\/uploads\/2016\/02\/F2-Fran\u00e7ois-le-Premier-recevant-Henry-VIII-dans-le-Camp-du-Drap-400x105.jpg 400w, http:\/\/www.lecarrefourdesopinions.ca\/wp-content\/uploads\/2016\/02\/F2-Fran\u00e7ois-le-Premier-recevant-Henry-VIII-dans-le-Camp-du-Drap.jpg 1198w\" sizes=\"auto, (max-width: 300px) 100vw, 300px\" \/><\/p>\n<p align=\"CENTER\"><span style=\"font-size: large;\"><strong>F2\u00a0: <\/strong><\/span><span style=\"color: #c00000;\"><span style=\"font-size: large;\"><em><strong>Fran\u00e7ois le Premier recevant Henry VIII dans le Camp du Drap d\u2019Or.<\/strong><\/em><\/span><\/span><\/p>\n<p align=\"JUSTIFY\"><span style=\"font-size: large;\">En quoi ces \u00ab\u00a0mis\u00e8res\u00a0\u00bb emport\u00e9es par le vent pourraient faire l\u2019objet d\u2019un bien grand int\u00e9r\u00eat, tant au regard de nos <\/span><span style=\"font-family: Arial, sans-serif;\"><span style=\"font-size: large;\"><em>today problems<\/em><\/span><\/span><span style=\"font-size: large;\"> qu\u2019en consid\u00e9ration de nos <\/span><span style=\"font-family: Arial, sans-serif;\"><span style=\"font-size: large;\"><em>doubts for tomorrow<\/em><\/span><\/span><span style=\"font-size: large;\">.<\/span><\/p>\n<p align=\"CENTER\">\n<p align=\"CENTER\"><img loading=\"lazy\" decoding=\"async\" class=\"alignnone size-medium wp-image-12021\" title=\"F3 N est ce pas se    se    se laisser Arabiser\" src=\"http:\/\/www.lecarrefourdesopinions.ca\/wp-content\/uploads\/2016\/02\/F3-N-est-ce-pas-se-se-se-laisser-Arabiser-300x95.jpg\" alt=\"\" width=\"300\" height=\"95\" srcset=\"http:\/\/www.lecarrefourdesopinions.ca\/wp-content\/uploads\/2016\/02\/F3-N-est-ce-pas-se-se-se-laisser-Arabiser-300x95.jpg 300w, http:\/\/www.lecarrefourdesopinions.ca\/wp-content\/uploads\/2016\/02\/F3-N-est-ce-pas-se-se-se-laisser-Arabiser-1024x326.jpg 1024w, http:\/\/www.lecarrefourdesopinions.ca\/wp-content\/uploads\/2016\/02\/F3-N-est-ce-pas-se-se-se-laisser-Arabiser-400x127.jpg 400w, http:\/\/www.lecarrefourdesopinions.ca\/wp-content\/uploads\/2016\/02\/F3-N-est-ce-pas-se-se-se-laisser-Arabiser.jpg 1116w\" sizes=\"auto, (max-width: 300px) 100vw, 300px\" \/><\/p>\n<p align=\"CENTER\"><span style=\"font-size: large;\"><strong>F3\u00a0: <\/strong><\/span><span style=\"color: #c00000;\"><span style=\"font-size: large;\"><em><strong>N\u2019est-ce pas se\u2026 se\u2026 se laisser Arabiser.<\/strong><\/em><\/span><\/span><\/p>\n<p align=\"JUSTIFY\">\n<p align=\"JUSTIFY\"><span style=\"font-size: large;\">D\u2019ailleurs, quelles sont les chances d\u2019aboutir d\u2019une telle aventure, bien cher Yves-Marie ADELINE, si votre projet dont vous avouez l\u2019objet\u00a0:<\/span><\/p>\n<p align=\"JUSTIFY\">\n<p align=\"CENTER\"><span style=\"font-size: large;\">\u00ab\u00a0<\/span><span style=\"font-size: large;\"><em>Ensemble, sauvons l\u2019Histoire de France<\/em><\/span><span style=\"font-size: large;\">\u00a0\u00bb<\/span><\/p>\n<p align=\"JUSTIFY\">\n<p align=\"JUSTIFY\"><span style=\"font-size: large;\">Ne r\u00e9v\u00e8le chez vous aucune garantie d\u2019aboutir, comme il serait souhaitable, voire comme on le r\u00e9clame, \u00e0 tout \u00ab\u00a0lanceur d\u2019appel de dons de soutien\u00a0\u00bb.<\/span><\/p>\n<p align=\"JUSTIFY\">\n<p align=\"JUSTIFY\">\n<p align=\"CENTER\">\u00a0<img loading=\"lazy\" decoding=\"async\" class=\"alignnone size-medium wp-image-12022\" title=\"_F4_Je_fais_don_de_ma_personne_au_Mar=C3=A9chal_P=C3=89TAIN_=  comme il a fait don de la sienne \u00e0 la France\" src=\"http:\/\/www.lecarrefourdesopinions.ca\/wp-content\/uploads\/2016\/02\/F4_Je_fais_don_de_ma_personne_au_MarC3A9chal_PC389TAIN_-comme-il-a-fait-don-de-la-sienne-\u00e0-la-France-300x141.jpg\" alt=\"\" width=\"300\" height=\"141\" srcset=\"http:\/\/www.lecarrefourdesopinions.ca\/wp-content\/uploads\/2016\/02\/F4_Je_fais_don_de_ma_personne_au_MarC3A9chal_PC389TAIN_-comme-il-a-fait-don-de-la-sienne-\u00e0-la-France-300x141.jpg 300w, http:\/\/www.lecarrefourdesopinions.ca\/wp-content\/uploads\/2016\/02\/F4_Je_fais_don_de_ma_personne_au_MarC3A9chal_PC389TAIN_-comme-il-a-fait-don-de-la-sienne-\u00e0-la-France-400x188.jpg 400w, http:\/\/www.lecarrefourdesopinions.ca\/wp-content\/uploads\/2016\/02\/F4_Je_fais_don_de_ma_personne_au_MarC3A9chal_PC389TAIN_-comme-il-a-fait-don-de-la-sienne-\u00e0-la-France.jpg 599w\" sizes=\"auto, (max-width: 300px) 100vw, 300px\" \/><\/p>\n<p align=\"JUSTIFY\">\n<p align=\"JUSTIFY\"><span style=\"font-size: large;\"><strong>F4\u00a0: <\/strong><\/span><span style=\"color: #632423;\"><span style=\"font-size: large;\"><em><strong>\u00ab\u00a0<\/strong><\/em><\/span><\/span><span style=\"color: #632423;\"><span style=\"font-family: Arial, sans-serif;\"><span style=\"font-size: large;\"><em><strong>Je fais don de ma personne au Mar\u00e9chal P\u00c9TAIN comme il a fait don de la sienne \u00e0 la France. Je m\u2019engage \u00e0 servir ses disciplines et \u00e0 rester fid\u00e8le \u00e0 sa personne et \u00e0 son \u0153uvre<\/strong><\/em><\/span><\/span><\/span><span style=\"color: #632423;\"><span style=\"font-size: large;\"><em><strong>. (Fran\u00e7ois MITTERRAND)\u00a0\u00bb. <\/strong><\/em><\/span><\/span><span style=\"color: #c00000;\"><span style=\"font-size: large;\"><em><strong>Et jusqu\u2019\u00e0 sa mort, Tonton fut fid\u00e8le \u00e0 son engagement\u00a0!..<\/strong><\/em><\/span><\/span><\/p>\n<p align=\"JUSTIFY\">\n<p align=\"JUSTIFY\">\n<p align=\"JUSTIFY\"><span style=\"font-size: large;\">Ainsi, s\u2019agissant de notre dernier protagoniste militaire le plus grand, Charles De GAULLE.<\/span><\/p>\n<p align=\"JUSTIFY\">\n<p align=\"JUSTIFY\"><span style=\"font-size: large;\">Que pouvez-vous nous dire \u00e0 propos\u00a0:<\/span><\/p>\n<p align=\"JUSTIFY\">\n<ul>\n<li>\n<p align=\"JUSTIFY\"><span style=\"font-size: large;\">De son courage au combat, qu\u2019en 14-18 ou en 39-45.<\/span><\/p>\n<\/li>\n<\/ul>\n<p align=\"JUSTIFY\">\n<ul>\n<li>\n<p align=\"JUSTIFY\"><span style=\"font-size: large;\">De ses Arrangements Politiques pour l\u2019accession au Pouvoir.<\/span><\/p>\n<\/li>\n<\/ul>\n<p>&nbsp;<\/p>\n<ul>\n<li>\n<p align=\"JUSTIFY\"><span style=\"font-size: large;\">De la distinction possible entre son ambition pour la France et son Ambition Personnelle.<\/span><\/p>\n<\/li>\n<\/ul>\n<p>&nbsp;<\/p>\n<ul>\n<li>\n<p align=\"JUSTIFY\"><span style=\"font-size: large;\">De sa Loyaut\u00e9 envers P\u00c9TAIN, son Sup\u00e9rieur Hi\u00e9rarchique, son Protecteur et le Parrain de son fils Philippe De GAULLE.<\/span><\/p>\n<\/li>\n<\/ul>\n<p>&nbsp;<\/p>\n<p>\u00a0 \u00a0 \u00a0 \u00a0 \u00a0 \u00a0 \u00a0 \u00a0 \u00a0 \u00a0 \u00a0 \u00a0 \u00a0 \u00a0 \u00a0 \u00a0 \u00a0 \u00a0 \u00a0 \u00a0 \u00a0 \u00a0 \u00a0 \u00a0 \u00a0 \u00a0 \u00a0 \u00a0 \u00a0 \u00a0 \u00a0 \u00a0 \u00a0<img loading=\"lazy\" decoding=\"async\" class=\"alignnone size-medium wp-image-12023\" title=\"F5 Fran\u00e7ois la souris et Ramina Nouveau Shah d\u2019Iran\" src=\"http:\/\/www.lecarrefourdesopinions.ca\/wp-content\/uploads\/2016\/02\/F5-Fran\u00e7ois-la-souris-et-Ramina-Nouveau-Shah-d\u2019Iran-300x168.jpg\" alt=\"\" width=\"300\" height=\"168\" srcset=\"http:\/\/www.lecarrefourdesopinions.ca\/wp-content\/uploads\/2016\/02\/F5-Fran\u00e7ois-la-souris-et-Ramina-Nouveau-Shah-d\u2019Iran-300x168.jpg 300w, http:\/\/www.lecarrefourdesopinions.ca\/wp-content\/uploads\/2016\/02\/F5-Fran\u00e7ois-la-souris-et-Ramina-Nouveau-Shah-d\u2019Iran-400x224.jpg 400w, http:\/\/www.lecarrefourdesopinions.ca\/wp-content\/uploads\/2016\/02\/F5-Fran\u00e7ois-la-souris-et-Ramina-Nouveau-Shah-d\u2019Iran.jpg 635w\" sizes=\"auto, (max-width: 300px) 100vw, 300px\" \/><\/p>\n<p align=\"CENTER\"><span style=\"font-size: large;\"><strong>F5\u00a0: <\/strong><\/span><span style=\"color: #c00000;\"><span style=\"font-size: large;\"><em><strong>Fran\u00e7ois la souris et <\/strong><\/em><\/span><\/span><span style=\"color: #c00000;\"><span style=\"font-family: Arial, sans-serif;\"><span style=\"font-size: large;\"><em><strong>Ramina<\/strong><\/em><\/span><\/span><\/span><span style=\"color: #c00000;\"><span style=\"font-size: large;\"><em><strong> Nouveau Shah d\u2019Iran.<\/strong><\/em><\/span><\/span><\/p>\n<p>&nbsp;<\/p>\n<p align=\"JUSTIFY\"><span style=\"font-family: 'Comic Sans MS', cursive;\"><span style=\"font-size: large;\">Fixez-nous sur ces points, et alors\u2026 nous verrons.<\/span><\/span><\/p>\n<p align=\"JUSTIFY\">\n<p align=\"JUSTIFY\"><span style=\"font-family: 'Comic Sans MS', cursive;\"><span style=\"font-size: large;\">Faites ce premier pas pour nous assurer que vous pourrez remonter au moins, jusqu\u2019au Camp du Drap d\u2019Or de notre Fran\u00e7ois le Premier, \u00e0 partir de notre Fran\u00e7ois le Pr\u00e9sent avec l\u2019Arabisation de la France.<\/span><\/span><\/p>\n<p align=\"JUSTIFY\">\n<p align=\"JUSTIFY\"><span style=\"font-family: 'Comic Sans MS', cursive;\"><span style=\"font-size: large;\">Alors, peut-\u00eatre que gr\u00e2ce \u00e0 vous, l\u2019Histoire cessera de n\u2019\u00eatre qu\u2019un Fatras de Bobards \u00e0 la Fran\u00e7aise<\/span><\/span><span style=\"font-size: large;\">. <\/span><\/p>\n<p align=\"JUSTIFY\">\n<p align=\"JUSTIFY\">\n<script type=\"text\/javascript\">\n\nvar addthis_config = {\"data_track_clickback\":false,\"data_track_addressbar\":false,\"data_track_textcopy\":false};\n<\/script><script type=\"text\/javascript\" src=\"\/\/s7.addthis.com\/js\/250\/addthis_widget.js#pubid=a457a6d63fb9e6ccabdde4110343bd85\"><\/script>","protected":false},"excerpt":{"rendered":"<p align=\"CENTER\">\u00a0Qui d\u2019Achille ou d\u2019Hector, avait Raison ou Tort.<\/p>\n<p lang=\"\">\n<p>&nbsp;<\/p>\n<p><span style=\"color: #5f497a;\"><span style=\"font-family: 'Comic Sans MS', cursive;\"><span style=\"font-size: large;\">\u00ab\u00a0<\/span><\/span><\/span><span style=\"color: #5f497a;\"><span style=\"font-family: Arial, sans-serif;\"><span style=\"font-size: large;\">L\u2019Histoire de France\u2026 c\u2019est l\u2019ennemi\u00a0!<\/span><\/span><\/span><\/p>\n<p>&nbsp;<\/p>\n<p><span style=\"color: #5f497a;\"><span style=\"font-family: Arial, sans-serif;\"><span style=\"font-size: large;\">J\u2019ai d\u00e9cid\u00e9 de r\u00e9agir.<\/span><\/span><\/span><\/p>\n<p>&nbsp;<\/p>\n<p><span style=\"color: #5f497a;\"><span style=\"font-family: Arial, sans-serif;\"><span style=\"font-size: large;\">Je commence donc l\u2019enregistrement de vid\u00e9os dans lesquelles je vais raconter la v\u00e9ritable Histoire de <\/span><\/span><\/span>&hellip;<\/p>\n","protected":false},"author":1,"featured_media":0,"comment_status":"open","ping_status":"open","sticky":false,"template":"","format":"standard","meta":{"footnotes":""},"categories":[1],"tags":[],"class_list":["post-12017","post","type-post","status-publish","format-standard","hentry","category-accueil"],"_links":{"self":[{"href":"http:\/\/www.lecarrefourdesopinions.ca\/index.php?rest_route=\/wp\/v2\/posts\/12017","targetHints":{"allow":["GET"]}}],"collection":[{"href":"http:\/\/www.lecarrefourdesopinions.ca\/index.php?rest_route=\/wp\/v2\/posts"}],"about":[{"href":"http:\/\/www.lecarrefourdesopinions.ca\/index.php?rest_route=\/wp\/v2\/types\/post"}],"author":[{"embeddable":true,"href":"http:\/\/www.lecarrefourdesopinions.ca\/index.php?rest_route=\/wp\/v2\/users\/1"}],"replies":[{"embeddable":true,"href":"http:\/\/www.lecarrefourdesopinions.ca\/index.php?rest_route=%2Fwp%2Fv2%2Fcomments&post=12017"}],"version-history":[{"count":2,"href":"http:\/\/www.lecarrefourdesopinions.ca\/index.php?rest_route=\/wp\/v2\/posts\/12017\/revisions"}],"predecessor-version":[{"id":12025,"href":"http:\/\/www.lecarrefourdesopinions.ca\/index.php?rest_route=\/wp\/v2\/posts\/12017\/revisions\/12025"}],"wp:attachment":[{"href":"http:\/\/www.lecarrefourdesopinions.ca\/index.php?rest_route=%2Fwp%2Fv2%2Fmedia&parent=12017"}],"wp:term":[{"taxonomy":"category","embeddable":true,"href":"http:\/\/www.lecarrefourdesopinions.ca\/index.php?rest_route=%2Fwp%2Fv2%2Fcategories&post=12017"},{"taxonomy":"post_tag","embeddable":true,"href":"http:\/\/www.lecarrefourdesopinions.ca\/index.php?rest_route=%2Fwp%2Fv2%2Ftags&post=12017"}],"curies":[{"name":"wp","href":"https:\/\/api.w.org\/{rel}","templated":true}]}}