{"id":12004,"date":"2016-01-28T13:23:15","date_gmt":"2016-01-28T18:23:15","guid":{"rendered":"http:\/\/www.lecarrefourdesopinions.ca\/?p=12004"},"modified":"2016-01-28T13:24:55","modified_gmt":"2016-01-28T18:24:55","slug":"les-richissimes-b-s","status":"publish","type":"post","link":"http:\/\/www.lecarrefourdesopinions.ca\/?p=12004","title":{"rendered":"Les richissimes B.S."},"content":{"rendered":"<p align=\"CENTER\"><span style=\"font-size: large;\"><strong>Les richissimes B.S.<\/strong><\/span><\/p>\n<p align=\"JUSTIFY\"><span style=\"color: #800000;\"><em>Par G\u00e9rard Montpetit<\/em><\/span><\/p>\n<p align=\"JUSTIFY\"><span style=\"color: #000000;\"><span style=\"font-family: Helvetica, Arial, sans-serif;\">Dans le <\/span><\/span><span style=\"color: #000000;\"><span style=\"font-family: Helvetica, Arial, sans-serif;\"><em>Devoir<\/em><\/span><\/span><span style=\"color: #000000;\"><span style=\"font-family: Helvetica, Arial, sans-serif;\">, nous apprenons que Suncor vient d&rsquo;obtenir une subvention de 1,7 million de dollars; si l&rsquo;on doit croire le Minist\u00e8re: \u00ab&#8230;<\/span><\/span><span style=\"color: #000000;\"><span style=\"font-family: Helvetica, Arial, sans-serif;\"><em>Les fonds publics ont \u00e9t\u00e9 octroy\u00e9s dans le cadre du programme \u00c9coPerformance, mis sur pied afin de r\u00e9duire les \u00e9missions de gaz (GES) \u00e0 effet de serre au Qu\u00e9bec<\/em><\/span><\/span><span style=\"color: #000000;\"><span style=\"font-family: Helvetica, Arial, sans-serif;\">&#8230;<\/span><\/span><span style=\"color: #000000;\"><span style=\"font-family: Helvetica, Arial, sans-serif;\">[1]<\/span><\/span><span style=\"color: #000000;\"><span style=\"font-family: Helvetica, Arial, sans-serif;\">\u00bb Quoi? Une p\u00e9troli\u00e8re, dont l&rsquo;objectif \u00e0 long terme est d&rsquo;accroitre sa production de sables bitumineux, re\u00e7oit une subvention pour r\u00e9duire les \u00e9missions de gaz \u00e0 effet de serre? O\u00f9 faudrait-il interner ceux qui ont mijot\u00e9 cette aberration: dans une prison ou dans un institut psychiatrique?<\/span><\/span><\/p>\n<p align=\"JUSTIFY\">\n<p align=\"JUSTIFY\">\n<p align=\"JUSTIFY\">\n<p align=\"JUSTIFY\">\n<p align=\"JUSTIFY\"><span style=\"color: #000000;\"><span style=\"font-family: Helvetica, Arial, sans-serif;\">Quoi qu&rsquo;il en soit, c&rsquo;est un d\u00e9tournement de la lettre et de l&rsquo;esprit des belles paroles d&rsquo;un gouvernement qui dit vouloir r\u00e9duire ses GES. On voit \u00e9galement ces aberrations lorsque le Fonds vert du gouvernement octroie une subvention pour des <\/span><\/span><span style=\"color: #000000;\"><span style=\"font-family: Helvetica, Arial, sans-serif;\"><em>winglets<\/em><\/span><\/span><span style=\"color: #000000;\"><span style=\"font-family: Helvetica, Arial, sans-serif;\"> des avions d&rsquo;Air Canada. Au moins, ces <\/span><\/span><span style=\"color: #000000;\"><span style=\"font-family: Helvetica, Arial, sans-serif;\"><em>winglets<\/em><\/span><\/span><span style=\"color: #000000;\"><span style=\"font-family: Helvetica, Arial, sans-serif;\"> permettent une l\u00e9g\u00e8re diminution de la consommation de carburant. La politique de r\u00e9duction des GES du gouvernement Couillard, c&rsquo;est du grand n&rsquo;importe quoi!<\/span><\/span><\/p>\n<p align=\"JUSTIFY\">\n<p align=\"JUSTIFY\">\n<p align=\"JUSTIFY\">\n<p align=\"JUSTIFY\"><span style=\"color: #000000;\"><span style=\"font-family: Helvetica, Arial, sans-serif;\">Les fonds verts sont un outil qui devrait permettre d&rsquo;aider nos industries \u00e0 trouver des moyens pour faire la transition vers une \u00e9conomie d\u00e9carbonis\u00e9e, ce qui nous permettrait de respecter nos engagements \u00e0 la Conf\u00e9rence de Paris. Cette fois, je suis d&rsquo;accord avec Mme Fran\u00e7oise Bertrand: \u00ab&#8230;<\/span><\/span><span style=\"color: #000000;\"><span style=\"font-family: Helvetica, Arial, sans-serif;\"><em> jusqu\u2019\u00e0 pr\u00e9sent, un grand flou r\u00e8gne sur la mani\u00e8re dont sont d\u00e9pens\u00e9es les sommes engrang\u00e9es par le Fonds vert, une situation d\u00e9cri\u00e9e par le V\u00e9rificateur g\u00e9n\u00e9ral du Qu\u00e9bec en 2014<\/em><\/span><\/span><span style=\"color: #000000;\"><span style=\"font-family: Helvetica, Arial, sans-serif;\">&#8230;[2]\u00bb<\/span><\/span><\/p>\n<p align=\"JUSTIFY\">\n<p align=\"JUSTIFY\">\n<p align=\"JUSTIFY\">\n<p align=\"JUSTIFY\">\n<p align=\"JUSTIFY\"><span style=\"color: #000000;\"><span style=\"font-family: Helvetica, Arial, sans-serif;\">L&rsquo;octroi de cette subvention de 1,7 million \u00e0 Suncor fait partie d&rsquo;une relation tr\u00e8s discutable entre les p\u00e9troli\u00e8res et les gouvernements. Est-ce une indication du poids des lobbyistes? Cela va dans le sens de la vieille habitude de divers pays de soutenir l&rsquo;exploitation des \u00e9nergies fossiles par des subventions et des mesures fiscales qui co\u00fbtent 5300 milliards par ann\u00e9e[4]. D&rsquo;ailleurs, chez nos voisins du Sud, chaque fois qu&rsquo;on investit un dollar dans les \u00e9nergies renouvelables, c&rsquo;est 2,50$ qu&rsquo;on injecte dans les \u00e9nergies fossiles[3]. Cherchez l&rsquo;erreur!<\/span><\/span><\/p>\n<p align=\"JUSTIFY\">\n<p align=\"JUSTIFY\">\n<p align=\"JUSTIFY\">\n<p align=\"JUSTIFY\">\n<p align=\"JUSTIFY\"><span style=\"color: #000000;\"><span style=\"font-family: Helvetica, Arial, sans-serif;\">L&rsquo;argent du Fonds vert doit aller vers le d\u00e9veloppement des \u00e9nergies vertes et non vers les \u00e9nergies noires!<\/span><\/span><span style=\"color: #000000;\"><span style=\"font-family: Helvetica, Arial, sans-serif;\">Durant les ann\u00e9es 70, M.\u00a0Lewis, alors chef du NPD, d\u00e9non\u00e7ait les <\/span><\/span><span style=\"color: #000000;\"><span style=\"font-family: Helvetica, Arial, sans-serif;\"><em>Corporate welfare bums<\/em><\/span><\/span><span style=\"color: #000000;\"><span style=\"font-family: Helvetica, Arial, sans-serif;\">. Ces jours-ci, le ministre Hamad veut couper le BS aux b\u00e9n\u00e9ficiaires qui ne veulent pas ou ne peuvent pas travailler. Le gouvernement Couillard ferait plus d&rsquo;\u00e9conomies en coupant les subventions aux richissimes \u00abBougon\u00bb que sont les p\u00e9troli\u00e8res<\/span><\/span><span style=\"color: #1a1a1a;\"><span style=\"font-family: Helvetica, Arial, sans-serif;\">.<\/span><\/span><\/p>\n<p style=\"text-align: center;\" align=\"JUSTIFY\">\u00a0********************<\/p>\n<p align=\"JUSTIFY\"><span style=\"font-size: small;\">1] <\/span><span style=\"color: #0950c4;\"><span style=\"font-family: Helvetica, Arial, sans-serif;\"><span style=\"font-size: small;\"><span style=\"text-decoration: underline;\">http:\/\/goo.gl\/CmVFz4<\/span><\/span><\/span><\/span><\/p>\n<p align=\"JUSTIFY\">\n<p align=\"JUSTIFY\"><span style=\"font-size: small;\">2] <\/span><span style=\"color: #000080;\"><span style=\"text-decoration: underline;\"><a href=\"http:\/\/goo.gl\/ePkQWS\"><span style=\"color: #0950c4;\"><span style=\"font-family: Helvetica, Arial, sans-serif;\"><span style=\"font-size: small;\">http:\/\/goo.gl\/ePkQWS<\/span><\/span><\/span><\/a><\/span><\/span><\/p>\n<p align=\"JUSTIFY\">\n<p align=\"JUSTIFY\"><span style=\"color: #0950c4;\"><span style=\"font-family: Helvetica, Arial, sans-serif;\"><span style=\"font-size: small;\">3] <\/span><\/span><\/span><span style=\"color: #000080;\"><span style=\"text-decoration: underline;\"><a href=\"http:\/\/goo.gl\/UnV58U\"><span style=\"color: #0950c4;\"><span style=\"font-family: Helvetica, Arial, sans-serif;\"><span style=\"font-size: small;\">http:\/\/goo.gl\/UnV58U<\/span><\/span><\/span><\/a><\/span><\/span><\/p>\n<p align=\"JUSTIFY\">\n<p align=\"JUSTIFY\"><span style=\"color: #0950c4;\"><span style=\"font-family: Helvetica, Arial, sans-serif;\"><span style=\"font-size: small;\">4] <\/span><\/span><\/span><span style=\"color: #0950c4;\"><span style=\"font-family: Helvetica, Arial, sans-serif;\"><span style=\"font-size: small;\"><span style=\"text-decoration: underline;\">http:\/\/goo.gl\/LSzBXD<\/span><\/span><\/span><\/span><\/p>\n<p>&nbsp;<\/p>\n<p>&nbsp;<\/p>\n<p>&nbsp;<\/p>\n<script type=\"text\/javascript\">\n\nvar addthis_config = {\"data_track_clickback\":false,\"data_track_addressbar\":false,\"data_track_textcopy\":false};\n<\/script><script type=\"text\/javascript\" src=\"\/\/s7.addthis.com\/js\/250\/addthis_widget.js#pubid=a457a6d63fb9e6ccabdde4110343bd85\"><\/script>","protected":false},"excerpt":{"rendered":"<p align=\"CENTER\"><span style=\"font-size: large;\">Les richissimes B.S.<\/span><\/p>\n<p align=\"JUSTIFY\"><span style=\"color: #800000;\">Par G\u00e9rard Montpetit<\/span><\/p>\n<p align=\"JUSTIFY\"><span style=\"color: #000000;\"><span style=\"font-family: Helvetica, Arial, sans-serif;\">Dans le <\/span><\/span><span style=\"color: #000000;\"><span style=\"font-family: Helvetica, Arial, sans-serif;\">Devoir<\/span><\/span><span style=\"color: #000000;\"><span style=\"font-family: Helvetica, Arial, sans-serif;\">, nous apprenons que Suncor vient d&rsquo;obtenir une subvention de 1,7 million de dollars; si l&rsquo;on doit croire le Minist\u00e8re: \u00ab&#8230;<\/span><\/span><span style=\"color: #000000;\"><span style=\"font-family: Helvetica, Arial, sans-serif;\">Les fonds publics ont \u00e9t\u00e9 octroy\u00e9s dans <\/span><\/span>&hellip;<\/p>\n","protected":false},"author":1,"featured_media":0,"comment_status":"open","ping_status":"open","sticky":false,"template":"","format":"standard","meta":{"footnotes":""},"categories":[1],"tags":[],"class_list":["post-12004","post","type-post","status-publish","format-standard","hentry","category-accueil"],"_links":{"self":[{"href":"http:\/\/www.lecarrefourdesopinions.ca\/index.php?rest_route=\/wp\/v2\/posts\/12004","targetHints":{"allow":["GET"]}}],"collection":[{"href":"http:\/\/www.lecarrefourdesopinions.ca\/index.php?rest_route=\/wp\/v2\/posts"}],"about":[{"href":"http:\/\/www.lecarrefourdesopinions.ca\/index.php?rest_route=\/wp\/v2\/types\/post"}],"author":[{"embeddable":true,"href":"http:\/\/www.lecarrefourdesopinions.ca\/index.php?rest_route=\/wp\/v2\/users\/1"}],"replies":[{"embeddable":true,"href":"http:\/\/www.lecarrefourdesopinions.ca\/index.php?rest_route=%2Fwp%2Fv2%2Fcomments&post=12004"}],"version-history":[{"count":3,"href":"http:\/\/www.lecarrefourdesopinions.ca\/index.php?rest_route=\/wp\/v2\/posts\/12004\/revisions"}],"predecessor-version":[{"id":12006,"href":"http:\/\/www.lecarrefourdesopinions.ca\/index.php?rest_route=\/wp\/v2\/posts\/12004\/revisions\/12006"}],"wp:attachment":[{"href":"http:\/\/www.lecarrefourdesopinions.ca\/index.php?rest_route=%2Fwp%2Fv2%2Fmedia&parent=12004"}],"wp:term":[{"taxonomy":"category","embeddable":true,"href":"http:\/\/www.lecarrefourdesopinions.ca\/index.php?rest_route=%2Fwp%2Fv2%2Fcategories&post=12004"},{"taxonomy":"post_tag","embeddable":true,"href":"http:\/\/www.lecarrefourdesopinions.ca\/index.php?rest_route=%2Fwp%2Fv2%2Ftags&post=12004"}],"curies":[{"name":"wp","href":"https:\/\/api.w.org\/{rel}","templated":true}]}}