{"id":11919,"date":"2015-12-28T13:50:22","date_gmt":"2015-12-28T18:50:22","guid":{"rendered":"http:\/\/www.lecarrefourdesopinions.ca\/?p=11919"},"modified":"2015-12-28T13:50:22","modified_gmt":"2015-12-28T18:50:22","slug":"une-dette-qui-bavoche-a-qui-en-est-la-faute","status":"publish","type":"post","link":"http:\/\/www.lecarrefourdesopinions.ca\/?p=11919","title":{"rendered":"Une Dette qui bavoche, \u00e0 qui en est la Faute."},"content":{"rendered":"<p align=\"CENTER\"><span style=\"color: #c00000;\"><em><strong><em><strong>Une Dette qui bavoche, \u00e0 qui en est la Faute.<\/strong><\/em>==========<\/strong><\/em><\/span><\/p>\n<p align=\"JUSTIFY\"><span style=\"color: #c00000;\"><span style=\"font-family: 'Comic Sans MS', cursive;\"><span>\u00ab\u00a0<\/span><\/span><\/span><span style=\"color: #c00000;\"><span style=\"font-family: Cambria, serif;\"><span><strong>Notre M\u00e9tier n\u2019est pas de faire plaisir, Non plus de faire tort \u00e0 qui que ce soit, Ni pour quoi que ce soit, Il est de porter la plume dans la plaie<\/strong><\/span><\/span><\/span><span style=\"color: #c00000;\"><span style=\"font-family: Cambria, serif;\"><span>\u00a0\u00bb. (Albert LONDRES).<\/span><\/span><\/span><\/p>\n<p align=\"CENTER\"><span style=\"color: #c00000;\"><em><strong>==========<\/strong><\/em><\/span><\/p>\n<p style=\"text-align: left;\" align=\"CENTER\">\u00a0<img loading=\"lazy\" decoding=\"async\" class=\"alignnone size-thumbnail wp-image-11439\" title=\"Eric\" src=\"http:\/\/www.lecarrefourdesopinions.ca\/wp-content\/uploads\/2015\/04\/Eric-134x107.jpg\" alt=\"\" width=\"134\" height=\"107\" \/><\/p>\n<p align=\"JUSTIFY\"><span style=\"color: #800000;\">\u00c9ric E.G. NOGARD<\/span><\/p>\n<p align=\"JUSTIFY\"><span style=\"color: #800000;\"><em>Chroniqueur<\/em>.<\/span><\/p>\n<p align=\"JUSTIFY\"><span style=\"font-family: Arial, sans-serif;\"><span><strong>La France prisonni\u00e8re de sa dette colossale majoritairement d\u00e9tenue par des \u00e9trangers.<\/strong><\/span><\/span><\/p>\n<p align=\"JUSTIFY\">\n<p align=\"JUSTIFY\"><span style=\"color: #0000cc;\"><span style=\"font-family: Arial, sans-serif;\"><span style=\"font-size: large;\"><strong>L\u2019INSEE a publi\u00e9 les chiffres de l\u2019endettement qui fr\u00f4le d\u00e9sormais les 2200 milliards d\u2019euros. Mais qui la d\u00e9tient ? Avec un endettement aussi colossal, la France perd son ind\u00e9pendance.<\/strong><\/span><\/span><\/span><\/p>\n<p align=\"JUSTIFY\">\n<p align=\"JUSTIFY\"><span style=\"font-size: large;\">ATLANTICO Business, le 24 d\u00e9cembre 2015.<\/span><\/p>\n<p align=\"CENTER\">\n<p align=\"CENTER\">\n<p align=\"CENTER\"><span style=\"font-size: large;\">*** *** ***<\/span><\/p>\n<p align=\"JUSTIFY\"><span style=\"font-size: large;\"><strong>UNE DETTE QUI BAVOCHE, A QUI EN EST LA FAUTE.<\/strong><\/span><\/p>\n<p align=\"JUSTIFY\">\n<p align=\"JUSTIFY\">\u00a0 \u00a0 \u00a0 \u00a0 \u00a0 \u00a0 \u00a0 \u00a0 \u00a0 \u00a0 \u00a0 \u00a0 \u00a0 \u00a0 \u00a0 \u00a0 \u00a0 \u00a0 \u00a0 \u00a0 \u00a0 \u00a0 \u00a0 \u00a0 \u00a0 \u00a0 \u00a0 \u00a0<img loading=\"lazy\" decoding=\"async\" class=\"alignnone size-medium wp-image-11920\" title=\"F1 Le mieux serait peut \u00eatre de nous dire pourquoi\" src=\"http:\/\/www.lecarrefourdesopinions.ca\/wp-content\/uploads\/2015\/12\/F1-Le-mieux-serait-peut-\u00eatre-de-nous-dire-pourquoi-300x224.jpg\" alt=\"\" width=\"300\" height=\"224\" srcset=\"http:\/\/www.lecarrefourdesopinions.ca\/wp-content\/uploads\/2015\/12\/F1-Le-mieux-serait-peut-\u00eatre-de-nous-dire-pourquoi-300x224.jpg 300w, http:\/\/www.lecarrefourdesopinions.ca\/wp-content\/uploads\/2015\/12\/F1-Le-mieux-serait-peut-\u00eatre-de-nous-dire-pourquoi-1024x765.jpg 1024w, http:\/\/www.lecarrefourdesopinions.ca\/wp-content\/uploads\/2015\/12\/F1-Le-mieux-serait-peut-\u00eatre-de-nous-dire-pourquoi-400x298.jpg 400w, http:\/\/www.lecarrefourdesopinions.ca\/wp-content\/uploads\/2015\/12\/F1-Le-mieux-serait-peut-\u00eatre-de-nous-dire-pourquoi.jpg 1460w\" sizes=\"auto, (max-width: 300px) 100vw, 300px\" \/><\/p>\n<p align=\"CENTER\"><span style=\"font-size: large;\"><strong>F1\u00a0: <\/strong><\/span><span style=\"color: #c00000;\"><span style=\"font-size: large;\"><em><strong>Le mieux serait peut-\u00eatre de nous dire pourquoi.<\/strong><\/em><\/span><\/span><\/p>\n<p align=\"JUSTIFY\"><span style=\"font-family: 'Comic Sans MS', cursive;\"><span style=\"font-size: large;\"><strong>La Nation<\/strong><\/span><\/span><span style=\"font-family: 'Comic Sans MS', cursive;\"><span style=\"font-size: large;\">. Dans sa lassitude \u00e0 entendre parler de fa\u00e7on bavrocharde d\u2019une dette qui la gobe, la prenant pour une moule, sans que ses dignitaires ne tentent le moins du monde d\u2019en d\u00e9noncer l\u2019auteur, et encore moins de le forlancer de son labyrinthe.<\/span><\/span><\/p>\n<p align=\"JUSTIFY\">\n<p align=\"JUSTIFY\"><span style=\"font-family: 'Comic Sans MS', cursive;\"><span style=\"font-size: large;\"><strong>La Nation<\/strong><\/span><\/span><span style=\"font-family: 'Comic Sans MS', cursive;\"><span style=\"font-size: large;\">. Dans la situation d\u2019hypotrophie dans laquelle elle se trouve maintenue par la longe culturelle que lui veulent les d\u00e9positaires de sa Souverainet\u00e9.<\/span><\/span><\/p>\n<p align=\"JUSTIFY\">\n<p align=\"JUSTIFY\"><span style=\"font-family: 'Comic Sans MS', cursive;\"><span style=\"font-size: large;\"><strong>La Nation<\/strong><\/span><\/span><span style=\"font-family: 'Comic Sans MS', cursive;\"><span style=\"font-size: large;\">. De sa longanimit\u00e9, ne risque-t-elle pas de se d\u00e9partir brutalement \u00e0 force de subir<\/span><\/span><span style=\"font-size: large;\">.<\/span><\/p>\n<p align=\"JUSTIFY\">\n<p align=\"JUSTIFY\"><span style=\"font-size: large;\"><em><strong>C\u2019est juste ce qu\u2019il faut Craindre et, en m\u00eame temps, ce \u00e0 quoi on semble la forcer<\/strong><\/em><\/span><span style=\"font-size: large;\">.<\/span><\/p>\n<p align=\"JUSTIFY\">\n<p align=\"JUSTIFY\"><span style=\"font-size: large;\">Qu\u2019elle se mette en furie et qu\u2019elle saccage aveugl\u00e9ment\u2026 tant qu\u2019elle peut\u2026 jusqu\u2019\u00e0 plus soif de se venger\u2026 les tireurs de ficelles sont ma\u00eetres \u00e0 ce jeu l\u00e0.<\/span><\/p>\n<p align=\"JUSTIFY\">\n<p align=\"JUSTIFY\"><span style=\"font-size: large;\"><em><strong>Ainsi les bons paieront pour les mauvais, la fi\u00e8vre sera tomb\u00e9e, \u00ab\u00a0on recommencera du bon pied\u00a0\u00bb., avec les m\u00eames, change-t-on une \u00e9quipe qui \u00ab\u00a0gagne\u00a0\u00bb<\/strong><\/em><\/span><span style=\"font-size: large;\">.<\/span><\/p>\n<p align=\"JUSTIFY\">\n<p align=\"JUSTIFY\"><span style=\"font-size: large;\">La Vie n\u2019est-elle pas un perp\u00e9tuel recommencement se dit-on en mani\u00e8re de Consolation \u00e0 bon march\u00e9\u2026 pour en \u00eatre quitte \u00e0 bon march\u00e9.<\/span><\/p>\n<p align=\"JUSTIFY\">\n<p align=\"JUSTIFY\"><span style=\"font-size: large;\"><em><strong>Les bons auront pay\u00e9 pour les mauvais une Dette qui pourtant se sera aggrav\u00e9e au lieu de s\u2019en trouver apur\u00e9e si peu que ce soit<\/strong><\/em><\/span><span style=\"font-size: large;\">.<\/span><\/p>\n<p align=\"JUSTIFY\">\n<p align=\"JUSTIFY\"><span style=\"font-size: large;\">Une fois de plus, le troupeau aura march\u00e9 en bon troupeau de moutons.<\/span><\/p>\n<p align=\"JUSTIFY\">\n<p align=\"JUSTIFY\"><span style=\"font-size: large;\">Car enfin, le Pays \u00e9tait Riche, il n\u2019y a pas longtemps.<\/span><\/p>\n<p align=\"JUSTIFY\">\n<p style=\"text-align: left;\" align=\"CENTER\">\u00a0 \u00a0 \u00a0 \u00a0 \u00a0 \u00a0 \u00a0 \u00a0 \u00a0 \u00a0 \u00a0 \u00a0 \u00a0 \u00a0 \u00a0 \u00a0 \u00a0 \u00a0 \u00a0 \u00a0 \u00a0 \u00a0 \u00a0 \u00a0 \u00a0 \u00a0 \u00a0 \u00a0 \u00a0\u00a0<img loading=\"lazy\" decoding=\"async\" class=\"alignnone size-medium wp-image-11921\" title=\"F2 Le voil\u00e0 pr\u00eat pour notre Ind\u00e9pendance\" src=\"http:\/\/www.lecarrefourdesopinions.ca\/wp-content\/uploads\/2015\/12\/F2-Le-voil\u00e0-pr\u00eat-pour-notre-Ind\u00e9pendance-300x118.jpg\" alt=\"\" width=\"300\" height=\"118\" srcset=\"http:\/\/www.lecarrefourdesopinions.ca\/wp-content\/uploads\/2015\/12\/F2-Le-voil\u00e0-pr\u00eat-pour-notre-Ind\u00e9pendance-300x118.jpg 300w, http:\/\/www.lecarrefourdesopinions.ca\/wp-content\/uploads\/2015\/12\/F2-Le-voil\u00e0-pr\u00eat-pour-notre-Ind\u00e9pendance-1024x403.jpg 1024w, http:\/\/www.lecarrefourdesopinions.ca\/wp-content\/uploads\/2015\/12\/F2-Le-voil\u00e0-pr\u00eat-pour-notre-Ind\u00e9pendance-400x157.jpg 400w, http:\/\/www.lecarrefourdesopinions.ca\/wp-content\/uploads\/2015\/12\/F2-Le-voil\u00e0-pr\u00eat-pour-notre-Ind\u00e9pendance.jpg 1581w\" sizes=\"auto, (max-width: 300px) 100vw, 300px\" \/><\/p>\n<p align=\"CENTER\"><span style=\"font-size: large;\"><strong>F2\u00a0: <\/strong><\/span><span style=\"color: #c00000;\"><span style=\"font-size: large;\"><em><strong>Le voil\u00e0 pr\u00eat pour notre Ind\u00e9pendance\u00a0!<\/strong><\/em><\/span><\/span><\/p>\n<p align=\"JUSTIFY\"><span style=\"font-size: large;\"><em><strong>Par quelles fen\u00eatres aurait-il jet\u00e9 tout son Or et par la faute de qui, \u00e9tant bien entendu qu\u2019il n\u2019y a pas comme le Mono-National Fran\u00e7ais pour Cajoler son \u00ab\u00a0bas de laine\u00a0\u00bb<\/strong><\/em><\/span><span style=\"font-size: large;\">.<\/span><\/p>\n<p align=\"JUSTIFY\">\n<p align=\"JUSTIFY\"><span style=\"font-size: large;\">\u00c9tant bien entendu aussi, qu\u2019on ne saurait faire grief aux Bi-Nationaux Maghr\u00e9bins que le Pays soit \u00e0 ce point sur la Paille\u2026 ils n\u2019\u00e9taient encore rien, tout comme l\u2019Agneau de la Fable n\u2019\u00e9tait pas encore n\u00e9.<\/span><\/p>\n<p align=\"JUSTIFY\">\n<p align=\"JUSTIFY\">\n<p style=\"text-align: left;\" align=\"CENTER\">\u00a0 \u00a0 \u00a0 \u00a0 \u00a0 \u00a0 \u00a0 \u00a0 \u00a0 \u00a0 \u00a0 \u00a0 \u00a0 \u00a0 \u00a0 \u00a0 \u00a0 \u00a0 \u00a0 \u00a0 \u00a0<img loading=\"lazy\" decoding=\"async\" class=\"alignnone size-medium wp-image-11922\" title=\"F3 Les Maghr\u00e9bins \u00e9taient alors comme l\u2019Agneau de la Fable\" src=\"http:\/\/www.lecarrefourdesopinions.ca\/wp-content\/uploads\/2015\/12\/F3-Les-Maghr\u00e9bins-\u00e9taient-alors-comme-l\u2019Agneau-de-la-Fable-300x186.jpg\" alt=\"\" width=\"300\" height=\"186\" srcset=\"http:\/\/www.lecarrefourdesopinions.ca\/wp-content\/uploads\/2015\/12\/F3-Les-Maghr\u00e9bins-\u00e9taient-alors-comme-l\u2019Agneau-de-la-Fable-300x186.jpg 300w, http:\/\/www.lecarrefourdesopinions.ca\/wp-content\/uploads\/2015\/12\/F3-Les-Maghr\u00e9bins-\u00e9taient-alors-comme-l\u2019Agneau-de-la-Fable-400x248.jpg 400w, http:\/\/www.lecarrefourdesopinions.ca\/wp-content\/uploads\/2015\/12\/F3-Les-Maghr\u00e9bins-\u00e9taient-alors-comme-l\u2019Agneau-de-la-Fable.jpg 882w\" sizes=\"auto, (max-width: 300px) 100vw, 300px\" \/><\/p>\n<p align=\"CENTER\">\n<p align=\"CENTER\"><span style=\"font-size: large;\"><strong>F3\u00a0: <\/strong><\/span><span style=\"color: #c00000;\"><span style=\"font-size: large;\"><em><strong>Les Maghr\u00e9bins \u00e9taient alors comme l\u2019Agneau de la Fable.<\/strong><\/em><\/span><\/span><\/p>\n<p align=\"JUSTIFY\">\n<p align=\"JUSTIFY\">\n<p align=\"JUSTIFY\"><span style=\"font-size: large;\"><em><strong>Cependant pensons-y sans accuser personne\u2026 ne faut-il pas commencer par un bout<\/strong><\/em><\/span><span style=\"font-size: large;\">.<\/span><\/p>\n<p align=\"JUSTIFY\">\n<p align=\"JUSTIFY\"><span style=\"font-size: large;\">Le Communisme en son temps de Grandeur L\u00c9NINO-TROTSKYTO-STALINIENNE, en notre Pays de France, n\u2019\u00e9tait-il pas une mani\u00e8re de Proto-Bi-Nationalisme FRACO-SOVIET Fr\u00e8re Siamois de la <\/span><span style=\"font-size: large;\"><strong>SFIO, <\/strong><\/span><span style=\"font-size: large;\">dont est n\u00e9 le <\/span><span style=\"font-size: large;\"><strong>PS<\/strong><\/span><span style=\"font-size: large;\"> (Parti socialiste Fran\u00e7ais).<\/span><\/p>\n<p align=\"JUSTIFY\">\n<p align=\"JUSTIFY\"><span style=\"font-size: large;\">La<\/span><span style=\"font-size: large;\"><strong> SFIO,<\/strong><\/span><span style=\"font-size: large;\"> Section Fran\u00e7aise de l\u2019Internationale Ouvri\u00e8re dont furent les Accusateurs de P\u00c9TAIN en ce Proc\u00e8s en D\u00e9ch\u00e9ance qui lui fut fait. <\/span><\/p>\n<p align=\"JUSTIFY\">\n<p align=\"JUSTIFY\"><span style=\"font-size: large;\">La <\/span><span style=\"font-size: large;\"><strong>SFIO<\/strong><\/span><span style=\"font-size: large;\">, d\u2019inspiration MARXISTE-L\u00c9NINISTE comme \u00c9mile ZOLA le r\u00e9v\u00e8le dans son \u0153uvre, GERMINAL, qu\u2019il convient de relire.<\/span><\/p>\n<p align=\"JUSTIFY\">\n<p align=\"JUSTIFY\">\n<p align=\"JUSTIFY\"><span style=\"font-family: 'Comic Sans MS', cursive;\"><span style=\"font-size: large;\"><em><strong>Le Fran\u00e7ais Converti \u00e9tait-il plus FRAN\u00c7AIS que SOVIET<\/strong><\/em><\/span><\/span><span style=\"font-family: 'Comic Sans MS', cursive;\"><span style=\"font-size: large;\"><em><strong>ou plus SOVIET que FRAN\u00c7AIS<\/strong><\/em><\/span><\/span><span style=\"font-family: 'Comic Sans MS', cursive;\"><span style=\"font-size: large;\"> sans qu\u2019il s\u2019en rende Compte eu \u00e9gard au Lavage de Cerveau propre \u00e0 le rendre plus Fanatique que RAVAILLAC en personne.<\/span><\/span><\/p>\n<p align=\"JUSTIFY\">\n<p align=\"JUSTIFY\"><span style=\"font-family: 'Comic Sans MS', cursive;\"><span style=\"font-size: large;\"><em><strong>De-GAULLE se l\u2019\u00e9tait-il jamais demand\u00e9, s\u2019il ne le savait d\u00e9j\u00e0 et depuis fort longtemps, peut-\u00eatre mieux que personne<\/strong><\/em><\/span><\/span><span style=\"font-family: 'Comic Sans MS', cursive;\"><span style=\"font-size: large;\">, que le Communiste Fran\u00e7ais de son temps n\u2019\u00e9tait en fait qu\u2019un Bi-National \u00e0 fort penchant pour la Faucille et le Marteau.<\/span><\/span><\/p>\n<p align=\"JUSTIFY\">\n<p align=\"JUSTIFY\">\n<p align=\"JUSTIFY\"><span style=\"font-family: 'Comic Sans MS', cursive;\"><span style=\"font-size: large;\"><em><strong>Une Dette qui nous Gobe, sachons \u00e0 qui en est la Faute, pour que les bons n\u2019aient pas \u00e0 payer pour les mauvais<\/strong><\/em><\/span><\/span><span style=\"font-size: large;\">.<\/span><\/p>\n<p align=\"JUSTIFY\">\n<p align=\"JUSTIFY\"><span style=\"font-family: 'Comic Sans MS', cursive;\"><span style=\"font-size: large;\">Dans notre Souci de Culture, penchons nous sur notre Histoire et bien des choses nous seront Claires<\/span><\/span><span style=\"font-size: large;\">.<\/span><\/p>\n<p align=\"CENTER\"><span style=\"font-size: large;\"><strong>*** *** **<\/strong><\/span><\/p>\n<p align=\"CENTER\"><span style=\"color: #ff0000;\"><span><strong>Ne Peut \u00eatre reproduit &#8211; m\u00eame partiellement &#8211; sans l\u2019autorisation de l\u2019Auteur.<\/strong><\/span><\/span><\/p>\n<p align=\"CENTER\">\n<p align=\"CENTER\">\n<p align=\"CENTER\"><span style=\"font-size: large;\"><strong>*** *** ***<\/strong><\/span><\/p>\n<p align=\"CENTER\"><span style=\"color: #ff0000;\"><span style=\"font-size: large;\"><strong>Nota : <\/strong><\/span><\/span><span style=\"color: #000000;\"><span style=\"font-size: large;\">Nous ne traitons que de Faits et de Noms rendus Publics.<\/span><\/span><\/p>\n<p align=\"CENTER\"><span style=\"color: #000000;\"><span style=\"font-size: large;\">*** *** ***<\/span><\/span><\/p>\n<p align=\"JUSTIFY\"><span style=\"font-size: large;\"><strong>N.B.:<\/strong><\/span><span style=\"font-size: large;\"> &#8211; <\/span><span style=\"color: #c00000;\"><span style=\"font-family: 'Comic Sans MS', cursive;\"><span style=\"font-size: large;\">Nous Recommandons instamment et syst\u00e9matiquement l\u2019ouverture de la (ou des) pi\u00e8ce(s) jointe(s) \u00e0 l\u2019e-mail, sous format Pdf, <\/span><\/span><\/span><span style=\"color: #c00000;\"><span style=\"font-family: 'Comic Sans MS', cursive;\"><span style=\"font-size: large;\"><span style=\"text-decoration: underline;\">les illustrations y sont incluses<\/span><\/span><\/span><\/span><span style=\"color: #c00000;\"><span style=\"font-family: 'Comic Sans MS', cursive;\"><span style=\"font-size: large;\">.<\/span><\/span><\/span><\/p>\n<p align=\"JUSTIFY\">\n<p align=\"CENTER\"><span style=\"font-size: large;\"><strong>*** *** ***<\/strong><\/span><\/p>\n<p align=\"JUSTIFY\"><span style=\"text-decoration: underline;\"><strong>Liens Sugg\u00e9r\u00e9s\u00a0:<\/strong><\/span><\/p>\n<ul>\n<li>\n<p align=\"JUSTIFY\"><span style=\"color: #0000ff;\"><span style=\"text-decoration: underline;\"><a href=\"http:\/\/www.lescrutateur.com\/\">http:\/\/www.lescrutateur.com\/<\/a><\/span><\/span><\/p>\n<\/li>\n<li>\n<p align=\"JUSTIFY\"><span style=\"color: #0000ff;\"><span style=\"text-decoration: underline;\"><a href=\"http:\/\/www.etatsgenerauxdeloutremer.fr\/reflexions\">http:\/\/www.etatsgenerauxdeloutremer.fr\/reflexions<\/a><\/span><\/span><\/p>\n<\/li>\n<\/ul>\n<p align=\"CENTER\">\n<p align=\"CENTER\"><strong>==================================================================<\/strong><\/p>\n<script type=\"text\/javascript\">\n\nvar addthis_config = {\"data_track_clickback\":false,\"data_track_addressbar\":false,\"data_track_textcopy\":false};\n<\/script><script type=\"text\/javascript\" src=\"\/\/s7.addthis.com\/js\/250\/addthis_widget.js#pubid=a457a6d63fb9e6ccabdde4110343bd85\"><\/script>","protected":false},"excerpt":{"rendered":"<p align=\"CENTER\"><span style=\"color: #c00000;\">Une Dette qui bavoche, \u00e0 qui en est la Faute.==========<\/span><\/p>\n<p align=\"JUSTIFY\"><span style=\"color: #c00000;\"><span style=\"font-family: 'Comic Sans MS', cursive;\"><span>\u00ab\u00a0<\/span><\/span><\/span><span style=\"color: #c00000;\"><span style=\"font-family: Cambria, serif;\"><span>Notre M\u00e9tier n\u2019est pas de faire plaisir, Non plus de faire tort \u00e0 qui que ce soit, Ni pour quoi que ce soit, Il est de <\/span><\/span><\/span>&hellip;<\/p>\n","protected":false},"author":1,"featured_media":0,"comment_status":"open","ping_status":"open","sticky":false,"template":"","format":"standard","meta":{"footnotes":""},"categories":[1],"tags":[],"class_list":["post-11919","post","type-post","status-publish","format-standard","hentry","category-accueil"],"_links":{"self":[{"href":"http:\/\/www.lecarrefourdesopinions.ca\/index.php?rest_route=\/wp\/v2\/posts\/11919","targetHints":{"allow":["GET"]}}],"collection":[{"href":"http:\/\/www.lecarrefourdesopinions.ca\/index.php?rest_route=\/wp\/v2\/posts"}],"about":[{"href":"http:\/\/www.lecarrefourdesopinions.ca\/index.php?rest_route=\/wp\/v2\/types\/post"}],"author":[{"embeddable":true,"href":"http:\/\/www.lecarrefourdesopinions.ca\/index.php?rest_route=\/wp\/v2\/users\/1"}],"replies":[{"embeddable":true,"href":"http:\/\/www.lecarrefourdesopinions.ca\/index.php?rest_route=%2Fwp%2Fv2%2Fcomments&post=11919"}],"version-history":[{"count":1,"href":"http:\/\/www.lecarrefourdesopinions.ca\/index.php?rest_route=\/wp\/v2\/posts\/11919\/revisions"}],"predecessor-version":[{"id":11923,"href":"http:\/\/www.lecarrefourdesopinions.ca\/index.php?rest_route=\/wp\/v2\/posts\/11919\/revisions\/11923"}],"wp:attachment":[{"href":"http:\/\/www.lecarrefourdesopinions.ca\/index.php?rest_route=%2Fwp%2Fv2%2Fmedia&parent=11919"}],"wp:term":[{"taxonomy":"category","embeddable":true,"href":"http:\/\/www.lecarrefourdesopinions.ca\/index.php?rest_route=%2Fwp%2Fv2%2Fcategories&post=11919"},{"taxonomy":"post_tag","embeddable":true,"href":"http:\/\/www.lecarrefourdesopinions.ca\/index.php?rest_route=%2Fwp%2Fv2%2Ftags&post=11919"}],"curies":[{"name":"wp","href":"https:\/\/api.w.org\/{rel}","templated":true}]}}