{"id":11908,"date":"2015-12-16T18:56:07","date_gmt":"2015-12-16T23:56:07","guid":{"rendered":"http:\/\/www.lecarrefourdesopinions.ca\/?p=11908"},"modified":"2015-12-16T18:56:07","modified_gmt":"2015-12-16T23:56:07","slug":"nul-ne-voulut-y-croire-cependant-que-voila","status":"publish","type":"post","link":"http:\/\/www.lecarrefourdesopinions.ca\/?p=11908","title":{"rendered":"Nul ne voul\u00fbt y croire, cependant que voil\u00e0."},"content":{"rendered":"<p align=\"CENTER\">\n<p align=\"CENTER\"><span style=\"color: #000099;\"><span><strong>Nul ne voul\u00fbt y croire, cependant que voil\u00e0.<\/strong><\/span><\/span><\/p>\n<p align=\"CENTER\"><span style=\"color: #ff0000;\">\u00ab\u00a0<strong>Notre M\u00e9tier n\u2019est pas de faire plaisir, Non plus de faire tort \u00e0 qui que ce soit, Ni pour quoi que ce soit, Il est de porter la plume dans la plaie<\/strong>\u00a0\u00bb. (Albert LONDRES).\u00a0<\/span><\/p>\n<p align=\"CENTER\"><span style=\"color: #000099;\"><span><strong>=====<\/strong><\/span><\/span><\/p>\n<p>&nbsp;<\/p>\n<p><img loading=\"lazy\" decoding=\"async\" class=\"alignnone size-thumbnail wp-image-11439\" title=\"Eric\" src=\"http:\/\/www.lecarrefourdesopinions.ca\/wp-content\/uploads\/2015\/04\/Eric-134x107.jpg\" alt=\"\" width=\"134\" height=\"107\" \/><\/p>\n<p align=\"JUSTIFY\"><span style=\"color: #632423;\"><span style=\"font-family: 'Comic Sans MS', cursive;\"><span style=\"font-size: large;\">\u00c9ric E.G. NOGARD<\/span><\/span><\/span><\/p>\n<p align=\"JUSTIFY\"><span style=\"color: #c00000;\"><span style=\"font-size: large;\"><em>Chroniqueur<\/em><\/span><\/span><\/p>\n<p align=\"JUSTIFY\">\n<p align=\"JUSTIFY\">\n<p align=\"JUSTIFY\"><span style=\"font-size: large;\"><strong>\u00a0 \u00a0 \u00a0 \u00a0 \u00a0 \u00a0 \u00a0 \u00a0 \u00a0 NUL NE VOULUT Y CROIRE, CEPENDANT QUE VOILA.<\/strong><\/span><\/p>\n<p align=\"JUSTIFY\">\n<p align=\"JUSTIFY\">\n<p align=\"CENTER\"><img loading=\"lazy\" decoding=\"async\" class=\"alignnone size-medium wp-image-11909\" title=\"F1 Rien qu\u2019\u00e0 voir ces regards et ces mains    We\u2019re afraid for tomorrow\" src=\"http:\/\/www.lecarrefourdesopinions.ca\/wp-content\/uploads\/2015\/12\/F1-Rien-qu\u2019\u00e0-voir-ces-regards-et-ces-mains-We\u2019re-afraid-for-tomorrow-300x168.jpg\" alt=\"\" width=\"300\" height=\"168\" srcset=\"http:\/\/www.lecarrefourdesopinions.ca\/wp-content\/uploads\/2015\/12\/F1-Rien-qu\u2019\u00e0-voir-ces-regards-et-ces-mains-We\u2019re-afraid-for-tomorrow-300x168.jpg 300w, http:\/\/www.lecarrefourdesopinions.ca\/wp-content\/uploads\/2015\/12\/F1-Rien-qu\u2019\u00e0-voir-ces-regards-et-ces-mains-We\u2019re-afraid-for-tomorrow-400x224.jpg 400w, http:\/\/www.lecarrefourdesopinions.ca\/wp-content\/uploads\/2015\/12\/F1-Rien-qu\u2019\u00e0-voir-ces-regards-et-ces-mains-We\u2019re-afraid-for-tomorrow.jpg 660w\" sizes=\"auto, (max-width: 300px) 100vw, 300px\" \/><\/p>\n<p align=\"JUSTIFY\">\n<p align=\"CENTER\"><span style=\"font-size: large;\"><strong>F1\u00a0: <\/strong><\/span><span style=\"color: #632423;\"><span style=\"font-size: large;\"><em><strong>Rien qu\u2019\u00e0 voir ces regards et ces mains\u00a0!..<\/strong><\/em><\/span><\/span><\/p>\n<p align=\"CENTER\"><span style=\"color: #c00000;\"><span style=\"font-family: Arial, sans-serif;\"><span style=\"font-size: large;\"><em><strong>We\u2019re afraid for tomorrow.<\/strong><\/em><\/span><\/span><\/span><\/p>\n<p align=\"CENTER\">\n<p align=\"JUSTIFY\">\n<p align=\"JUSTIFY\"><span style=\"font-family: 'Comic Sans MS', cursive;\"><span style=\"font-size: large;\">Et voici que ses V\u0153ux sont Combl\u00e9s, l\u2019Ex-D\u00e9partement Fran\u00e7ais de la Martinique en eaux am\u00e9ricaines est bel et bien un Territoire Autonome d\u2019Outre-Atlantique, vu des C\u00f4tes de France.<\/span><\/span><\/p>\n<p align=\"JUSTIFY\">\n<p align=\"JUSTIFY\"><span style=\"font-family: 'Comic Sans MS', cursive;\"><span style=\"font-size: large;\">Qu\u2019Aim\u00e9 C\u00c9SAIRE s\u2019en r\u00e9jouisse dans sa tombe, m\u00eame si son poulain LETCHIMY s\u2019est fait d\u00e9sar\u00e7onner sur la ligne d\u2019arriv\u00e9e par plus fut\u00e9 que lui, Alfred MARIE-JEANNE, son heureux Challenger.<\/span><\/span><\/p>\n<p align=\"JUSTIFY\">\n<p align=\"JUSTIFY\"><span style=\"font-family: 'Comic Sans MS', cursive;\"><span style=\"font-size: large;\">Plus d\u2019un demi-si\u00e8cle aura fallu pour que nous en arrivions l\u00e0, la Martinique d\u00e9cidera de ses affaires sans que personne ne lui tienne la main ni ne lui dicte la moindre de ses quatre volont\u00e9s\u2026 attendons voir\u00a0!<\/span><\/span><\/p>\n<p align=\"JUSTIFY\">\n<p align=\"JUSTIFY\">\n<p align=\"JUSTIFY\"><span style=\"font-size: large;\">C\u2019est que pendant ce temps, elle aura bien forci en toute chose, bien m\u00fbri en esprit comme en mentalit\u00e9, la voil\u00e0 donc imago.<\/span><\/p>\n<p align=\"JUSTIFY\">\n<p align=\"JUSTIFY\"><span style=\"font-size: large;\">C\u2019est du moins ce que mettra en \u00e9vidence tout \u00c9tat des Lieux qu\u2019elle puisse entreprendre \u2013 et que nous sugg\u00e9rons \u2013 avant son premier pas sur ses jambes de Collectivit\u00e9 territoriale Autonome.<\/span><\/p>\n<p align=\"JUSTIFY\">\n<ul>\n<li>\n<p align=\"JUSTIFY\"><span style=\"font-size: large;\">N\u2019a-t-elle pas confi\u00e9 son Destin \u00e0 un Ind\u00e9pendantiste, en esp\u00e9rant qu\u2019ainsi elle se rapprochera de la France et de l\u2019Europe, ces sources de Vivres tellement boud\u00e9es par ce \u00ab\u00a0petit navire\u00a0\u00bb qui n\u2019a encore jamais navigu\u00e9\u2026 de ses propres rames du moins.<\/span><\/p>\n<\/li>\n<\/ul>\n<p align=\"JUSTIFY\">\n<p align=\"JUSTIFY\">\u00a0 \u00a0 \u00a0 \u00a0 \u00a0 \u00a0 \u00a0 \u00a0 \u00a0 \u00a0 \u00a0 \u00a0 \u00a0 \u00a0 \u00a0 \u00a0 \u00a0 \u00a0 \u00a0 \u00a0 \u00a0 \u00a0 \u00a0 \u00a0 \u00a0 \u00a0 \u00a0 \u00a0 \u00a0 \u00a0 \u00a0 \u00a0 \u00a0<img loading=\"lazy\" decoding=\"async\" class=\"alignnone size-medium wp-image-11910\" title=\"F2 Il \u00e9tait un petit navire qui n avait jamais navigu\u00e9    chantait un Perroquet\" src=\"http:\/\/www.lecarrefourdesopinions.ca\/wp-content\/uploads\/2015\/12\/F2-Il-\u00e9tait-un-petit-navire-qui-n-avait-jamais-navigu\u00e9-chantait-un-Perroquet-266x300.jpg\" alt=\"\" width=\"266\" height=\"300\" srcset=\"http:\/\/www.lecarrefourdesopinions.ca\/wp-content\/uploads\/2015\/12\/F2-Il-\u00e9tait-un-petit-navire-qui-n-avait-jamais-navigu\u00e9-chantait-un-Perroquet-266x300.jpg 266w, http:\/\/www.lecarrefourdesopinions.ca\/wp-content\/uploads\/2015\/12\/F2-Il-\u00e9tait-un-petit-navire-qui-n-avait-jamais-navigu\u00e9-chantait-un-Perroquet.jpg 305w\" sizes=\"auto, (max-width: 266px) 100vw, 266px\" \/><\/p>\n<p align=\"CENTER\"><span style=\"font-size: large;\"><strong>F2\u00a0: <\/strong><\/span><span style=\"color: #632423;\"><span style=\"font-size: large;\"><em><strong>Il \u00e9tait un petit navire qui n\u2019avait jamais navigu\u00e9\u2026<\/strong><\/em><\/span><\/span><\/p>\n<p align=\"CENTER\"><span style=\"color: #c00000;\"><span style=\"font-size: large;\"><em><strong>Chantait un Perroquet.<\/strong><\/em><\/span><\/span><\/p>\n<p align=\"CENTER\">\n<p align=\"JUSTIFY\">\n<p align=\"JUSTIFY\"><span style=\"font-size: large;\">Car, il faut en convenir, ses \u00ab\u00a0Colombinades Amirales\u00a0\u00bb n\u2019ont pas manqu\u00e9, que ce soit en faveur de Sainte-Lucie, de la Dominique, ou de ses <\/span><span style=\"font-family: Arial, sans-serif;\"><span style=\"font-size: large;\"><em>Fw\u00e8s<\/em><\/span><\/span><span style=\"font-size: large;\"> de la Cara\u00efbe et de l\u2019Afrique, sans qu\u2019elle n\u2019ait vu lui venir en retour le moindre BWI Dollar ni le plus petit Franc CFA de qui que ce soit\u2026<\/span><\/p>\n<p align=\"JUSTIFY\">\n<p align=\"JUSTIFY\">\n<ul>\n<li>\n<p align=\"JUSTIFY\"><span style=\"font-size: large;\">N\u2019a-t-elle pas Confi\u00e9 son Destin \u00e0 un Leader, si m\u00e9ritoire et si dou\u00e9 soit-il, mais dont la locomotion comme la locution se font l\u2019annonce d\u2019un \u00e9tat de g\u00e9riatrie assez pr\u00e9occupant, eu \u00e9gard aux Charges et Responsabilit\u00e9s qui l\u2019attendent, comme aux Becs et aux Crocs ou aux Serres et aux Griffes qui ne sauraient manquer, que de pr\u00e8s, que de loin.<\/span><\/p>\n<\/li>\n<\/ul>\n<p align=\"JUSTIFY\">\n<p align=\"JUSTIFY\">\n<p align=\"CENTER\"><img loading=\"lazy\" decoding=\"async\" class=\"alignnone size-medium wp-image-11911\" title=\"_et_sa_bru_=  d\u2019un poulain chass\u00e9 de l\u2019\u00e9curie du P\u00e8re M\u00e9m\u00e9\" src=\"http:\/\/www.lecarrefourdesopinions.ca\/wp-content\/uploads\/2015\/12\/et_sa_bru_-d\u2019un-poulain-chass\u00e9-de-l\u2019\u00e9curie-du-P\u00e8re-M\u00e9m\u00e9-300x272.jpg\" alt=\"\" width=\"300\" height=\"272\" srcset=\"http:\/\/www.lecarrefourdesopinions.ca\/wp-content\/uploads\/2015\/12\/et_sa_bru_-d\u2019un-poulain-chass\u00e9-de-l\u2019\u00e9curie-du-P\u00e8re-M\u00e9m\u00e9-300x272.jpg 300w, http:\/\/www.lecarrefourdesopinions.ca\/wp-content\/uploads\/2015\/12\/et_sa_bru_-d\u2019un-poulain-chass\u00e9-de-l\u2019\u00e9curie-du-P\u00e8re-M\u00e9m\u00e9.jpg 349w\" sizes=\"auto, (max-width: 300px) 100vw, 300px\" \/><\/p>\n<p align=\"JUSTIFY\">\n<p align=\"JUSTIFY\"><span style=\"font-size: large;\"><strong>F3\u00a0: <\/strong><\/span><span style=\"color: #c00000;\"><span style=\"font-size: large;\"><strong>Comme qui dirait le papa pr\u00e9somptif et sa bru, d\u2019un poulain chass\u00e9 de l\u2019\u00e9curie du P\u00e8re M\u00e9m\u00e9.<\/strong><\/span><\/span><\/p>\n<p align=\"JUSTIFY\">\n<p align=\"JUSTIFY\">\n<p align=\"JUSTIFY\"><span style=\"font-size: large;\"><em><strong>Soit dit \u00e0 la d\u00e9charge \u00e0 priori, de notre V\u00e9n\u00e9rable \u00c9lu.<\/strong><\/em><\/span><\/p>\n<p align=\"JUSTIFY\">\n<p align=\"JUSTIFY\"><span style=\"font-size: large;\">La semence d\u2019Aim\u00e9 C\u00c9SAIRE n\u2019aura gu\u00e8re profit\u00e9 \u00e0 la Martinique au regard de sa f\u00e9condit\u00e9 en jeunes, aussi capables et pr\u00eats au Leadership du Pays, quand tant d\u2019entre eux tra\u00eenaillent de part les rues sans l\u2019espoir d\u2019un emploi.<\/span><\/p>\n<p align=\"JUSTIFY\">\n<p align=\"JUSTIFY\"><span style=\"font-size: large;\">\u00catre Form\u00e9 \u00e0 se tenir dans l\u2019Ombre et \u00e0 genoux\u2026 \u00e0 quoi cela peut-il vous pr\u00e9parer.<\/span><\/p>\n<p align=\"JUSTIFY\">\n<p align=\"JUSTIFY\"><span style=\"font-size: large;\">Esp\u00e9rons que sa semence, s\u2019il lui en reste encore, sera plus b\u00e9n\u00e9fique au Pays\u2026 que celle de son pr\u00e9d\u00e9cesseur.<\/span><\/p>\n<p align=\"JUSTIFY\">\n<p align=\"JUSTIFY\">\n<ul>\n<li>\n<p align=\"JUSTIFY\"><span style=\"font-size: large;\">Est-elle pr\u00eate \u00e0 se voir confront\u00e9e \u00e0 un quelconque audit, que ce soit sur les Finance du Territoire, sur la Comptabilit\u00e9 de ses Soci\u00e9t\u00e9s d\u2019\u00c9conomie Mixte, sur la Situation Comptable et l\u2019Intellect de tous ceux qu\u2019elle installe aux Fauteuils et Strapontins pour l\u2019exercice de ses pouvoirs et comp\u00e9tences\u2026 Comme l\u2019e\u00fbt fait la Wells &amp; Fargo pour la Conduite de ses diligences sur les routes du Far-West.<\/span><\/p>\n<\/li>\n<\/ul>\n<p align=\"CENTER\">\n<p align=\"JUSTIFY\">\n<ul>\n<li>\n<p align=\"JUSTIFY\"><span style=\"font-size: large;\">Est-elle pr\u00eate \u00e0 renoncer au N\u00e9potisme Souverain qu\u2019impose la Loi du Sperme, maintenant que le Mariage pour Tous laisse pr\u00e9sager en mati\u00e8re d\u2019emploi, de plus tristes perspectives encore, que les Familles rendues peu nombreuses par le souci d\u2019assumer et de pr\u00e9parer l\u2019\u00e9ducation et l\u2019avenir de ses enfants.<\/span><\/p>\n<\/li>\n<\/ul>\n<p align=\"JUSTIFY\">\n<p align=\"JUSTIFY\">\u00a0 \u00a0 \u00a0 \u00a0 \u00a0 \u00a0 \u00a0 \u00a0 \u00a0 \u00a0 \u00a0 \u00a0 \u00a0 \u00a0 \u00a0 \u00a0 \u00a0 \u00a0 \u00a0 \u00a0 \u00a0 \u00a0 \u00a0 \u00a0 \u00a0 \u00a0 \u00a0 \u00a0 \u00a0 \u00a0 \u00a0 \u00a0<img loading=\"lazy\" decoding=\"async\" class=\"alignnone size-full wp-image-11914\" title=\"F5 Le mot sur la pancarte  en quoi serait-il \u00e0 ce point sid\u00e9rant\" src=\"http:\/\/www.lecarrefourdesopinions.ca\/wp-content\/uploads\/2015\/12\/F5-Le-mot-sur-la-pancarte-en-quoi-serait-il-\u00e0-ce-point-sid\u00e9rant.jpg\" alt=\"\" width=\"273\" height=\"185\" \/><\/p>\n<p align=\"CENTER\"><span style=\"font-size: large;\"><strong>F4 : <\/strong><\/span><span style=\"color: #c00000;\"><span style=\"font-size: large;\"><em><strong>Le mot sur la pancarte, en quoi serait-il \u00e0 ce point sid\u00e9rant\u00a0!..<\/strong><\/em><\/span><\/span><\/p>\n<p align=\"JUSTIFY\">\n<p align=\"JUSTIFY\"><span style=\"font-family: 'Comic Sans MS', cursive;\"><span style=\"font-size: large;\"><strong>Qu\u2019Aim\u00e9 C\u00c9SAIRE se r\u00e9jouisse dans sa tombe, m\u00eame si personne ne veut y croire<\/strong><\/span><\/span><span style=\"font-family: 'Comic Sans MS', cursive;\"><span style=\"font-size: large;\">.<\/span><\/span><\/p>\n<p align=\"JUSTIFY\">\n<p align=\"JUSTIFY\"><span style=\"font-family: 'Comic Sans MS', cursive;\"><span style=\"font-size: large;\">Il aura conduit la Martinique \u00e0 ce qu\u2019elle est devenue, \u00e0 son \u00e9tat de dignit\u00e9, jusqu\u2019\u00e0 ce que, de culbute en culbute, elle se r\u00e9solve courageusement \u00e0 ouvrir enfin les yeux sur tout ce que pourrait lui r\u00e9v\u00e9ler les \u00c9tats des Lieux que nous lui sugg\u00e9rons.<\/span><\/span><\/p>\n<p align=\"JUSTIFY\">\n<p style=\"text-align: left;\" align=\"CENTER\">\u00a0 \u00a0 \u00a0 \u00a0 \u00a0 \u00a0 \u00a0 \u00a0 \u00a0 \u00a0 \u00a0 \u00a0 \u00a0 \u00a0 \u00a0 \u00a0 \u00a0 \u00a0 \u00a0 \u00a0 \u00a0 \u00a0 \u00a0 \u00a0 \u00a0 \u00a0 \u00a0 \u00a0 \u00a0 \u00a0 \u00a0 \u00a0<img loading=\"lazy\" decoding=\"async\" class=\"alignnone size-medium wp-image-11912\" title=\"F6 Old Dad   What are you doing there\" src=\"http:\/\/www.lecarrefourdesopinions.ca\/wp-content\/uploads\/2015\/12\/F6-Old-Dad-What-are-you-doing-there-300x150.jpg\" alt=\"\" width=\"300\" height=\"150\" srcset=\"http:\/\/www.lecarrefourdesopinions.ca\/wp-content\/uploads\/2015\/12\/F6-Old-Dad-What-are-you-doing-there-300x150.jpg 300w, http:\/\/www.lecarrefourdesopinions.ca\/wp-content\/uploads\/2015\/12\/F6-Old-Dad-What-are-you-doing-there-1024x512.jpg 1024w, http:\/\/www.lecarrefourdesopinions.ca\/wp-content\/uploads\/2015\/12\/F6-Old-Dad-What-are-you-doing-there-400x200.jpg 400w, http:\/\/www.lecarrefourdesopinions.ca\/wp-content\/uploads\/2015\/12\/F6-Old-Dad-What-are-you-doing-there.jpg 2000w\" sizes=\"auto, (max-width: 300px) 100vw, 300px\" \/><\/p>\n<p align=\"CENTER\"><span style=\"font-size: large;\"><strong>F5 : <\/strong><\/span><span style=\"color: #c00000;\"><span style=\"font-family: Arial, sans-serif;\"><span style=\"font-size: large;\"><em><strong>Old Dad\u00a0! What are you doing there\u00a0?<\/strong><\/em><\/span><\/span><\/span><\/p>\n<p lang=\"en-US\" align=\"JUSTIFY\">\n<p align=\"JUSTIFY\"><span style=\"font-family: 'Comic Sans MS', cursive;\"><span style=\"font-size: large;\"><em><strong>La pire des C\u00e9cit\u00e9s est celle de l\u2019ambitieux conseill\u00e9 par des faux.<\/strong><\/em><\/span><\/span><\/p>\n<p align=\"JUSTIFY\">\n<p align=\"JUSTIFY\"><span style=\"font-family: 'Comic Sans MS', cursive;\"><span style=\"font-size: large;\"><em><strong>Quant \u00e0 se faire conduire par un aveugle\u00a0!&#8230; c\u2019est prendre de gros risques<\/strong><\/em><\/span><\/span><span style=\"font-size: large;\"><strong>.<\/strong><\/span><\/p>\n<p align=\"JUSTIFY\">\n<p align=\"JUSTIFY\">\n<p align=\"JUSTIFY\"><span style=\"font-family: Arial, sans-serif;\"><span style=\"font-size: large;\"><em><strong>MARIE-JEANNE mon ami, que Dieu soit avec Vous,<\/strong><\/em><\/span><\/span><\/p>\n<p align=\"JUSTIFY\">\n<p align=\"JUSTIFY\"><span style=\"font-family: Arial, sans-serif;\"><span style=\"font-size: large;\"><em><strong>Qu\u2019Il veille sur la Martinique.<\/strong><\/em><\/span><\/span><\/p>\n<p align=\"JUSTIFY\">\n<p align=\"JUSTIFY\"><span style=\"color: #c00000;\"><span style=\"font-family: 'Arial Rounded MT Bold', sans-serif;\"><span style=\"font-size: large;\"><em>Avec nos Remerciements \u00e0 ORANGE pour la remise en marche de notre \u00c9metteur Informatique, sans aucun changement d\u2019adresse (<\/em><\/span><\/span><\/span><span style=\"color: #0000ff;\"><span style=\"text-decoration: underline;\"><a href=\"mailto:eric.nogard@orange.fr\"><span style=\"font-family: 'Arial Rounded MT Bold', sans-serif;\"><span style=\"font-size: large;\"><em>eric.nogard@orange.fr<\/em><\/span><\/span><\/a><\/span><\/span><span style=\"color: #c00000;\"><span style=\"font-family: 'Arial Rounded MT Bold', sans-serif;\"><span style=\"font-size: large;\"><em>), nous lui demandons qu\u2019il soit rem\u00e9di\u00e9 \u00e0 la Lenteur \u00e0 laquelle est r\u00e9duite l\u2019\u00c9mission de nos Chroniques.<\/em><\/span><\/span><\/span><\/p>\n<p align=\"JUSTIFY\">\n<p align=\"JUSTIFY\"><span style=\"color: #c00000;\"><span style=\"font-family: 'Arial Rounded MT Bold', sans-serif;\"><span style=\"font-size: large;\"><em>Nous en profitons pour signaler \u00e0 nos Lecteurs la reprise de nos activit\u00e9s, le piratage de nos installations ayant conduit au renforcement de nos mesures de pr\u00e9vention.<\/em><\/span><\/span><\/span><\/p>\n<p align=\"CENTER\"><span style=\"font-size: large;\"><strong>*** ***\u00a0<\/strong><\/span><\/p>\n<p><span style=\"color: #ff0000;\"><span style=\"font-size: large;\"><strong>Nota : <\/strong><\/span><\/span><span style=\"color: #000000;\"><span style=\"font-size: large;\">Nous ne traitons que de Faits et de Noms rendus Publics.<\/span><\/span><\/p>\n<p align=\"CENTER\">\n<p align=\"CENTER\"><span style=\"color: #000000;\"><span style=\"font-size: large;\">*** *** ***<\/span><\/span><\/p>\n<p align=\"CENTER\">\n<p align=\"JUSTIFY\">\n<p align=\"JUSTIFY\"><span style=\"font-size: large;\"><strong>N.B.:<\/strong><\/span><span style=\"font-size: large;\"> &#8211; <\/span><span style=\"color: #c00000;\"><span style=\"font-family: 'Comic Sans MS', cursive;\"><span style=\"font-size: large;\">Nous Recommandons instamment et syst\u00e9matiquement l\u2019ouverture de la (ou des) pi\u00e8ce(s) jointe(s) \u00e0 l\u2019e-mail, sous format Pdf, <\/span><\/span><\/span><span style=\"color: #c00000;\"><span style=\"font-family: 'Comic Sans MS', cursive;\"><span style=\"font-size: large;\"><span style=\"text-decoration: underline;\">les illustrations y sont incluses<\/span><\/span><\/span><\/span><span style=\"color: #c00000;\"><span style=\"font-family: 'Comic Sans MS', cursive;\"><span style=\"font-size: large;\">.<\/span><\/span><\/span><\/p>\n<p align=\"CENTER\">\n<p align=\"CENTER\"><span style=\"font-size: large;\"><strong>*** *** ***<\/strong><\/span><\/p>\n<p align=\"JUSTIFY\">\n<p align=\"CENTER\"><span style=\"color: #ff0000;\"><span><strong>Ne Peut \u00eatre reproduit &#8211; m\u00eame partiellement &#8211; sans l\u2019autorisation de l\u2019Auteur.<\/strong><\/span><\/span><\/p>\n<p>&nbsp;<\/p>\n<p align=\"JUSTIFY\">\n<p align=\"JUSTIFY\"><span style=\"text-decoration: underline;\"><strong>Liens Sugg\u00e9r\u00e9s\u00a0:<\/strong><\/span><\/p>\n<ul>\n<li>\n<p align=\"JUSTIFY\"><span style=\"color: #0000ff;\"><span style=\"text-decoration: underline;\"><a href=\"http:\/\/www.lescrutateur.com\/\">http:\/\/www.lescrutateur.com\/<\/a><\/span><\/span><\/p>\n<\/li>\n<li>\n<p align=\"JUSTIFY\"><span style=\"color: #0000ff;\"><span style=\"text-decoration: underline;\"><a href=\"http:\/\/www.etatsgenerauxdeloutremer.fr\/reflexions\">http:\/\/www.etatsgenerauxdeloutremer.fr\/reflexions<\/a><\/span><\/span><\/p>\n<\/li>\n<\/ul>\n<p align=\"CENTER\">\n<script type=\"text\/javascript\">\n\nvar addthis_config = {\"data_track_clickback\":false,\"data_track_addressbar\":false,\"data_track_textcopy\":false};\n<\/script><script type=\"text\/javascript\" src=\"\/\/s7.addthis.com\/js\/250\/addthis_widget.js#pubid=a457a6d63fb9e6ccabdde4110343bd85\"><\/script>","protected":false},"excerpt":{"rendered":"<p align=\"CENTER\">\n<p align=\"CENTER\"><span style=\"color: #000099;\"><span>Nul ne voul\u00fbt y croire, cependant que voil\u00e0.<\/span><\/span><\/p>\n<p align=\"CENTER\"><span style=\"color: #ff0000;\">\u00ab\u00a0Notre M\u00e9tier n\u2019est pas de faire plaisir, Non plus de faire tort \u00e0 qui que ce soit, Ni pour quoi que ce soit, Il est de porter la <\/span>&hellip;<\/p>\n","protected":false},"author":1,"featured_media":0,"comment_status":"open","ping_status":"open","sticky":false,"template":"","format":"standard","meta":{"footnotes":""},"categories":[1],"tags":[],"class_list":["post-11908","post","type-post","status-publish","format-standard","hentry","category-accueil"],"_links":{"self":[{"href":"http:\/\/www.lecarrefourdesopinions.ca\/index.php?rest_route=\/wp\/v2\/posts\/11908","targetHints":{"allow":["GET"]}}],"collection":[{"href":"http:\/\/www.lecarrefourdesopinions.ca\/index.php?rest_route=\/wp\/v2\/posts"}],"about":[{"href":"http:\/\/www.lecarrefourdesopinions.ca\/index.php?rest_route=\/wp\/v2\/types\/post"}],"author":[{"embeddable":true,"href":"http:\/\/www.lecarrefourdesopinions.ca\/index.php?rest_route=\/wp\/v2\/users\/1"}],"replies":[{"embeddable":true,"href":"http:\/\/www.lecarrefourdesopinions.ca\/index.php?rest_route=%2Fwp%2Fv2%2Fcomments&post=11908"}],"version-history":[{"count":2,"href":"http:\/\/www.lecarrefourdesopinions.ca\/index.php?rest_route=\/wp\/v2\/posts\/11908\/revisions"}],"predecessor-version":[{"id":11915,"href":"http:\/\/www.lecarrefourdesopinions.ca\/index.php?rest_route=\/wp\/v2\/posts\/11908\/revisions\/11915"}],"wp:attachment":[{"href":"http:\/\/www.lecarrefourdesopinions.ca\/index.php?rest_route=%2Fwp%2Fv2%2Fmedia&parent=11908"}],"wp:term":[{"taxonomy":"category","embeddable":true,"href":"http:\/\/www.lecarrefourdesopinions.ca\/index.php?rest_route=%2Fwp%2Fv2%2Fcategories&post=11908"},{"taxonomy":"post_tag","embeddable":true,"href":"http:\/\/www.lecarrefourdesopinions.ca\/index.php?rest_route=%2Fwp%2Fv2%2Ftags&post=11908"}],"curies":[{"name":"wp","href":"https:\/\/api.w.org\/{rel}","templated":true}]}}