{"id":11900,"date":"2015-12-14T13:07:25","date_gmt":"2015-12-14T18:07:25","guid":{"rendered":"http:\/\/www.lecarrefourdesopinions.ca\/?p=11900"},"modified":"2015-12-14T13:07:25","modified_gmt":"2015-12-14T18:07:25","slug":"revenir-au-charbon-et-peut-etre-aux-tourbieres","status":"publish","type":"post","link":"http:\/\/www.lecarrefourdesopinions.ca\/?p=11900","title":{"rendered":"Revenir au Charbon et peut-\u00eatre aux Tourbi\u00e8res !.."},"content":{"rendered":"<p>&nbsp;<\/p>\n<p style=\"text-align: center;\" align=\"JUSTIFY\"><span style=\"color: #632423;\"><span style=\"font-family: Arial, sans-serif;\"><span style=\"font-size: large;\"><em><strong>Revenir au Charbon et peut-\u00eatre aux Tourbi\u00e8res\u00a0!..<\/strong><\/em><\/span><\/span><\/span><\/p>\n<p align=\"JUSTIFY\">\n<p align=\"JUSTIFY\">\u00a0<img loading=\"lazy\" decoding=\"async\" class=\"alignnone size-thumbnail wp-image-11439\" title=\"Eric\" src=\"http:\/\/www.lecarrefourdesopinions.ca\/wp-content\/uploads\/2015\/04\/Eric-134x107.jpg\" alt=\"\" width=\"134\" height=\"107\" \/><\/p>\n<p align=\"JUSTIFY\"><span style=\"color: #632423;\"><span style=\"font-family: 'Comic Sans MS', cursive;\"><span style=\"font-size: large;\">\u00c9ric E.G. NOGARD<\/span><\/span><\/span><\/p>\n<p align=\"JUSTIFY\"><span style=\"color: #c00000;\"><span style=\"font-size: large;\"><em>Chroniqueur<\/em><\/span><\/span><span style=\"color: #c00000;\"><span style=\"font-size: large;\">.<\/span><\/span><\/p>\n<p>&nbsp;<\/p>\n<p align=\"CENTER\"><span style=\"font-size: large;\">*** *** ***<\/span><\/p>\n<p align=\"JUSTIFY\">\u00a0 \u00a0 \u00a0 \u00a0 \u00a0 \u00a0 \u00a0 \u00a0 \u00a0 \u00a0 \u00a0 \u00a0 \u00a0 \u00a0 \u00a0 \u00a0 \u00a0 \u00a0 \u00a0 \u00a0 \u00a0<img loading=\"lazy\" decoding=\"async\" class=\"alignnone size-medium wp-image-11902\" title=\"F1 Ces Crassiers qui vous font Cracher noir\" src=\"http:\/\/www.lecarrefourdesopinions.ca\/wp-content\/uploads\/2015\/12\/F1-Ces-Crassiers-qui-vous-font-Cracher-noir-300x171.jpg\" alt=\"\" width=\"300\" height=\"171\" srcset=\"http:\/\/www.lecarrefourdesopinions.ca\/wp-content\/uploads\/2015\/12\/F1-Ces-Crassiers-qui-vous-font-Cracher-noir-300x171.jpg 300w, http:\/\/www.lecarrefourdesopinions.ca\/wp-content\/uploads\/2015\/12\/F1-Ces-Crassiers-qui-vous-font-Cracher-noir-400x228.jpg 400w, http:\/\/www.lecarrefourdesopinions.ca\/wp-content\/uploads\/2015\/12\/F1-Ces-Crassiers-qui-vous-font-Cracher-noir.jpg 1020w\" sizes=\"auto, (max-width: 300px) 100vw, 300px\" \/><\/p>\n<p align=\"CENTER\"><span style=\"font-size: large;\"><strong>F1\u00a0: <\/strong><\/span><span style=\"color: #c00000;\"><span style=\"font-size: large;\"><em><strong>Ces Crassiers qui vous font Cracher noir.<\/strong><\/em><\/span><\/span><\/p>\n<p align=\"JUSTIFY\">\n<p align=\"JUSTIFY\">\n<p align=\"JUSTIFY\"><span style=\"font-family: 'Comic Sans MS', cursive;\"><span style=\"font-size: large;\">Avec nos remerciements empress\u00e9s au Scrutateur Guadeloup\u00e9en \u00e0 qui nous devons d\u2019avoir lu avec grand int\u00e9r\u00eat \u2013 en pleine COP.21 \u2013 le message ci-dessous d\u2019une Martiniquaise \u00e0 qui nous adressons toutes nos f\u00e9licitations pour la justesse de sa mise en garde aux Dirigeants comme \u00e0 la Population de la Martinique<\/span><\/span><span style=\"font-size: large;\">.<\/span><\/p>\n<p align=\"JUSTIFY\">\n<p align=\"JUSTIFY\">\n<p align=\"JUSTIFY\"><span style=\"font-size: large;\">Dans son message, l\u2019Auteure souligne les dangers de notre retour \u00e0 la Houille noire, voire \u00e0 la Tourbe, en tout cas \u00e0 la Biomasse dans notre production de l\u2019\u00e9nergie \u00e9lectrique n\u00e9cessaire \u00e0 nos besoins de chaque instant.<\/span><\/p>\n<p align=\"JUSTIFY\">\n<p align=\"CENTER\">\n<p align=\"JUSTIFY\">\u00a0 \u00a0 \u00a0 \u00a0 \u00a0 \u00a0 \u00a0 \u00a0 \u00a0 \u00a0 \u00a0 \u00a0 \u00a0 \u00a0 \u00a0 \u00a0 \u00a0 \u00a0 \u00a0 \u00a0 \u00a0<img loading=\"lazy\" decoding=\"async\" class=\"alignnone size-medium wp-image-11903\" title=\"F2 Cette tourbe qui crache plus de fum\u00e9e qu\u2019elle ne produit de\" src=\"http:\/\/www.lecarrefourdesopinions.ca\/wp-content\/uploads\/2015\/12\/F2-Cette-tourbe-qui-crache-plus-de-fum\u00e9e-qu\u2019elle-ne-produit-de--300x105.jpg\" alt=\"\" width=\"300\" height=\"105\" srcset=\"http:\/\/www.lecarrefourdesopinions.ca\/wp-content\/uploads\/2015\/12\/F2-Cette-tourbe-qui-crache-plus-de-fum\u00e9e-qu\u2019elle-ne-produit-de--300x105.jpg 300w, http:\/\/www.lecarrefourdesopinions.ca\/wp-content\/uploads\/2015\/12\/F2-Cette-tourbe-qui-crache-plus-de-fum\u00e9e-qu\u2019elle-ne-produit-de--400x140.jpg 400w, http:\/\/www.lecarrefourdesopinions.ca\/wp-content\/uploads\/2015\/12\/F2-Cette-tourbe-qui-crache-plus-de-fum\u00e9e-qu\u2019elle-ne-produit-de-.jpg 975w\" sizes=\"auto, (max-width: 300px) 100vw, 300px\" \/><\/p>\n<p align=\"CENTER\"><span style=\"font-size: large;\"><strong>F2\u00a0: <\/strong><\/span><span style=\"color: #c00000;\"><span style=\"font-size: large;\"><em><strong>Cette tourbe qui crache plus de fum\u00e9e qu\u2019elle ne produit de feu.<\/strong><\/em><\/span><\/span><\/p>\n<p align=\"JUSTIFY\">\n<p align=\"JUSTIFY\">\n<p align=\"JUSTIFY\"><span style=\"font-size: large;\">En somme, un retour \u00e0 notre d\u00e9funte SPDEEM, notre Soci\u00e9t\u00e9 de Production et de Distribution d\u2019\u00c9nergie \u00c9lectrique de la Martinique, qui, elle-m\u00eame, envoya Ad Patres la \u00ab\u00a0Production d\u2019\u00c9lectricit\u00e9 RAVENEAU\u00a0\u00bb, fonctionnant \u00e0 la Houille Blanche et install\u00e9e \u00e0 Fourniols, un hameau de Sainte-Marie de la Martinique, jusqu\u2019au milieu des ann\u00e9es 30\u2026 du 20<\/span><sup><span style=\"font-size: large;\">i\u00e8me<\/span><\/sup><span style=\"font-size: large;\"> Si\u00e8cle.<\/span><\/p>\n<p align=\"JUSTIFY\">\n<p align=\"JUSTIFY\">\n<p align=\"JUSTIFY\"><span style=\"font-size: large;\">En ce temps l\u00e0, le combustible \u00e9tait la bagasse, d\u00e9chet de la canne \u00e0 sucre, l\u00e0 o\u00f9 nos abondantes rivi\u00e8res faisaient d\u00e9faut pour la propulsion des roues \u00e0 palettes \u2013 il y en a encore une sur la route de Saint-pierre au Morne-rouge et \u00e0 main droite.<\/span><\/p>\n<p align=\"JUSTIFY\">\n<p align=\"JUSTIFY\">\u00a0 \u00a0 \u00a0 \u00a0 \u00a0 \u00a0 \u00a0 \u00a0 \u00a0 \u00a0 \u00a0 \u00a0 \u00a0 \u00a0 \u00a0 \u00a0 \u00a0 \u00a0<img loading=\"lazy\" decoding=\"async\" class=\"alignnone size-medium wp-image-11906\" title=\"F3 Pile de bagasse s\u00e9ch\u00e9e et Roue \u00e0 palettes\" src=\"http:\/\/www.lecarrefourdesopinions.ca\/wp-content\/uploads\/2015\/12\/F3-Pile-de-bagasse-s\u00e9ch\u00e9e-et-Roue-\u00e0-palettes-300x96.jpg\" alt=\"\" width=\"300\" height=\"96\" srcset=\"http:\/\/www.lecarrefourdesopinions.ca\/wp-content\/uploads\/2015\/12\/F3-Pile-de-bagasse-s\u00e9ch\u00e9e-et-Roue-\u00e0-palettes-300x96.jpg 300w, http:\/\/www.lecarrefourdesopinions.ca\/wp-content\/uploads\/2015\/12\/F3-Pile-de-bagasse-s\u00e9ch\u00e9e-et-Roue-\u00e0-palettes-400x129.jpg 400w, http:\/\/www.lecarrefourdesopinions.ca\/wp-content\/uploads\/2015\/12\/F3-Pile-de-bagasse-s\u00e9ch\u00e9e-et-Roue-\u00e0-palettes.jpg 1010w\" sizes=\"auto, (max-width: 300px) 100vw, 300px\" \/><span style=\"text-align: left;\">\u00a0<\/span><\/p>\n<p style=\"text-align: left;\" align=\"CENTER\"><span style=\"font-size: large;\"><strong>\u00a0 \u00a0 \u00a0 \u00a0 \u00a0 \u00a0 \u00a0 \u00a0 \u00a0F3\u00a0: <\/strong><\/span><span style=\"color: #c00000;\"><span style=\"font-size: large;\"><em><strong>Pile de bagasse s\u00e9ch\u00e9e et Roue \u00e0 palettes.<\/strong><\/em><\/span><\/span><\/p>\n<p align=\"JUSTIFY\">\n<p align=\"JUSTIFY\">\n<p align=\"JUSTIFY\"><span style=\"font-size: large;\">En somme, nous voil\u00e0 en route pour l\u2019\u00e9nergie la plus sale qui soit pour notre plan\u00e8te, la plus dispendieuse pour notre \u00e9conomie, la plus d\u00e9l\u00e9t\u00e8re pour notre sant\u00e9.<\/span><\/p>\n<p align=\"JUSTIFY\">\n<p align=\"JUSTIFY\"><span style=\"font-size: large;\">En plus des poisons qu\u2019elle engendre, ne nous prive-t-elle pas de notre Comburant Vital, le Gaz Oxyg\u00e8ne (O<\/span><sub><span style=\"font-size: large;\">2<\/span><\/sub><span style=\"font-size: large;\">) tout en rar\u00e9fiant la Chlorophylle des for\u00eats et autres plantes vertes qui seules peuvent nous les restituer quand nous les d\u00e9truisons sans m\u00eame nous soucier du d\u00e9sastre \u00e9cologique que nous commettons.<\/span><\/p>\n<p align=\"JUSTIFY\">\n<p align=\"JUSTIFY\">\n<p align=\"JUSTIFY\"><span style=\"font-size: large;\">Nous partageons l\u2019avis du Scrutateur sur les risques qu\u2019il y a \u00e0 confier la gestion d\u2019un Pays \u00e0 des Incomp\u00e9tents ou \u00e0 des Malhonn\u00eates, sans parler, dirons-nous, de tous nos Scientifiques, tous nos Intellectuels qui leur font all\u00e9geance aveugl\u00e9ment, voire servilement, par corruption peut-\u00eatre.<\/span><\/p>\n<p align=\"JUSTIFY\">\n<p align=\"JUSTIFY\">\n<p align=\"JUSTIFY\"><span style=\"font-size: large;\">Au \u00ab\u00a0Cri d\u2019Alarme\u00a0\u00bb, s\u2019agissant des Centrales au Charbon ou \u00e0 la biomasse, notre id\u00e9e la plus arr\u00eat\u00e9e est que, le plus Durable, le plus Propre \u00e0 la Conservation de la Vie sur Terre comme \u00e0 la Sauvegarde de la Plan\u00e8te, et le moins on\u00e9reux pour l\u2019\u00c9conomie martiniquaise, consisterait en ceci\u00a0:<\/span><\/p>\n<p align=\"JUSTIFY\">\n<ul>\n<li>\n<p align=\"JUSTIFY\"><span style=\"font-size: large;\">\u00c9quipement de nos lignes de Cr\u00eates encore inhabit\u00e9es et impropres \u00e0 la Culture, d\u2019\u00c9oliennes et de Cellules Photo-Volta\u00efques\u00a0: la Cr\u00eate qui longe la Baie des Flamands par exemple.<\/span><\/p>\n<\/li>\n<\/ul>\n<p align=\"JUSTIFY\">\n<ul>\n<li>\n<p align=\"JUSTIFY\"><span style=\"font-size: large;\">Dotation de nos sommets et zones arides (montagne Pel\u00e9e, Presqu\u2019\u00eele de la Caravelle) d\u2019\u00c9quipements identiques.<\/span><\/p>\n<\/li>\n<\/ul>\n<p>&nbsp;<\/p>\n<p align=\"JUSTIFY\"><span style=\"font-size: large;\">Ces \u00c9quipements pr\u00e9sentant les avantages d\u2019\u00eatre compl\u00e9mentaires et de pouvoir fonctionner ou simultan\u00e9ment ou alternativement, sans nul besoin des Combustibles responsables du r\u00e9chauffement climatique\u00a0!<\/span><\/p>\n<p align=\"JUSTIFY\">\n<p align=\"JUSTIFY\"><span style=\"font-size: large;\">Voil\u00e0 donc ci-dessous le Message en question, il s\u2019intitule \u00e0 notre fa\u00e7on\u00a0: \u00ab\u00a0<\/span><span style=\"font-size: large;\"><em><strong>La Martinique s\u2019auto-d\u00e9truit<\/strong><\/em><\/span><span style=\"font-size: large;\">\u00a0\u00bb.<\/span><\/p>\n<p align=\"JUSTIFY\">\n<p align=\"JUSTIFY\">\n<script type=\"text\/javascript\">\n\nvar addthis_config = {\"data_track_clickback\":false,\"data_track_addressbar\":false,\"data_track_textcopy\":false};\n<\/script><script type=\"text\/javascript\" src=\"\/\/s7.addthis.com\/js\/250\/addthis_widget.js#pubid=a457a6d63fb9e6ccabdde4110343bd85\"><\/script>","protected":false},"excerpt":{"rendered":"<p>&nbsp;<\/p>\n<p style=\"text-align: center;\" align=\"JUSTIFY\"><span style=\"color: #632423;\"><span style=\"font-family: Arial, sans-serif;\"><span style=\"font-size: large;\">Revenir au Charbon et peut-\u00eatre aux Tourbi\u00e8res\u00a0!..<\/span><\/span><\/span><\/p>\n<p align=\"JUSTIFY\">\n<p align=\"JUSTIFY\">\u00a0<\/p>\n<p align=\"JUSTIFY\"><span style=\"color: #632423;\"><span style=\"font-family: 'Comic Sans MS', cursive;\"><span style=\"font-size: large;\">\u00c9ric E.G. NOGARD<\/span><\/span><\/span><\/p>\n<p align=\"JUSTIFY\"><span style=\"color: #c00000;\"><span style=\"font-size: large;\">Chroniqueur<\/span><\/span><span style=\"color: #c00000;\"><span style=\"font-size: large;\">.<\/span><\/span><\/p>\n<p>&nbsp;<\/p>\n<p align=\"CENTER\"><span style=\"font-size: large;\">*** *** ***<\/span><\/p>\n<p align=\"JUSTIFY\">\u00a0 \u00a0 \u00a0 \u00a0 \u00a0 \u00a0 \u00a0 \u00a0 \u00a0 \u00a0 \u00a0 \u00a0 \u00a0 \u00a0 \u00a0 \u00a0 \u00a0 \u00a0 \u00a0 \u00a0 \u00a0<\/p>\n<p align=\"CENTER\"><span style=\"font-size: large;\">F1\u00a0: <\/span><span style=\"color: #c00000;\"><span style=\"font-size: large;\">Ces Crassiers qui vous font Cracher noir.<\/span><\/span><\/p>\n<p align=\"JUSTIFY\">\n<p align=\"JUSTIFY\">\n<p align=\"JUSTIFY\"><span style=\"font-family: 'Comic Sans MS', cursive;\"><span style=\"font-size: large;\">Avec nos remerciements empress\u00e9s au Scrutateur Guadeloup\u00e9en \u00e0 qui nous <\/span><\/span>&hellip;<\/p>\n","protected":false},"author":1,"featured_media":0,"comment_status":"open","ping_status":"open","sticky":false,"template":"","format":"standard","meta":{"footnotes":""},"categories":[1],"tags":[],"class_list":["post-11900","post","type-post","status-publish","format-standard","hentry","category-accueil"],"_links":{"self":[{"href":"http:\/\/www.lecarrefourdesopinions.ca\/index.php?rest_route=\/wp\/v2\/posts\/11900","targetHints":{"allow":["GET"]}}],"collection":[{"href":"http:\/\/www.lecarrefourdesopinions.ca\/index.php?rest_route=\/wp\/v2\/posts"}],"about":[{"href":"http:\/\/www.lecarrefourdesopinions.ca\/index.php?rest_route=\/wp\/v2\/types\/post"}],"author":[{"embeddable":true,"href":"http:\/\/www.lecarrefourdesopinions.ca\/index.php?rest_route=\/wp\/v2\/users\/1"}],"replies":[{"embeddable":true,"href":"http:\/\/www.lecarrefourdesopinions.ca\/index.php?rest_route=%2Fwp%2Fv2%2Fcomments&post=11900"}],"version-history":[{"count":1,"href":"http:\/\/www.lecarrefourdesopinions.ca\/index.php?rest_route=\/wp\/v2\/posts\/11900\/revisions"}],"predecessor-version":[{"id":11907,"href":"http:\/\/www.lecarrefourdesopinions.ca\/index.php?rest_route=\/wp\/v2\/posts\/11900\/revisions\/11907"}],"wp:attachment":[{"href":"http:\/\/www.lecarrefourdesopinions.ca\/index.php?rest_route=%2Fwp%2Fv2%2Fmedia&parent=11900"}],"wp:term":[{"taxonomy":"category","embeddable":true,"href":"http:\/\/www.lecarrefourdesopinions.ca\/index.php?rest_route=%2Fwp%2Fv2%2Fcategories&post=11900"},{"taxonomy":"post_tag","embeddable":true,"href":"http:\/\/www.lecarrefourdesopinions.ca\/index.php?rest_route=%2Fwp%2Fv2%2Ftags&post=11900"}],"curies":[{"name":"wp","href":"https:\/\/api.w.org\/{rel}","templated":true}]}}