{"id":11898,"date":"2015-12-13T20:25:16","date_gmt":"2015-12-14T01:25:16","guid":{"rendered":"http:\/\/www.lecarrefourdesopinions.ca\/?p=11898"},"modified":"2015-12-13T20:25:16","modified_gmt":"2015-12-14T01:25:16","slug":"offensive-gaziere-au-quebec","status":"publish","type":"post","link":"http:\/\/www.lecarrefourdesopinions.ca\/?p=11898","title":{"rendered":"Offensive gazi\u00e8re au Qu\u00e9bec"},"content":{"rendered":"<p style=\"text-align: center;\"><span style=\"font-size: large;\">Offensive gazi\u00e8re au Qu\u00e9bec<\/span><\/p>\n<p><img loading=\"lazy\" decoding=\"async\" class=\"alignnone size-thumbnail wp-image-10846\" title=\"Louise Morand\" src=\"http:\/\/www.lecarrefourdesopinions.ca\/wp-content\/uploads\/2014\/07\/Louise-Morand-134x107.png\" alt=\"\" width=\"134\" height=\"107\" \/><\/p>\n<p><span style=\"color: #800000;\"><em>par\u00a0Louise Morand<\/em><\/span><\/p>\n<p>Depuis quelques temps, les Qu\u00e9b\u00e9cois sont soumis, \u00e0 la radio, \u00e0 la t\u00e9l\u00e9vision, dans les journaux et sur internet, \u00e0 une propagande intense faisant la promotion de la production, du traitement et du transport pour l\u2019exportation du gaz naturel chez nous. En plus des d\u00e9clarations du ministre des Ressources naturelles Pierre Arcand en faveur du d\u00e9veloppement des hydrocarbures<sup><a name=\"sdfootnote1anc\" href=\"#sdfootnote1sym\"><\/a><sup>1<\/sup><\/sup>, une vaste campagne publicitaire de Gaz M\u00e9tro vante les m\u00e9rites d\u2019une alimentation locale en gaz<sup><a name=\"sdfootnote2anc\" href=\"#sdfootnote2sym\"><\/a><sup>2<\/sup><\/sup>. De son c\u00f4t\u00e9, Pierre-Olivier Pineau, sp\u00e9cialiste du secteur de l\u2019\u00e9nergie aux HEC \u00e0 Montr\u00e9al, plaide en faveur du d\u00e9veloppement \u00ab\u00a0<em>rentable et responsable\u00a0\u00bb<\/em> de cet hydrocarbure<sup><a name=\"sdfootnote3anc\" href=\"#sdfootnote3sym\"><\/a><sup>3<\/sup><\/sup>. Cette semaine encore, \u00e0 l\u2019\u00e9mission <em>Faut pas croire tout ce qu\u2019on dit<\/em> \u00e0 Radio-Canada, Jean Simard, pr\u00e9sident de l\u2019Association de l\u2019aluminium du Canada, d\u00e9clarait \u00e0 tort que le gaz naturel \u00e9tait une \u00e9nergie de transition moins polluante que le charbon<sup><a name=\"sdfootnote4anc\" href=\"#sdfootnote4sym\"><\/a><sup>4<\/sup><\/sup>.<\/p>\n<p>Cette offensive m\u00e9diatique survient alors qu\u2019une \u00e9tude publi\u00e9e dans le cadre des \u00c9valuations environnementales strat\u00e9giques (\u00c9ES) r\u00e9v\u00e8le que le d\u00e9veloppement des infrastructures pour exploiter le gaz \u00e0 Anticosti n\u00e9cessiterait des investissements publics de l\u2019ordre de 14\u00a0milliards de dollars<sup><a name=\"sdfootnote5anc\" href=\"#sdfootnote5sym\"><\/a><sup>5<\/sup><a name=\"sdfootnote6anc\" href=\"#sdfootnote6sym\"><\/a><sup>6<\/sup><\/sup>. D\u2019autres projets, comme l\u2019usine de liqu\u00e9faction de gaz \u00e0 Grande-Anse au Saguenay et la construction d\u2019un port m\u00e9thanier pour traiter et exporter le gaz de schiste en provenance de l\u2019ouest et des \u00c9tats-Unis, repr\u00e9sentent des investissements de plus de 7,5\u00a0milliards de dollars<sup><a name=\"sdfootnote7anc\" href=\"#sdfootnote7sym\"><\/a><sup>7<\/sup><a name=\"sdfootnote8anc\" href=\"#sdfootnote8sym\"><\/a><sup>8<\/sup><\/sup>. Le gouvernement s\u2019est encore montr\u00e9 favorable \u00e0 la construction de l\u2019usine de liqu\u00e9faction de gaz de la multinationale Stolt \u00e0 B\u00e9cancour, au gazoduc de Tugliq en Gasp\u00e9sie, au terminal de gaz naturel liqu\u00e9fi\u00e9 flottant de la norv\u00e9gienne Hoegh \u00e0 Sept-\u00celes, et \u00e0 l\u2019agrandissement de l\u2019usine de liqu\u00e9faction, de stockage et de regaz\u00e9ification de Gaz M\u00e9tro dans l&rsquo;est de Montr\u00e9al, ce qui devrait permettre \u00e0 cette industrie de tripler sa production. Bref, le gouvernement actuel, gr\u00e2ce aux g\u00e9n\u00e9reuses contributions financi\u00e8res de l\u2019\u00c9tat, ambitionne de transformer le Qu\u00e9bec en technopole du gaz de schiste, qu\u2019il renomme, pour le rendre plus socialement acceptable, \u00ab\u00a0gaz naturel liqu\u00e9fi\u00e9\u00a0\u00bb ou \u00ab\u00a0GNL\u00a0\u00bb.<\/p>\n<p>Malgr\u00e9 les d\u00e9clarations rassurantes de Philippe Couillard \u00e0 la COP\u00a021 \u00e0 Paris, la perspective d\u2019un tel d\u00e9veloppement de la fili\u00e8re gazi\u00e8re au Qu\u00e9bec demeure tr\u00e8s pr\u00e9occupante. D\u2019abord les donn\u00e9es n\u00e9cessaires \u00e0 l\u2019analyse co\u00fbts-b\u00e9n\u00e9fices de cette fili\u00e8re ne sont pas encore disponibles ou sont biais\u00e9es en faveur de l\u2019industrie. C\u2019est le cas des \u00e9tudes des \u00c9ES sur les projets d\u2019hydrocarbures \u00e0 Anticosti et ailleurs au Qu\u00e9bec<sup><a name=\"sdfootnote9anc\" href=\"#sdfootnote9sym\"><\/a><sup>9<\/sup><\/sup>. Ensuite aucune distinction n\u2019est faite, dans le discours public, entre le gaz naturel conventionnel et le gaz issu de la fracturation hydraulique. Si le gaz naturel conventionnel \u00e9met moins de GES que le p\u00e9trole ou le mazout, le gaz obtenu par fracturation est, lui, nettement plus polluant<sup><a name=\"sdfootnote10anc\" href=\"#sdfootnote10sym\"><\/a><sup>10<\/sup><\/sup>. Et c\u2019est bien ce type d\u2019\u00e9nergie sale que le gouvernement actuel veut voir s\u2019implanter chez nous.<\/p>\n<p>En plus des \u00e9missions de GES et du radon radioactif, les promoteurs du GNL devraient se pr\u00e9occuper des impacts tr\u00e8s n\u00e9gatifs de cette industrie sur l\u2019eau potable, les sols, la sant\u00e9, la vie des communaut\u00e9s et les autres industries, dont celles li\u00e9es \u00e0 une v\u00e9ritable transition \u00e9nerg\u00e9tique. Ce sont l\u00e0 des sujets dont il faut absolument tenir compte si on veut donner l\u2019heure juste dans le cadre d\u2019une politique \u00e9nerg\u00e9tique visant \u00e0 lutter contre le r\u00e9chauffement climatique. Malheureusement ceux et celles qui font l\u2019apologie du gaz au Qu\u00e9bec sont bien loin de ces consid\u00e9rations.<\/p>\n<p lang=\"fr-CA\">\n<p lang=\"fr-CA\">\n<p lang=\"fr-CA\">\n<p>&nbsp;<\/p>\n<div id=\"sdfootnote1\">\n<p><a name=\"sdfootnote1sym\" href=\"#sdfootnote1anc\"><\/a>1 Alexandre Robillard, <em>Hydrocarbures. Arcand rassure l\u2019industrie<\/em>, <em>Le Devoir<\/em>, 13\u00a0d\u00e9cembre 2015, http:\/\/www.ledevoir.com\/environnement\/actualites-sur-l-environnement\/457570\/hydrocarbures-arcand-rassure-l-industrie<\/p>\n<\/div>\n<div id=\"sdfootnote2\">\n<p><a name=\"sdfootnote2sym\" href=\"#sdfootnote2anc\"><\/a>2 St\u00e9phanie Trudeau, <em>Une campagne de publicit\u00e9 engag\u00e9e<\/em>, <em>Le Devoir<\/em>, 5\u00a0novembre 2015, <span style=\"color: #0000ff;\"><span style=\"text-decoration: underline;\"><a href=\"http:\/\/goo.gl\/jU0fJ6\"><span style=\"color: #000000;\">http:\/\/goo.gl\/jU0fJ6<\/span><\/a><\/span><\/span>.<\/p>\n<\/div>\n<div id=\"sdfootnote3\">\n<p><a name=\"sdfootnote3sym\" href=\"#sdfootnote3anc\"><\/a>3Karl Rettino-Parazelli, <em>P\u00e9trole. Pourquoi se priver?<\/em>, <em>Le Devoir<\/em>, 10 d\u00e9cembre 2015, http:\/\/www.ledevoir.com\/economie\/actualites-economiques\/457553\/petrole-pourquoi-se-priver<\/p>\n<\/div>\n<div id=\"sdfootnote4\">\n<p><a name=\"sdfootnote4sym\" href=\"#sdfootnote4anc\"><\/a>4 Entrevue avec Jean Simard de l\u2019Association de l\u2019aluminium du Canada, Soci\u00e9t\u00e9 Radio-Canada, <em>Faut-pas croire tout c\u2019qu\u2019on dit<\/em>, 12h39, 12\u00a0d\u00e9cembre 2015, http:\/\/goo.gl\/6BW4hW<\/p>\n<\/div>\n<div id=\"sdfootnote5\">\n<p><a name=\"sdfootnote5sym\" href=\"#sdfootnote5anc\"><\/a>5 \u00c9ric Pineault, <em>M\u00e9moire d\u00e9pos\u00e9 dans le cadre des consultations publiques de l\u2019EES sur les hydrocarbures<\/em>, Montr\u00e9al, 16\u00a0novembre 2015, http:\/\/hydrocarbures.gouv.qc.ca\/documents\/memoire\/Pineault_Eric.pdf<\/p>\n<\/div>\n<div id=\"sdfootnote6\">\n<p><a name=\"sdfootnote6sym\" href=\"#sdfootnote6anc\"><\/a>6 <span style=\"font-size: small;\"><em>\u00c9valuation financi\u00e8re, \u00e9valuation des retomb\u00e9es \u00e9conomiques et sc\u00e9narios possibles de d\u00e9veloppement de l\u2019exploitation d\u2019hydrocarbures sur l\u2019\u00eele d\u2019Anticosti,<\/em><\/span><span style=\"font-size: small;\"> http:\/\/hydrocarbures.gouv.qc.ca\/documents\/etudes\/AECN01-AECN02.pdf<\/span><\/p>\n<\/div>\n<div id=\"sdfootnote7\">\n<p><a name=\"sdfootnote7sym\" href=\"#sdfootnote7anc\"><\/a>7 Katerine Belly-Murray, <em>GNL Qu\u00e9bec maintient la pertinence de son projet<\/em>, <em>La Presse<\/em>, 7\u00a0d\u00e9cembre 2015, http:\/\/www.lapresse.ca\/le-quotidien\/actualites\/201512\/07\/01-4928856-gnl-quebec-maintient-la-pertinence-de-son-projet.php<\/p>\n<\/div>\n<div id=\"sdfootnote8\">\n<p><a name=\"sdfootnote8sym\" href=\"#sdfootnote8anc\"><\/a>8 \u00c9nergie Grande-Anse, <em>Gazoduc vers les march\u00e9s<\/em>, http:\/\/www.uqac.ca\/vision2025\/actionsstructurantes\/portmethanier.pdf<\/p>\n<\/div>\n<div id=\"sdfootnote9\">\n<p><a name=\"sdfootnote9sym\" href=\"#sdfootnote9anc\"><\/a>9 <span style=\"font-size: small;\">Alexandre Shields, <\/span><span style=\"color: #0000ff;\"><a href=\"http:\/\/www.ledevoir.com\/environnement\/actualites-sur-l-environnement\/455436\/energies-fossiles-les-etudes-lancees-par-le-gouvernement-couillard-sont-jugees-biaisees\"><span style=\"color: #000000;\"><span style=\"font-size: small;\"><em>Les \u00e9tudes lanc\u00e9es par le gouvernement Couillard sont jug\u00e9es biais\u00e9es<\/em><\/span><\/span><\/a><\/span><span style=\"font-size: small;\">, <\/span><span style=\"font-size: small;\"><em>Le Devoir<\/em><\/span><span style=\"font-size: small;\">, 17\u00a0novembre 2015.<\/span> <span style=\"font-size: small;\">http:\/\/goo.gl\/t1AVoP<\/span><\/p>\n<\/div>\n<div id=\"sdfootnote10\">\n<p><a name=\"sdfootnote10sym\" href=\"#sdfootnote10anc\"><\/a>10 Marc Durand, <em>Gisements non conventionnels d\u2019hydrocarbures<\/em>, http:\/\/rochemere.blogspot.ca\/2015\/02\/memoire-pour-lees-anticosti.html<\/p>\n<\/div>\n<script type=\"text\/javascript\">\n\nvar addthis_config = {\"data_track_clickback\":false,\"data_track_addressbar\":false,\"data_track_textcopy\":false};\n<\/script><script type=\"text\/javascript\" src=\"\/\/s7.addthis.com\/js\/250\/addthis_widget.js#pubid=a457a6d63fb9e6ccabdde4110343bd85\"><\/script>","protected":false},"excerpt":{"rendered":"<p style=\"text-align: center;\"><span style=\"font-size: large;\">Offensive gazi\u00e8re au Qu\u00e9bec<\/span><\/p>\n<\/p>\n<p><span style=\"color: #800000;\">par\u00a0Louise Morand<\/span><\/p>\n<p>Depuis quelques temps, les Qu\u00e9b\u00e9cois sont soumis, \u00e0 la radio, \u00e0 la t\u00e9l\u00e9vision, dans les journaux et sur internet, \u00e0 une propagande intense faisant la promotion de la production, du &hellip;<\/p>\n","protected":false},"author":1,"featured_media":0,"comment_status":"open","ping_status":"open","sticky":false,"template":"","format":"standard","meta":{"footnotes":""},"categories":[1],"tags":[],"class_list":["post-11898","post","type-post","status-publish","format-standard","hentry","category-accueil"],"_links":{"self":[{"href":"http:\/\/www.lecarrefourdesopinions.ca\/index.php?rest_route=\/wp\/v2\/posts\/11898","targetHints":{"allow":["GET"]}}],"collection":[{"href":"http:\/\/www.lecarrefourdesopinions.ca\/index.php?rest_route=\/wp\/v2\/posts"}],"about":[{"href":"http:\/\/www.lecarrefourdesopinions.ca\/index.php?rest_route=\/wp\/v2\/types\/post"}],"author":[{"embeddable":true,"href":"http:\/\/www.lecarrefourdesopinions.ca\/index.php?rest_route=\/wp\/v2\/users\/1"}],"replies":[{"embeddable":true,"href":"http:\/\/www.lecarrefourdesopinions.ca\/index.php?rest_route=%2Fwp%2Fv2%2Fcomments&post=11898"}],"version-history":[{"count":1,"href":"http:\/\/www.lecarrefourdesopinions.ca\/index.php?rest_route=\/wp\/v2\/posts\/11898\/revisions"}],"predecessor-version":[{"id":11899,"href":"http:\/\/www.lecarrefourdesopinions.ca\/index.php?rest_route=\/wp\/v2\/posts\/11898\/revisions\/11899"}],"wp:attachment":[{"href":"http:\/\/www.lecarrefourdesopinions.ca\/index.php?rest_route=%2Fwp%2Fv2%2Fmedia&parent=11898"}],"wp:term":[{"taxonomy":"category","embeddable":true,"href":"http:\/\/www.lecarrefourdesopinions.ca\/index.php?rest_route=%2Fwp%2Fv2%2Fcategories&post=11898"},{"taxonomy":"post_tag","embeddable":true,"href":"http:\/\/www.lecarrefourdesopinions.ca\/index.php?rest_route=%2Fwp%2Fv2%2Ftags&post=11898"}],"curies":[{"name":"wp","href":"https:\/\/api.w.org\/{rel}","templated":true}]}}