{"id":11878,"date":"2015-12-07T14:08:35","date_gmt":"2015-12-07T19:08:35","guid":{"rendered":"http:\/\/www.lecarrefourdesopinions.ca\/?p=11878"},"modified":"2015-12-07T14:08:35","modified_gmt":"2015-12-07T19:08:35","slug":"exploiter-a-perte-les-sables-bitumineux-une-question-de-subventions","status":"publish","type":"post","link":"http:\/\/www.lecarrefourdesopinions.ca\/?p=11878","title":{"rendered":"Exploiter \u00e0 perte les sables bitumineux, une question de subventions"},"content":{"rendered":"<p style=\"text-align: center;\" lang=\"\"><span style=\"color: #17365d;\"><span style=\"font-family: 'Times New Roman', serif;\"><span>Exploiter \u00e0 perte les sables bitumineux, une question de subventions<\/span><\/span><\/span><\/p>\n<p lang=\"\"><strong>St\u00e9phane Brousseau<\/strong>\u00a0\u2013\u00a0<em>Directeur de recherche<\/em><\/p>\n<p lang=\"\" align=\"RIGHT\">\n<p lang=\"\"><span style=\"font-family: 'Times New Roman', serif;\">n 2020, les \u00e9missions de gaz \u00e0 effet de serre (GES) de l\u2019extraction des sables bitumineux seront d&rsquo;environ 63\u00a0kg par baril et celles de la valorisation du bitume d&rsquo;environ 54\u00a0kg par baril [1].<\/span><\/p>\n<p lang=\"\">\n<p lang=\"\"><span style=\"font-family: 'Times New Roman', serif;\">En 2018, l&rsquo;Alberta va imposer aux \u00e9metteurs de plus de 100\u00a0000 tonnes de GES par ann\u00e9e une taxe carbone de 30$ la tonne.<\/span><\/p>\n<p lang=\"\">\n<p lang=\"\"><span style=\"font-family: 'Times New Roman', serif;\">Compte tenu des taux d&rsquo;\u00e9mission, cette taxe ajoutera 1,88$ par baril au co\u00fbt de l\u2019extraction et 1,62$ par baril au co\u00fbt de la valorisation du bitume.<\/span><\/p>\n<p lang=\"\">\n<p lang=\"\"><span style=\"font-family: 'Times New Roman', serif;\">Un communiqu\u00e9 de Reuters dat\u00e9 du 19 ao\u00fbt 2015 [2] mentionne que le co\u00fbt de production du Syncrude valoris\u00e9 issu des sables bitumineux \u00e9tait de 57$ par baril et qu\u2019en incluant les d\u00e9penses, il grimpe \u00e0 pr\u00e8s de 62$ par baril.<\/span><\/p>\n<p lang=\"\">\n<p lang=\"\"><span style=\"font-family: 'Times New Roman', serif;\">En ajoutant la taxe carbone de 1,88$ et de 1,62$, c&rsquo;est 3,50$ de plus par baril qui s&rsquo;ajouteront aux 62$ pour totaliser 65,50$.<\/span><\/p>\n<p lang=\"\">\n<p lang=\"\"><span style=\"font-family: 'Times New Roman', serif;\">Depuis un an, la valeur du p\u00e9trole sur les march\u00e9s boursiers a chut\u00e9 de 99$ \u00e0 56,81$ par baril [3], en tenant compte du taux de change de 1,33 [4] en date du 25 novembre 2015.<\/span><\/p>\n<p lang=\"\">\n<p lang=\"\"><span style=\"font-family: 'Times New Roman', serif;\">Les sables bitumineux seront donc exploit\u00e9s avec une perte de 8,69$ par baril d\u00e8s 2018 si la valeur du brut ne remonte pas. Actuellement, la perte est d&rsquo;environ 5,19$ par baril.<\/span><\/p>\n<p lang=\"\">\n<p lang=\"\"><span style=\"font-family: 'Times New Roman', serif;\">Mais produire \u00e0 perte n&rsquo;inqui\u00e8te pas l&rsquo;industrie p\u00e9troli\u00e8re qui est tr\u00e8s grassement subventionn\u00e9e [5] via plus de 800 programmes [6], totalisant pr\u00e8s de 5300 milliards de dollars par ann\u00e9e [7].<\/span><\/p>\n<p lang=\"\">\n<p lang=\"\"><span style=\"font-family: 'Times New Roman', serif;\">Avec les changements climatiques, dont les effets sur les infrastructures et la capacit\u00e9 agricole vont faire d\u00e9faillir l\u2019\u00e9conomie mondiale d\u00e9j\u00e0 fragilis\u00e9e, faut-il vraiment attendre des catastrophes irr\u00e9versibles avant d\u2019agir?<\/span><\/p>\n<p lang=\"\">\n<p lang=\"\"><span style=\"font-family: 'Times New Roman', serif;\"><span style=\"font-size: small;\">IRASD \u2013 Institut de recherche en architecture sociale durable<\/span><\/span><\/p>\n<p><span style=\"font-family: 'Times New Roman', serif;\"><span style=\"font-size: small;\"><a href=\"https:\/\/irasd.wordpress.com\/\">https:\/\/irasd.wordpress.com\/<\/a><\/span><\/span><\/p>\n<p><a href=\"http:\/\/enjeuxenergies.wordpress.com\/\"><span style=\"font-family: 'Times New Roman', serif;\"><span style=\"font-size: small;\">http:\/\/enjeuxenergies.wordpress.com\/<\/span><\/span><\/a><\/p>\n<p><span style=\"color: #0000ff;\"><span style=\"font-family: 'Times New Roman', serif;\"><span style=\"font-size: small;\"><span style=\"text-decoration: underline;\"><a href=\"mailto:Enjeux.Energies@gmail.com\">Enjeux.Energies@gmail.com<\/a><\/span><\/span><\/span><\/span><\/p>\n<p><span style=\"color: #454545;\"><span style=\"font-family: UICTFontTextStyleBody;\"><span>[1] <\/span><\/span><\/span><a href=\"https:\/\/enjeuxenergies.wordpress.com\/2015\/11\/20\/un-rapport-accablant-pour-le-quebec-et-le-canada-sur-les-sables-bitumineux\/\"><span style=\"font-family: UICTFontTextStyleBody;\"><span><span style=\"text-decoration: underline;\">https:\/\/enjeuxenergies.wordpress.com\/2015\/11\/20\/un-rapport-accablant-pour-le-quebec-et-le-canada-sur-les-sables-bitumineux\/<\/span><\/span><\/span><\/a><\/p>\n<p><span style=\"color: #454545;\"><span style=\"font-family: UICTFontTextStyleBody;\"><span>[2] <\/span><\/span><\/span><a href=\"http:\/\/ca.reuters.com\/article\/businessNews\/idCAKCN0QO25I20150819\"><span style=\"font-family: UICTFontTextStyleBody;\"><span>http:\/\/ca.reuters.com\/article\/businessNews\/idCAKCN0QO25I20150819<\/span><\/span><\/a><\/p>\n<p><span style=\"color: #454545;\"><span style=\"font-family: UICTFontTextStyleBody;\"><span>[3] <\/span><\/span><\/span><a href=\"http:\/\/www.nasdaq.com\/markets\/crude-oil.aspx?timeframe=1y\"><span style=\"font-family: UICTFontTextStyleBody;\"><span>http:\/\/www.nasdaq.com\/markets\/crude-oil.aspx?timeframe=1y<\/span><\/span><\/a><\/p>\n<p><span style=\"color: #454545;\"><span style=\"font-family: UICTFontTextStyleBody;\"><span>[4] <\/span><\/span><\/span><a href=\"http:\/\/www.banqueducanada.ca\/taux\/taux-de-change\/convertisseur-de-devises-taux-du-jour\/\"><span style=\"font-family: UICTFontTextStyleBody;\"><span>http:\/\/www.banqueducanada.ca\/taux\/taux-de-change\/convertisseur-de-devises-taux-du-jour\/<\/span><\/span><\/a><\/p>\n<p><span style=\"color: #454545;\"><span style=\"font-family: UICTFontTextStyleBody;\"><span>[5] <\/span><\/span><\/span><span style=\"color: #0000ff;\"><span style=\"font-family: UICTFontTextStyleBody;\"><span><span style=\"text-decoration: underline;\"><a href=\"https:\/\/enjeuxenergies.wordpress.com\/?s=Subvention+fossile&amp;submit=Recherche\">https:\/\/enjeuxenergies.wordpress.com\/?s=Subvention+fossile<\/a><a href=\"https:\/\/enjeuxenergies.wordpress.com\/?s=Subvention+fossile&amp;submit=Recherche\">&amp;<\/a><\/span><\/span><\/span><\/span><a href=\"https:\/\/enjeuxenergies.wordpress.com\/?s=Subvention+fossile&amp;submit=Recherche\"><span style=\"color: #454545;\"><span style=\"font-family: UICTFontTextStyleBody;\"><span>submit=Recherche<\/span><\/span><\/span><\/a><\/p>\n<p><span style=\"color: #454545;\"><span style=\"font-family: UICTFontTextStyleBody;\"><span>[6] <\/span><\/span><\/span><a href=\"https:\/\/enjeuxenergies.wordpress.com\/2015\/10\/14\/800-programmes-de-subventions-aux-energies-fossiles-dans-les-pays-de-locde-magazine-goodplan-et-info\/\"><span style=\"font-family: UICTFontTextStyleBody;\"><span>https:\/\/enjeuxenergies.wordpress.com\/2015\/10\/14\/800-programmes-de-subventions-aux-energies-fossiles-dans-les-pays-de-locde-magazine-goodplan-et-info\/<\/span><\/span><\/a><\/p>\n<p><span style=\"color: #454545;\"><span style=\"font-family: UICTFontTextStyleBody;\"><span>[7] <\/span><\/span><\/span><a href=\"https:\/\/enjeuxenergies.wordpress.com\/2015\/05\/25\/5300-milliards-par-an-de-subventions-a-lindustrie-des-carburants-fossiles\/\"><span style=\"font-family: UICTFontTextStyleBody;\"><span>https:\/\/enjeuxenergies.wordpress.com\/2015\/05\/25\/5300-milliards-par-an-de-subventions-a-lindustrie-des-carburants-fossiles\/<\/span><\/span><\/a><\/p>\n<p lang=\"\">\n<script type=\"text\/javascript\">\n\nvar addthis_config = {\"data_track_clickback\":false,\"data_track_addressbar\":false,\"data_track_textcopy\":false};\n<\/script><script type=\"text\/javascript\" src=\"\/\/s7.addthis.com\/js\/250\/addthis_widget.js#pubid=a457a6d63fb9e6ccabdde4110343bd85\"><\/script>","protected":false},"excerpt":{"rendered":"<p style=\"text-align: center;\" lang=\"\"><span style=\"color: #17365d;\"><span style=\"font-family: 'Times New Roman', serif;\"><span>Exploiter \u00e0 perte les sables bitumineux, une question de subventions<\/span><\/span><\/span><\/p>\n<p lang=\"\">St\u00e9phane Brousseau\u00a0\u2013\u00a0Directeur de recherche<\/p>\n<p lang=\"\" align=\"RIGHT\">\n<p lang=\"\"><span style=\"font-family: 'Times New Roman', serif;\">n 2020, les \u00e9missions de gaz \u00e0 effet de serre (GES) de l\u2019extraction des sables bitumineux seront d&rsquo;environ 63\u00a0kg par <\/span>&hellip;<\/p>\n","protected":false},"author":1,"featured_media":0,"comment_status":"open","ping_status":"open","sticky":false,"template":"","format":"standard","meta":{"footnotes":""},"categories":[1],"tags":[],"class_list":["post-11878","post","type-post","status-publish","format-standard","hentry","category-accueil"],"_links":{"self":[{"href":"http:\/\/www.lecarrefourdesopinions.ca\/index.php?rest_route=\/wp\/v2\/posts\/11878","targetHints":{"allow":["GET"]}}],"collection":[{"href":"http:\/\/www.lecarrefourdesopinions.ca\/index.php?rest_route=\/wp\/v2\/posts"}],"about":[{"href":"http:\/\/www.lecarrefourdesopinions.ca\/index.php?rest_route=\/wp\/v2\/types\/post"}],"author":[{"embeddable":true,"href":"http:\/\/www.lecarrefourdesopinions.ca\/index.php?rest_route=\/wp\/v2\/users\/1"}],"replies":[{"embeddable":true,"href":"http:\/\/www.lecarrefourdesopinions.ca\/index.php?rest_route=%2Fwp%2Fv2%2Fcomments&post=11878"}],"version-history":[{"count":1,"href":"http:\/\/www.lecarrefourdesopinions.ca\/index.php?rest_route=\/wp\/v2\/posts\/11878\/revisions"}],"predecessor-version":[{"id":11879,"href":"http:\/\/www.lecarrefourdesopinions.ca\/index.php?rest_route=\/wp\/v2\/posts\/11878\/revisions\/11879"}],"wp:attachment":[{"href":"http:\/\/www.lecarrefourdesopinions.ca\/index.php?rest_route=%2Fwp%2Fv2%2Fmedia&parent=11878"}],"wp:term":[{"taxonomy":"category","embeddable":true,"href":"http:\/\/www.lecarrefourdesopinions.ca\/index.php?rest_route=%2Fwp%2Fv2%2Fcategories&post=11878"},{"taxonomy":"post_tag","embeddable":true,"href":"http:\/\/www.lecarrefourdesopinions.ca\/index.php?rest_route=%2Fwp%2Fv2%2Ftags&post=11878"}],"curies":[{"name":"wp","href":"https:\/\/api.w.org\/{rel}","templated":true}]}}