{"id":11876,"date":"2015-12-03T21:27:32","date_gmt":"2015-12-04T02:27:32","guid":{"rendered":"http:\/\/www.lecarrefourdesopinions.ca\/?p=11876"},"modified":"2015-12-03T21:27:32","modified_gmt":"2015-12-04T02:27:32","slug":"salut","status":"publish","type":"post","link":"http:\/\/www.lecarrefourdesopinions.ca\/?p=11876","title":{"rendered":"salut"},"content":{"rendered":"<p style=\"text-align: center;\">Salut,<\/p>\n<p style=\"text-align: left;\"><img loading=\"lazy\" decoding=\"async\" class=\"alignnone size-thumbnail wp-image-10071\" title=\"photo Michel Frankland 2\" src=\"http:\/\/www.lecarrefourdesopinions.ca\/wp-content\/uploads\/2013\/08\/photo-Michel-Frankland-2-134x107.jpg\" alt=\"\" width=\"134\" height=\"107\" \/><\/p>\n<p style=\"text-align: left;\"><em><span style=\"color: #800000;\">par Michel Frankalnd<\/span><\/em><\/p>\n<p>&nbsp;<\/p>\n<p>Je veux te parler d\u2019une activit\u00e9 qui m\u2019est ch\u00e8re.<\/p>\n<p>&nbsp;<\/p>\n<p>Je te proposerai une participation plus loin. Si \u00e7a te d\u00e9range en quoi que ce soit, tu envoies cette lettre aux poubelles.<\/p>\n<p>&nbsp;<\/p>\n<p>&nbsp;<\/p>\n<p>Je prends \u00e0 c\u0153ur mon travail \u00e0 la Saint-Vincent de Paul. Aider les pauvres m\u2019apparait une occupation n\u00e9cessaire. J\u2019\u00e9coute aux nouvelles que les organismes caritatifs ne sont pas utiles puisque l\u2019\u00c9tat pourrait leur accorder un salaire de base. Une dame, impliqu\u00e9e comme moi dans l\u2019aide aux pauvres, a expliqu\u00e9 au journaliste que la vie ne marche pas comme \u00e7a. Que les personnes qui proposent une telle utopie ne comprennent pas grand-chose \u00e0 la nature humaine. M\u00eame si on doublait leur BS et allocations pour enfants, il leur manquerait toujours l\u2019essentiel.<\/p>\n<p>&nbsp;<\/p>\n<p>Il faut souvent repenser leur budget avec les d\u00e9munis. Les orienter sur la fa\u00e7on de trouver un emploi. Comment s\u2019y prendre devant une compagnie d\u2019assurance qui prend tous les moyens pour ne pas leur verser la compensation pour perte d\u2019emploi par maladie. Parce que la pauvret\u00e9, \u00e7a vient souvent d\u2019un cerveau mal foutu, en mal de bons conseils et respect. Bref, les conseils et le support psychologique de b\u00e9n\u00e9voles qui les rencontrent r\u00e9guli\u00e8rement leur sont d\u2019une aide pr\u00e9cieuse.<\/p>\n<p>&nbsp;<\/p>\n<p>Et les b\u00e9n\u00e9voles ne coutent pas un sou \u00e0 l\u2019\u00c9tat. Mieux\u00a0: notre petit groupe \u00e0 la g\u00e9rance, au 1930 Champlain, vit sans exc\u00e8s. La Saint-Vincent de Paul du Grand Montr\u00e9al fonctionne \u00e0 11 % de son cout d\u2019op\u00e9ration, ce qui est clairement moins cher que la grande majorit\u00e9 des associations caritatives.<\/p>\n<p>&nbsp;<\/p>\n<p>Il m\u2019est venu des mots qui disent la bonne attitude\u00a0: les pauvres sont \u00abde mon village\u00bb. Je les accueille comme \u00e7a. Ils le sentent et l\u2019augmentation de leur BS ne leur donnerait jamais ce qui est essentiel \u00e0 un \u00eatre\u00a0humain: \u00eatre respect\u00e9 comme une personne \u00e0 part enti\u00e8re, un membre estim\u00e9 du \u00abvillage\u00bb.<\/p>\n<p>&nbsp;<\/p>\n<p>\u00c0 notre point de service, <strong>la Saint-Vincent de Paul de Saint-Joseph-de-Bordeaux, au 1650 Viel, H3M 1G5 t\u00e9l\u00a0: 514-336-4815<\/strong>, nous sommes neuf b\u00e9n\u00e9voles r\u00e9guliers et deux occasionnels. Nous croyons \u00e0 notre action. Notre petit groupe de b\u00e9n\u00e9voles, en plus des heures consacr\u00e9es \u00e0 l\u2019aide aux personnes d\u00e9munies, collaborons aussi personnellement \u00e0 la campagne de financement. En moyenne annuelle, un peu plus de 1200 $.<\/p>\n<p>&nbsp;<\/p>\n<p>Chaque ann\u00e9e, nous aidons environ 400 familles\u00a0: bons alimentaires, ameublement lorsque pratiquement n\u00e9cessaire, v\u00eatements pour l\u2019hiver (il y a quelques jours pour une famille syrienne r\u00e9cemment arriv\u00e9e), bons Bonne Mine (montant allou\u00e9 pour l\u2019achat du mat\u00e9riel scolaire en d\u00e9but d\u2019ann\u00e9e scolaire), paniers de No\u00ebl, camp de vacances pour les jeunes aux parents sans moyens (pay\u00e9 en tout ou en partie, selon notre \u00e9tat financier), etc.<\/p>\n<p>&nbsp;<\/p>\n<p>Si tu collabores financi\u00e8rement \u00e0 notre campagne de financement, nos pauvres s\u2019en trouveront mieux. Deux cas passablement r\u00e9cents me viennent \u00e0 l\u2019esprit. D. F. est tellement pauvre que non seulement il n\u2019a ni t\u00e9l\u00e9 ni t\u00e9l\u00e9phone, mais il n\u2019a pas de quoi chauffer. Si bien que l\u2019hiver, il se couvre d\u2019un vieux manteau et de couvertures. Il y a quelques semaines, I.B. me dit\u00a0: \u00abOn avait presque plus de nourriture. On a d\u00e9cid\u00e9 de la donner aux enfants. Mon mari et moi, \u00e7a fait deux jours qu\u2019on n\u2019a pas mang\u00e9.\u00bb Des cas extr\u00eames ? \u00c0 peine. Chaque cas rec\u00e8le un c\u00f4t\u00e9 path\u00e9tique.<\/p>\n<p>&nbsp;<\/p>\n<p>&nbsp;<\/p>\n<p>&nbsp;<\/p>\n<p>&nbsp;<\/p>\n<p>&nbsp;<\/p>\n<p>&nbsp;<\/p>\n<p>NOM\u2026\u2026\u2026\u2026\u2026\u2026\u2026\u2026. PR\u00c9NOM\u2026\u2026\u2026\u2026\u2026\u2026\u2026.<\/p>\n<p>&nbsp;<\/p>\n<p>&nbsp;<\/p>\n<p>&nbsp;<\/p>\n<p>ADRESSE\u2026\u2026\u2026\u2026\u2026\u2026\u2026\u2026\u2026\u2026\u2026\u2026\u2026\u2026\u2026\u2026\u2026.<\/p>\n<p>CODE POSTAL\u2026\u2026\u2026\u2026\u2026\u2026\u2026\u2026<\/p>\n<p>&nbsp;<\/p>\n<p>&nbsp;<\/p>\n<p>T\u00c9L\u00c9PHONE\u2026\u2026\u2026\u2026\u2026\u2026..<\/p>\n<p>&nbsp;<\/p>\n<p>&nbsp;<\/p>\n<p>COURRIEL (OPTIONNEL)\u2026\u2026\u2026\u2026\u2026\u2026\u2026\u2026\u2026\u2026\u2026\u2026\u2026\u2026\u2026\u2026<\/p>\n<p>&nbsp;<\/p>\n<p>&nbsp;<\/p>\n<p>MONTANT ACCORD\u00c9\u2026\u2026\u2026\u2026\u2026\u2026\u2026\u2026\u2026\u2026\u2026\u2026\u2026\u2026\u2026\u2026..<\/p>\n<p>(Pour don de 20 $ et plus, re\u00e7u d\u2019imp\u00f4t transmis dans les meilleurs d\u00e9lais)<\/p>\n<p>&nbsp;<\/p>\n<p>&nbsp;<\/p>\n<p>&nbsp;<\/p>\n<p><a name=\"_GoBack\"><\/a>Encore une fois, si, pour quelque raison, tu estimes de ne pas participer \u00e0 notre campagne, oublie ceci.<\/p>\n<p>&nbsp;<\/p>\n<p>Amiti\u00e9s<\/p>\n<p>&nbsp;<\/p>\n<p>Michel Frankland<\/p>\n<script type=\"text\/javascript\">\n\nvar addthis_config = {\"data_track_clickback\":false,\"data_track_addressbar\":false,\"data_track_textcopy\":false};\n<\/script><script type=\"text\/javascript\" src=\"\/\/s7.addthis.com\/js\/250\/addthis_widget.js#pubid=a457a6d63fb9e6ccabdde4110343bd85\"><\/script>","protected":false},"excerpt":{"rendered":"<p style=\"text-align: center;\">Salut,<\/p>\n<p style=\"text-align: left;\">\n<p style=\"text-align: left;\"><span style=\"color: #800000;\">par Michel Frankalnd<\/span><\/p>\n<p>&nbsp;<\/p>\n<p>Je veux te parler d\u2019une activit\u00e9 qui m\u2019est ch\u00e8re.<\/p>\n<p>&nbsp;<\/p>\n<p>Je te proposerai une participation plus loin. Si \u00e7a te d\u00e9range en quoi que ce soit, tu envoies cette lettre aux poubelles.&hellip;<\/p>\n","protected":false},"author":1,"featured_media":0,"comment_status":"open","ping_status":"open","sticky":false,"template":"","format":"standard","meta":{"footnotes":""},"categories":[1],"tags":[],"class_list":["post-11876","post","type-post","status-publish","format-standard","hentry","category-accueil"],"_links":{"self":[{"href":"http:\/\/www.lecarrefourdesopinions.ca\/index.php?rest_route=\/wp\/v2\/posts\/11876","targetHints":{"allow":["GET"]}}],"collection":[{"href":"http:\/\/www.lecarrefourdesopinions.ca\/index.php?rest_route=\/wp\/v2\/posts"}],"about":[{"href":"http:\/\/www.lecarrefourdesopinions.ca\/index.php?rest_route=\/wp\/v2\/types\/post"}],"author":[{"embeddable":true,"href":"http:\/\/www.lecarrefourdesopinions.ca\/index.php?rest_route=\/wp\/v2\/users\/1"}],"replies":[{"embeddable":true,"href":"http:\/\/www.lecarrefourdesopinions.ca\/index.php?rest_route=%2Fwp%2Fv2%2Fcomments&post=11876"}],"version-history":[{"count":1,"href":"http:\/\/www.lecarrefourdesopinions.ca\/index.php?rest_route=\/wp\/v2\/posts\/11876\/revisions"}],"predecessor-version":[{"id":11877,"href":"http:\/\/www.lecarrefourdesopinions.ca\/index.php?rest_route=\/wp\/v2\/posts\/11876\/revisions\/11877"}],"wp:attachment":[{"href":"http:\/\/www.lecarrefourdesopinions.ca\/index.php?rest_route=%2Fwp%2Fv2%2Fmedia&parent=11876"}],"wp:term":[{"taxonomy":"category","embeddable":true,"href":"http:\/\/www.lecarrefourdesopinions.ca\/index.php?rest_route=%2Fwp%2Fv2%2Fcategories&post=11876"},{"taxonomy":"post_tag","embeddable":true,"href":"http:\/\/www.lecarrefourdesopinions.ca\/index.php?rest_route=%2Fwp%2Fv2%2Ftags&post=11876"}],"curies":[{"name":"wp","href":"https:\/\/api.w.org\/{rel}","templated":true}]}}