{"id":11874,"date":"2015-12-03T10:12:06","date_gmt":"2015-12-03T15:12:06","guid":{"rendered":"http:\/\/www.lecarrefourdesopinions.ca\/?p=11874"},"modified":"2015-12-03T10:12:06","modified_gmt":"2015-12-03T15:12:06","slug":"la-grande-guignolee%ef%80%adla-dignite-le-partage-henri-paul-labonte","status":"publish","type":"post","link":"http:\/\/www.lecarrefourdesopinions.ca\/?p=11874","title":{"rendered":"La grande guignol\u00e9e\uf02dla dignit\u00e9-le partage- Henri-Paul Labont\u00e9"},"content":{"rendered":"<p align=\"JUSTIFY\"><em><span style=\"text-decoration: underline;\"><strong>La grande guignol\u00e9e<\/strong><\/span><\/em><span style=\"font-family: Symbol, serif;\"><em><span style=\"text-decoration: underline;\"><strong>\uf02d<\/strong><\/span><\/em><\/span><em><span style=\"text-decoration: underline;\"><strong>la dignit\u00e9-le partage- Henri-Paul Labont\u00e9<\/strong><\/span><\/em><\/p>\n<p lang=\"fr-CA\" align=\"JUSTIFY\">\u00a0<img loading=\"lazy\" decoding=\"async\" class=\"alignnone size-thumbnail wp-image-10179\" title=\"Henri Paul Labont\u00e9 1\" src=\"http:\/\/www.lecarrefourdesopinions.ca\/wp-content\/uploads\/2013\/09\/Henri-Paul-Labont\u00e9-1-96x107.jpg\" alt=\"\" width=\"96\" height=\"107\" \/><\/p>\n<p align=\"JUSTIFY\">Je suis membre fondateur des Cuisines Collectives et de la S\u00e9curit\u00e9 alimentaire \u00e0 Victo. Donc je suis n\u00e9cessairement Pour l&rsquo;existence de ces organismes (Aussi pour le Restaurant Populaire). Je suis donc aussi favorable aux campagnes de cueillette de dons et d&rsquo;aliments qui ont lieu \u00e0 cette p\u00e9riode-ci de l&rsquo;ann\u00e9e. Je suis bien s\u00fbr aussi pour que l&rsquo;\u00c9tat fasse mieux et PLUS.<\/p>\n<p lang=\"fr-CA\" align=\"JUSTIFY\">\n<p align=\"JUSTIFY\">Dans les Cuisines Collectives (Comme ce fut jadis le cas dans les comptoirs alimentaires), il y a l&rsquo;aspect responsabilit\u00e9 et prise en charge individuelle et collective qui est au c\u0153ur de l&rsquo;organisme. La S\u00e9curit\u00e9 alimentaire touche les gens les plus en difficult\u00e9 pour qui il faut \u00eatre inconditionnel. Cela n&#8217;emp\u00eache pas \u00e0 ces gens d&rsquo;avoir droit au respect et \u00e0 la dignit\u00e9.<\/p>\n<p lang=\"fr-CA\" align=\"JUSTIFY\">\n<p align=\"JUSTIFY\"><em><span style=\"text-decoration: underline;\">La grande guignol\u00e9e<\/span><\/em>, c&rsquo;est aussi LE PARTAGE de celles et ceux qui en ont PLUS. C&rsquo;est l&rsquo;appel \u00e0 la g\u00e9n\u00e9rosit\u00e9 individuelle comme pour d&rsquo;autres causes. \u00c7a en soi, c&rsquo;est important. Je ne suis pas cynique et j&rsquo;aime mieux dire que toucher le c\u0153ur des gens, au moins \u00e0 l&rsquo;occasion du temps des f\u00eates, au moment d&rsquo;une consommation effr\u00e9n\u00e9e, est primordial.<\/p>\n<p lang=\"fr-CA\" align=\"JUSTIFY\">\n<p align=\"JUSTIFY\">Tout \u00e7a ne m&#8217;emp\u00eache pas de demander \u00e0 l&rsquo;\u00c9tat (L&rsquo;\u00c9tat, c&rsquo;est aussi tous-toutes ses citoyens, citoyennes) de partager correctement notre richesse commune, en allant dans le sens \u00abde ne pas favoriser les riches\u00bb et d&rsquo;aller au moins dans le sens de permettre aux gens en situation de pauvret\u00e9, de recevoir un revenu qui respecte au moins les seuils de pauvret\u00e9 reconnus au Canada et au Qu\u00e9bec.<\/p>\n<p lang=\"fr-CA\" align=\"JUSTIFY\">\n<p align=\"JUSTIFY\">\n<script type=\"text\/javascript\">\n\nvar addthis_config = {\"data_track_clickback\":false,\"data_track_addressbar\":false,\"data_track_textcopy\":false};\n<\/script><script type=\"text\/javascript\" src=\"\/\/s7.addthis.com\/js\/250\/addthis_widget.js#pubid=a457a6d63fb9e6ccabdde4110343bd85\"><\/script>","protected":false},"excerpt":{"rendered":"<p align=\"JUSTIFY\"><span style=\"text-decoration: underline;\">La grande guignol\u00e9e<\/span><span style=\"font-family: Symbol, serif;\"><span style=\"text-decoration: underline;\">\uf02d<\/span><\/span><span style=\"text-decoration: underline;\">la dignit\u00e9-le partage- Henri-Paul Labont\u00e9<\/span><\/p>\n<p lang=\"fr-CA\" align=\"JUSTIFY\">\u00a0<\/p>\n<p align=\"JUSTIFY\">Je suis membre fondateur des Cuisines Collectives et de la S\u00e9curit\u00e9 alimentaire \u00e0 Victo. Donc je suis n\u00e9cessairement Pour l&rsquo;existence de ces organismes (Aussi pour le Restaurant Populaire). &hellip;<\/p>\n","protected":false},"author":1,"featured_media":0,"comment_status":"open","ping_status":"open","sticky":false,"template":"","format":"standard","meta":{"footnotes":""},"categories":[1],"tags":[],"class_list":["post-11874","post","type-post","status-publish","format-standard","hentry","category-accueil"],"_links":{"self":[{"href":"http:\/\/www.lecarrefourdesopinions.ca\/index.php?rest_route=\/wp\/v2\/posts\/11874","targetHints":{"allow":["GET"]}}],"collection":[{"href":"http:\/\/www.lecarrefourdesopinions.ca\/index.php?rest_route=\/wp\/v2\/posts"}],"about":[{"href":"http:\/\/www.lecarrefourdesopinions.ca\/index.php?rest_route=\/wp\/v2\/types\/post"}],"author":[{"embeddable":true,"href":"http:\/\/www.lecarrefourdesopinions.ca\/index.php?rest_route=\/wp\/v2\/users\/1"}],"replies":[{"embeddable":true,"href":"http:\/\/www.lecarrefourdesopinions.ca\/index.php?rest_route=%2Fwp%2Fv2%2Fcomments&post=11874"}],"version-history":[{"count":1,"href":"http:\/\/www.lecarrefourdesopinions.ca\/index.php?rest_route=\/wp\/v2\/posts\/11874\/revisions"}],"predecessor-version":[{"id":11875,"href":"http:\/\/www.lecarrefourdesopinions.ca\/index.php?rest_route=\/wp\/v2\/posts\/11874\/revisions\/11875"}],"wp:attachment":[{"href":"http:\/\/www.lecarrefourdesopinions.ca\/index.php?rest_route=%2Fwp%2Fv2%2Fmedia&parent=11874"}],"wp:term":[{"taxonomy":"category","embeddable":true,"href":"http:\/\/www.lecarrefourdesopinions.ca\/index.php?rest_route=%2Fwp%2Fv2%2Fcategories&post=11874"},{"taxonomy":"post_tag","embeddable":true,"href":"http:\/\/www.lecarrefourdesopinions.ca\/index.php?rest_route=%2Fwp%2Fv2%2Ftags&post=11874"}],"curies":[{"name":"wp","href":"https:\/\/api.w.org\/{rel}","templated":true}]}}