{"id":11866,"date":"2015-11-26T15:15:23","date_gmt":"2015-11-26T20:15:23","guid":{"rendered":"http:\/\/www.lecarrefourdesopinions.ca\/?p=11866"},"modified":"2015-11-26T15:15:23","modified_gmt":"2015-11-26T20:15:23","slug":"et-plus-nous-y-pensons-plus-nous-nous-demandons","status":"publish","type":"post","link":"http:\/\/www.lecarrefourdesopinions.ca\/?p=11866","title":{"rendered":"Et plus nous y pensons, plus nous nous demandons."},"content":{"rendered":"<p align=\"CENTER\">\n<p style=\"text-align: center;\" align=\"JUSTIFY\"><span style=\"color: #632423;\"><span style=\"font-family: 'Comic Sans MS', cursive;\"><span style=\"font-size: large;\"><em><strong>Et plus nous y pensons, plus nous nous demandons.<\/strong><\/em><\/span><\/span><\/span><\/p>\n<p align=\"JUSTIFY\">\n<p align=\"JUSTIFY\"><span style=\"color: #632423;\"><span style=\"font-family: 'Comic Sans MS', cursive;\"><span style=\"font-size: large;\">La FAYETTE.<\/span><\/span><\/span><\/p>\n<p align=\"JUSTIFY\">\n<p align=\"JUSTIFY\"><span style=\"color: #632423;\"><span style=\"font-family: 'Comic Sans MS', cursive;\"><span style=\"font-size: large;\"><em>De quel c\u00f4t\u00e9 de l\u2019Atlantique, ce Nom est-il le plus familier, au Nom de qui intervint-il au Nouveau Monde<\/em><\/span><\/span><\/span><span style=\"color: #632423;\"><span style=\"font-family: 'Comic Sans MS', cursive;\"><span style=\"font-size: large;\">.<\/span><\/span><\/span><\/p>\n<p align=\"JUSTIFY\">\n<p align=\"JUSTIFY\"><span style=\"color: #632423;\"><span style=\"font-family: 'Comic Sans MS', cursive;\"><span style=\"font-size: large;\">La MARSEILLAISE.<\/span><\/span><\/span><\/p>\n<p align=\"JUSTIFY\">\n<p align=\"JUSTIFY\"><span style=\"color: #632423;\"><span style=\"font-family: 'Comic Sans MS', cursive;\"><span style=\"font-size: large;\"><em>En quel Lieu de la Terre, est-elle le mieux chant\u00e9e quand il n\u2019est pas certain qu\u2019elle soit connue de ceux de l\u2019Hexagone qui se disent Fran\u00e7ais<\/em><\/span><\/span><\/span><span style=\"color: #632423;\"><span style=\"font-family: 'Comic Sans MS', cursive;\"><span style=\"font-size: large;\">.<\/span><\/span><\/span><\/p>\n<p align=\"JUSTIFY\">\n<p align=\"CENTER\"><img loading=\"lazy\" decoding=\"async\" class=\"alignnone size-medium wp-image-11867\" title=\"F1 La Marseillaise chant\u00e9e sur les Stades\" src=\"http:\/\/www.lecarrefourdesopinions.ca\/wp-content\/uploads\/2015\/11\/F1-La-Marseillaise-chant\u00e9e-sur-les-Stades-300x199.jpg\" alt=\"\" width=\"300\" height=\"199\" srcset=\"http:\/\/www.lecarrefourdesopinions.ca\/wp-content\/uploads\/2015\/11\/F1-La-Marseillaise-chant\u00e9e-sur-les-Stades-300x199.jpg 300w, http:\/\/www.lecarrefourdesopinions.ca\/wp-content\/uploads\/2015\/11\/F1-La-Marseillaise-chant\u00e9e-sur-les-Stades-400x266.jpg 400w, http:\/\/www.lecarrefourdesopinions.ca\/wp-content\/uploads\/2015\/11\/F1-La-Marseillaise-chant\u00e9e-sur-les-Stades.jpg 545w\" sizes=\"auto, (max-width: 300px) 100vw, 300px\" \/><\/p>\n<p align=\"CENTER\"><span style=\"font-size: large;\"><strong>F1\u00a0: <\/strong><\/span><span style=\"color: #c00000;\"><span style=\"font-size: large;\"><em><strong>La Marseillaise chant\u00e9e sur les Stades.<\/strong><\/em><\/span><\/span><\/p>\n<p align=\"JUSTIFY\">\n<p align=\"JUSTIFY\"><span style=\"color: #632423;\"><span style=\"font-family: 'Comic Sans MS', cursive;\"><span style=\"font-size: large;\">Le Drapeau BLEU, BLANC, ROUGE<\/span><\/span><\/span><\/p>\n<p align=\"JUSTIFY\">\n<p align=\"JUSTIFY\"><span style=\"color: #632423;\"><span style=\"font-family: 'Comic Sans MS', cursive;\"><span style=\"font-size: large;\"><em>En quel Pays du Monde a-t-il surgi le premier, sans le moindre Retard de Phase, \u00e0 l\u2019annonce de la Trag\u00e9die abattue sur Paris<\/em><\/span><\/span><\/span><span style=\"color: #632423;\"><span style=\"font-family: 'Comic Sans MS', cursive;\"><span style=\"font-size: large;\">.<\/span><\/span><\/span><\/p>\n<p align=\"CENTER\"><img loading=\"lazy\" decoding=\"async\" class=\"alignnone size-medium wp-image-11868\" title=\"s_sur_les_Monuments_du_Mond_= e entier, quand le hisser sur sa Hampe nous laisse plut\u00f4t froids\" src=\"http:\/\/www.lecarrefourdesopinions.ca\/wp-content\/uploads\/2015\/11\/s_sur_les_Monuments_du_Mond_-e-entier-quand-le-hisser-sur-sa-Hampe-nous-laisse-plut\u00f4t-froids-300x192.jpg\" alt=\"\" width=\"300\" height=\"192\" srcset=\"http:\/\/www.lecarrefourdesopinions.ca\/wp-content\/uploads\/2015\/11\/s_sur_les_Monuments_du_Mond_-e-entier-quand-le-hisser-sur-sa-Hampe-nous-laisse-plut\u00f4t-froids-300x192.jpg 300w, http:\/\/www.lecarrefourdesopinions.ca\/wp-content\/uploads\/2015\/11\/s_sur_les_Monuments_du_Mond_-e-entier-quand-le-hisser-sur-sa-Hampe-nous-laisse-plut\u00f4t-froids-400x256.jpg 400w, http:\/\/www.lecarrefourdesopinions.ca\/wp-content\/uploads\/2015\/11\/s_sur_les_Monuments_du_Mond_-e-entier-quand-le-hisser-sur-sa-Hampe-nous-laisse-plut\u00f4t-froids.jpg 1000w\" sizes=\"auto, (max-width: 300px) 100vw, 300px\" \/><\/p>\n<p align=\"JUSTIFY\"><span style=\"font-size: large;\"><strong>F2\u00a0: <\/strong><\/span><span style=\"color: #c00000;\"><span style=\"font-size: large;\"><em><strong>Les Trois Couleurs du Drapeau Fran\u00e7ais sur les Monuments du Monde entier, quand le hisser sur sa Hampe nous laisse plut\u00f4t froids.<\/strong><\/em><\/span><\/span><\/p>\n<p align=\"JUSTIFY\">\n<p align=\"JUSTIFY\">\n<p align=\"JUSTIFY\"><span style=\"color: #632423;\"><span style=\"font-family: 'Comic Sans MS', cursive;\"><span style=\"font-size: large;\"><em><strong>Le Mim\u00e9tisme n\u2019est pas une Voie, la Prise de Conscience en est Une<\/strong><\/em><\/span><\/span><\/span><span style=\"color: #632423;\"><span style=\"font-family: 'Comic Sans MS', cursive;\"><span style=\"font-size: large;\">.<\/span><\/span><\/span><\/p>\n<p align=\"JUSTIFY\">\n<p align=\"JUSTIFY\"><span style=\"color: #632423;\"><span style=\"font-family: 'Comic Sans MS', cursive;\"><span style=\"font-size: large;\"><em><strong>Mettons-nous donc \u00e0 l\u2019<\/strong><\/em><\/span><\/span><\/span><span style=\"color: #632423;\"><span style=\"font-family: 'Comic Sans MS', cursive;\"><span style=\"font-size: large;\"><em><strong>\u00c9cole de la Prise de Conscience.<\/strong><\/em><\/span><\/span><\/span><\/p>\n<p align=\"JUSTIFY\">\n<p align=\"JUSTIFY\"><img loading=\"lazy\" decoding=\"async\" class=\"alignnone size-thumbnail wp-image-11439\" title=\"Eric\" src=\"http:\/\/www.lecarrefourdesopinions.ca\/wp-content\/uploads\/2015\/04\/Eric-134x107.jpg\" alt=\"\" width=\"134\" height=\"107\" \/><\/p>\n<p align=\"JUSTIFY\"><span style=\"color: #632423;\"><span style=\"font-family: 'Comic Sans MS', cursive;\"><span style=\"font-size: large;\">\u00c9ric E.G. NOGARD<\/span><\/span><\/span><\/p>\n<p align=\"JUSTIFY\"><span style=\"color: #c00000;\"><span style=\"font-size: large;\"><em>Chroniqueur<\/em><\/span><\/span><span style=\"color: #c00000;\"><span style=\"font-size: large;\">.<\/span><\/span><\/p>\n<p>&nbsp;<\/p>\n<p align=\"CENTER\"><span style=\"font-size: large;\">*** *** ***<\/span><\/p>\n<p align=\"JUSTIFY\"><span style=\"font-size: large;\"><em><strong>ET PLUS NOUS Y PENSONS, PLUS NOUS NOUS DEMANDONS.<\/strong><\/em><\/span><\/p>\n<p align=\"JUSTIFY\">\n<p align=\"JUSTIFY\"><span style=\"font-family: 'Comic Sans MS', cursive;\"><span style=\"font-size: large;\">En fait, que sommes-nous pour avoir la pr\u00e9tention de tenter de r\u00e9pondre \u00e0 ces trois questions.<\/span><\/span><\/p>\n<p align=\"JUSTIFY\">\n<p align=\"JUSTIFY\"><span style=\"font-family: 'Comic Sans MS', cursive;\"><span style=\"font-size: large;\">N\u2019est-ce pas \u00e0 notre Dix Huiti\u00e8me Si\u00e8cle que nous devrions les poser.<\/span><\/span><\/p>\n<p align=\"JUSTIFY\">\n<p align=\"JUSTIFY\"><span style=\"font-family: 'Comic Sans MS', cursive;\"><span style=\"font-size: large;\">A ce Si\u00e8cle des Lumi\u00e8res de part leurs Philosophes notamment.<\/span><\/span><\/p>\n<p align=\"JUSTIFY\">\n<p align=\"JUSTIFY\"><span style=\"font-family: 'Comic Sans MS', cursive;\"><span style=\"font-size: large;\">Nos VOLTAIRE, nos ROUSSEAU\u2026 enfin passons, nos Grands Esprits pour tout dire<\/span><\/span><span style=\"font-size: large;\">.<\/span><\/p>\n<p align=\"JUSTIFY\">\n<p align=\"JUSTIFY\"><span style=\"font-size: large;\"><em><strong>Et ces questions, les voil\u00e0, \u00e9tant pr\u00e9cis\u00e9 que, n\u2019\u00e9tant pas Juge, nous ne saurions faire un proc\u00e8s \u00e0 quiconque, pas plus que nous ne songerions \u00e0 juger personne<\/strong><\/em><\/span><span style=\"font-size: large;\">.<\/span><\/p>\n<p align=\"JUSTIFY\">\n<p align=\"JUSTIFY\"><span style=\"font-size: large;\">Nous sommes plut\u00f4t du genre \u00ab\u00a0qu\u2019en sais-je et que dois-je en penser\u00a0\u00bb.<\/span><\/p>\n<p align=\"JUSTIFY\">\n<p align=\"JUSTIFY\"><span style=\"font-size: large;\">En somme nous avons soif de conna\u00eetre, en fait nous avons faim de savoir, notre d\u00e9marche devenant une qu\u00eate et rien d\u2019autre.<\/span><\/p>\n<p align=\"JUSTIFY\">\n<p align=\"JUSTIFY\"><span style=\"font-size: large;\">Une qu\u00eate de V\u00c9RIT\u00c9.<\/span><\/p>\n<p align=\"CENTER\">\n<p align=\"CENTER\">\u00a0<img loading=\"lazy\" decoding=\"async\" class=\"alignnone size-medium wp-image-11869\" title=\"F3 Les Treize \u00c9tats Fondateurs des USA\" src=\"http:\/\/www.lecarrefourdesopinions.ca\/wp-content\/uploads\/2015\/11\/F3-Les-Treize-\u00c9tats-Fondateurs-des-USA-163x300.png\" alt=\"\" width=\"163\" height=\"300\" \/><\/p>\n<p align=\"CENTER\"><span style=\"font-size: large;\"><strong>F3\u00a0: <\/strong><\/span><span style=\"color: #c00000;\"><span style=\"font-size: large;\"><em><strong>Les Treize \u00c9tats Fondateurs des U.S.A<\/strong><\/em><\/span><\/span><\/p>\n<p align=\"JUSTIFY\"><span style=\"font-size: large;\"><em><strong>Alors.<\/strong><\/em><\/span><\/p>\n<p align=\"JUSTIFY\">\n<ul>\n<li>\n<p align=\"JUSTIFY\"><span style=\"font-size: large;\">Les \u00c9tats-Unis d\u2019Am\u00e9rique du Nord, les U.S.A. comme on les nomme, devraient-ils quelque chose \u00e0 notre Monarchie ou \u00e0 notre R\u00e9publique.<\/span><\/p>\n<\/li>\n<\/ul>\n<p align=\"JUSTIFY\">\n<p align=\"CENTER\"><img loading=\"lazy\" decoding=\"async\" class=\"alignnone size-medium wp-image-11870\" title=\"F4 WASHINGTON  FRANKLIN  La FAYETTE\" src=\"http:\/\/www.lecarrefourdesopinions.ca\/wp-content\/uploads\/2015\/11\/F4-WASHINGTON-FRANKLIN-La-FAYETTE-300x126.jpg\" alt=\"\" width=\"300\" height=\"126\" srcset=\"http:\/\/www.lecarrefourdesopinions.ca\/wp-content\/uploads\/2015\/11\/F4-WASHINGTON-FRANKLIN-La-FAYETTE-300x126.jpg 300w, http:\/\/www.lecarrefourdesopinions.ca\/wp-content\/uploads\/2015\/11\/F4-WASHINGTON-FRANKLIN-La-FAYETTE-400x168.jpg 400w, http:\/\/www.lecarrefourdesopinions.ca\/wp-content\/uploads\/2015\/11\/F4-WASHINGTON-FRANKLIN-La-FAYETTE.jpg 772w\" sizes=\"auto, (max-width: 300px) 100vw, 300px\" \/><\/p>\n<p align=\"CENTER\"><span style=\"font-size: large;\"><strong>F4\u00a0: <\/strong><\/span><span style=\"color: #c00000;\"><span style=\"font-size: large;\"><em><strong>WASHINGTON, FRANKLIN, La FAYETTE.<\/strong><\/em><\/span><\/span><\/p>\n<p align=\"JUSTIFY\"><span style=\"font-size: large;\">La FAYETTE serait intervenu au nom de la France \u00e0 la Fleur de Lys ou \u00e0 celui de la France aux Trois Couleurs.<\/span><\/p>\n<p align=\"JUSTIFY\">\n<p align=\"JUSTIFY\"><span style=\"font-family: Calibri, sans-serif;\"><span style=\"font-size: large;\"><em><strong>Une Fleur de Lys au nombre de ses \u00c9toiles, d\u00e9parerait-elle <\/strong><\/em><\/span><\/span><span style=\"font-family: Arial, sans-serif;\"><span style=\"font-size: large;\"><em>de facto<\/em><\/span><\/span><span style=\"font-family: Arial, sans-serif;\"><span style=\"font-size: large;\"><em>The Banner, The Stars and Stripes<\/em><\/span><\/span><span style=\"font-size: large;\">.<\/span><\/p>\n<p align=\"CENTER\"><img loading=\"lazy\" decoding=\"async\" class=\"alignnone size-medium wp-image-11871\" title=\"F5 The Stars and Stripes\" src=\"http:\/\/www.lecarrefourdesopinions.ca\/wp-content\/uploads\/2015\/11\/F5-The-Stars-and-Stripes-300x134.jpg\" alt=\"\" width=\"300\" height=\"134\" srcset=\"http:\/\/www.lecarrefourdesopinions.ca\/wp-content\/uploads\/2015\/11\/F5-The-Stars-and-Stripes-300x134.jpg 300w, http:\/\/www.lecarrefourdesopinions.ca\/wp-content\/uploads\/2015\/11\/F5-The-Stars-and-Stripes-400x179.jpg 400w, http:\/\/www.lecarrefourdesopinions.ca\/wp-content\/uploads\/2015\/11\/F5-The-Stars-and-Stripes.jpg 680w\" sizes=\"auto, (max-width: 300px) 100vw, 300px\" \/><\/p>\n<p align=\"CENTER\"><span style=\"font-size: large;\"><strong>F5\u00a0: <\/strong><\/span><span style=\"color: #c00000;\"><span style=\"font-family: Arial, sans-serif;\"><span style=\"font-size: large;\"><em><strong>The Stars and Stripes!<\/strong><\/em><\/span><\/span><\/span><\/p>\n<p align=\"JUSTIFY\"><span style=\"font-size: large;\">Au <\/span><span style=\"font-family: Arial, sans-serif;\"><span style=\"font-size: large;\">Cri d\u2019Alarme<\/span><\/span><span style=\"font-size: large;\">, nous aimerions sur ce point un peu d\u2019air frais \u00e0 la M\u00e9moire de chacun, comme \u00e0 la Culture de tous.<\/span><\/p>\n<p align=\"JUSTIFY\">\n<p align=\"JUSTIFY\"><span style=\"font-size: large;\"><em><strong>Et depuis<\/strong><\/em><\/span><span style=\"font-size: large;\">.<\/span><\/p>\n<p align=\"JUSTIFY\">\n<ul>\n<li>\n<p align=\"JUSTIFY\"><span style=\"font-size: large;\">Quel serait l\u2019\u00c9tat de maturit\u00e9 de cette R\u00e9publique F\u00e9d\u00e9rale Am\u00e9ricaine, eu \u00e9gard \u00e0 sa CONSTITUTION, la seule qu\u2019elle ait con\u00e7ue la seule qu\u2019elle Connaisse, la seule \u00e0 laquelle elle se voue Corps et \u00c2me, quitte de temps en temps \u00e0 lui apporter l\u2019amendement que lui r\u00e9clame la naturelle \u00e9volution du Monde comme la nature des choses.<\/span><\/p>\n<\/li>\n<\/ul>\n<p align=\"JUSTIFY\">\n<p align=\"JUSTIFY\">\n<p align=\"CENTER\">\n<p align=\"JUSTIFY\">\n<p align=\"JUSTIFY\"><span style=\"font-size: large;\"><strong>F6\u00a0: <\/strong><\/span><span style=\"color: #c00000;\"><span style=\"font-size: large;\"><strong>La D\u00e9claration Unanime, <\/strong><\/span><\/span><span style=\"color: #c00000;\"><span style=\"font-family: Arial, sans-serif;\"><span style=\"font-size: large;\"><em><strong>July 4, 1776<\/strong><\/em><\/span><\/span><\/span><span style=\"color: #c00000;\"><span style=\"font-size: large;\"><strong>, des Treize \u00c9tats Fondateurs des U.S.A. et la Cloche de la Libert\u00e9.<\/strong><\/span><\/span><\/p>\n<p align=\"JUSTIFY\">\n<p align=\"JUSTIFY\"><span style=\"font-size: large;\">Au <\/span><span style=\"font-family: Arial, sans-serif;\"><span style=\"font-size: large;\">Cri d\u2019Alarme<\/span><\/span><span style=\"font-size: large;\">, nous sommes port\u00e9s \u00e0 la prendre pour Adulte, pour M\u00fbre, pour Responsable et pour S\u00fbre, dans la mesure o\u00f9 nous pouvons en juger, \u00e0 consid\u00e9rer la Confiance et le D\u00e9vouement que lui portent les <\/span><span style=\"font-family: Arial, sans-serif;\"><span style=\"font-size: large;\"><em>Yankees<\/em><\/span><\/span><span style=\"font-size: large;\">.<\/span><\/p>\n<p align=\"JUSTIFY\">\n<p align=\"JUSTIFY\">\n<p align=\"JUSTIFY\">\n<p align=\"JUSTIFY\"><span style=\"font-size: large;\"><em><strong>Et, pour nous, non pas enfin, car enfin est peut-\u00eatre encore loin, mais \u00e0 ce jour<\/strong><\/em><\/span><span style=\"font-size: large;\">.<\/span><\/p>\n<p align=\"JUSTIFY\">\n<ul>\n<li>\n<p align=\"JUSTIFY\"><span style=\"font-size: large;\">Notre R\u00e9publique, au vu de sa CONSTITUTION.<\/span><\/p>\n<\/li>\n<\/ul>\n<p align=\"JUSTIFY\">\n<ul>\n<li>\n<p align=\"JUSTIFY\"><span style=\"font-size: large;\">Serait-elle au stade de l\u2019IMAGO, pour \u00eatre accomplie, ce qui n\u2019exclut pas qu\u2019elle s\u2019adapte, non seulement pour survivre, mais pour vivre, s\u2019\u00e9panouir, libre, heureuse, prosp\u00e8re et la t\u00eate sur les \u00e9paules, autant dire\u00a0:<\/span><\/p>\n<\/li>\n<\/ul>\n<p align=\"JUSTIFY\">\n<p align=\"JUSTIFY\"><span style=\"font-family: Arial, sans-serif;\"><span style=\"font-size: large;\"><em>Free, Happy, Healthy, Wealthy and Whise<\/em><\/span><\/span><span style=\"font-size: large;\">.<\/span><\/p>\n<p align=\"JUSTIFY\">\n<p align=\"JUSTIFY\">\n<ul>\n<li>\n<p align=\"JUSTIFY\"><span style=\"font-size: large;\">Ne serait-elle pas encore et toujours, h\u00e9las, au stade du <\/span><span style=\"font-family: Arial, sans-serif;\"><span style=\"font-size: large;\"><em>Protos<\/em><\/span><\/span><span style=\"font-size: large;\">\u2026 du devenir, donc jusqu\u2019ici de la <\/span><span style=\"font-family: Arial, sans-serif;\"><span style=\"font-size: large;\"><em>Proto<\/em><\/span><\/span><span style=\"font-size: large;\">-R\u00e9publique, allant parfois jusqu\u2019\u00e0 renier son Drapeau, oublier son Hymne, se croire du <\/span><span style=\"font-family: Arial, sans-serif;\"><span style=\"font-size: large;\"><em>Tout\u2019Monde<\/em><\/span><\/span><span style=\"font-size: large;\">, autant dire du Magmas Originel\u2026 ou, bien proche de l\u2019Apocalypse.<\/span><\/p>\n<\/li>\n<\/ul>\n<p align=\"JUSTIFY\">\n<p align=\"JUSTIFY\">\n<p align=\"JUSTIFY\">\n<p align=\"JUSTIFY\"><span style=\"font-size: large;\"><em><strong>Cinq fois elle a mut\u00e9, nous en sommes \u00e0 sa Cinqui\u00e8me Mutation<\/strong><\/em><\/span><span style=\"font-size: large;\">.<\/span><\/p>\n<p align=\"JUSTIFY\">\n<p align=\"JUSTIFY\"><span style=\"font-size: large;\">Combien de fois n\u2019a-t-elle pas remis sur le m\u00e9tier une CONSTITUTION qui ne contente gu\u00e8re que ceux qui la r\u00e9digent, ou \u00e0 peu pr\u00e8s, avec les Cons\u00e9quences que l\u2019on sait.<\/span><\/p>\n<p align=\"JUSTIFY\">\n<p align=\"JUSTIFY\">\n<p align=\"JUSTIFY\">\n<p align=\"JUSTIFY\"><span style=\"font-family: 'Comic Sans MS', cursive;\"><span style=\"font-size: large;\">Au <\/span><\/span><span style=\"font-family: Arial, sans-serif;\"><span style=\"font-size: large;\">Cri d\u2019Alarme<\/span><\/span><span style=\"font-family: 'Comic Sans MS', cursive;\"><span style=\"font-size: large;\">, nous aimerions qu\u2019il soit r\u00e9pondu \u00e0 cette question ou qu\u2019au moins, elle fasse l\u2019objet de notre M\u00e9ditation.<\/span><\/span><\/p>\n<p align=\"JUSTIFY\">\n<p align=\"JUSTIFY\"><span style=\"font-family: 'Comic Sans MS', cursive;\"><span style=\"font-size: large;\">Depuis 1789, serions-nous Accomplis ou alors, nous cherchons-nous encore<\/span><\/span><span style=\"font-size: large;\">\u2026 <\/span><span style=\"font-family: 'Comic Sans MS', cursive;\"><span style=\"font-size: large;\">que cherchons-nous au juste, et qui nous pousserait<\/span><\/span><span style=\"font-size: large;\">. <\/span><\/p>\n<p align=\"JUSTIFY\">\n<p align=\"JUSTIFY\"><span style=\"font-family: 'Comic Sans MS', cursive;\"><span style=\"font-size: large;\">Et plus nous y pensons, plus nous nous demandons<\/span><\/span><span style=\"font-size: large;\">.<\/span><\/p>\n<p align=\"JUSTIFY\">\n<p align=\"JUSTIFY\">\n<p align=\"CENTER\">\n<p align=\"CENTER\"><span style=\"font-size: large;\">*** *** ***<\/span><\/p>\n<p>&nbsp;<\/p>\n<p><span style=\"color: #ff0000;\"><span style=\"font-size: large;\"><strong>Nota : <\/strong><\/span><\/span><span style=\"color: #000000;\"><span style=\"font-size: large;\">Nous ne traitons que de Faits et de Noms rendus Publics.<\/span><\/span><\/p>\n<p align=\"CENTER\">\n<p align=\"CENTER\"><span style=\"color: #000000;\"><span style=\"font-size: large;\">*** *** ***<\/span><\/span><\/p>\n<p align=\"JUSTIFY\">\n<p align=\"JUSTIFY\"><span style=\"font-size: large;\"><strong>N.B.:<\/strong><\/span><span style=\"font-size: large;\"> &#8211; <\/span><span style=\"color: #c00000;\"><span style=\"font-family: 'Comic Sans MS', cursive;\"><span style=\"font-size: large;\">Nous Recommandons instamment et syst\u00e9matiquement l\u2019ouverture de la (ou des) pi\u00e8ce(s) jointe(s) \u00e0 l\u2019e-mail, sous format Pdf, <\/span><\/span><\/span><span style=\"color: #c00000;\"><span style=\"font-family: 'Comic Sans MS', cursive;\"><span style=\"font-size: large;\"><span style=\"text-decoration: underline;\">les illustrations y sont incluses<\/span><\/span><\/span><\/span><span style=\"color: #c00000;\"><span style=\"font-family: 'Comic Sans MS', cursive;\"><span style=\"font-size: large;\">.<\/span><\/span><\/span><\/p>\n<p align=\"JUSTIFY\">\n<p align=\"CENTER\">\n<p align=\"CENTER\"><span style=\"font-size: large;\"><strong>*** *** **<\/strong><\/span><\/p>\n<p align=\"CENTER\"><span style=\"color: #ff0000;\"><span><strong>Ne Peut \u00eatre reproduit &#8211; m\u00eame partiellement &#8211; sans l\u2019autorisation de l\u2019Auteur.<\/strong><\/span><\/span><\/p>\n<p align=\"JUSTIFY\"><span style=\"text-decoration: underline;\"><strong>Liens Sugg\u00e9r\u00e9s\u00a0:<\/strong><\/span><\/p>\n<ul>\n<li>\n<p align=\"JUSTIFY\"><span style=\"color: #0000ff;\"><span style=\"text-decoration: underline;\"><a href=\"http:\/\/www.lescrutateur.com\/\">http:\/\/www.lescrutateur.com\/<\/a><\/span><\/span><\/p>\n<\/li>\n<li>\n<p align=\"JUSTIFY\"><span style=\"color: #0000ff;\"><span style=\"text-decoration: underline;\"><a href=\"http:\/\/www.etatsgenerauxdeloutremer.fr\/reflexions\">http:\/\/www.etatsgenerauxdeloutremer.fr\/reflexions<\/a><\/span><\/span><\/p>\n<\/li>\n<\/ul>\n<p align=\"CENTER\">\n<p align=\"CENTER\"><strong>==================================================================<\/strong><\/p>\n<script type=\"text\/javascript\">\n\nvar addthis_config = {\"data_track_clickback\":false,\"data_track_addressbar\":false,\"data_track_textcopy\":false};\n<\/script><script type=\"text\/javascript\" src=\"\/\/s7.addthis.com\/js\/250\/addthis_widget.js#pubid=a457a6d63fb9e6ccabdde4110343bd85\"><\/script>","protected":false},"excerpt":{"rendered":"<p align=\"CENTER\">\n<p style=\"text-align: center;\" align=\"JUSTIFY\"><span style=\"color: #632423;\"><span style=\"font-family: 'Comic Sans MS', cursive;\"><span style=\"font-size: large;\">Et plus nous y pensons, plus nous nous demandons.<\/span><\/span><\/span><\/p>\n<p align=\"JUSTIFY\">\n<p align=\"JUSTIFY\"><span style=\"color: #632423;\"><span style=\"font-family: 'Comic Sans MS', cursive;\"><span style=\"font-size: large;\">La FAYETTE.<\/span><\/span><\/span><\/p>\n<p align=\"JUSTIFY\">\n<p align=\"JUSTIFY\"><span style=\"color: #632423;\"><span style=\"font-family: 'Comic Sans MS', cursive;\"><span style=\"font-size: large;\">De quel c\u00f4t\u00e9 de l\u2019Atlantique, ce Nom est-il le plus familier, au Nom de qui intervint-il au Nouveau Monde<\/span><\/span><\/span><span style=\"color: #632423;\"><span style=\"font-family: 'Comic Sans MS', cursive;\"><span style=\"font-size: large;\">.<\/span><\/span><\/span><\/p>\n<p align=\"JUSTIFY\">\n<p align=\"JUSTIFY\"><span style=\"color: #632423;\"><span style=\"font-family: 'Comic Sans MS', cursive;\"><span style=\"font-size: large;\">La MARSEILLAISE.<\/span><\/span><\/span><\/p>\n<p align=\"JUSTIFY\">\n<p align=\"JUSTIFY\"><span style=\"color: #632423;\"><span style=\"font-family: 'Comic Sans MS', cursive;\"><span style=\"font-size: large;\">En quel Lieu de <\/span><\/span><\/span>&hellip;<\/p>\n","protected":false},"author":1,"featured_media":0,"comment_status":"open","ping_status":"open","sticky":false,"template":"","format":"standard","meta":{"footnotes":""},"categories":[1],"tags":[],"class_list":["post-11866","post","type-post","status-publish","format-standard","hentry","category-accueil"],"_links":{"self":[{"href":"http:\/\/www.lecarrefourdesopinions.ca\/index.php?rest_route=\/wp\/v2\/posts\/11866","targetHints":{"allow":["GET"]}}],"collection":[{"href":"http:\/\/www.lecarrefourdesopinions.ca\/index.php?rest_route=\/wp\/v2\/posts"}],"about":[{"href":"http:\/\/www.lecarrefourdesopinions.ca\/index.php?rest_route=\/wp\/v2\/types\/post"}],"author":[{"embeddable":true,"href":"http:\/\/www.lecarrefourdesopinions.ca\/index.php?rest_route=\/wp\/v2\/users\/1"}],"replies":[{"embeddable":true,"href":"http:\/\/www.lecarrefourdesopinions.ca\/index.php?rest_route=%2Fwp%2Fv2%2Fcomments&post=11866"}],"version-history":[{"count":1,"href":"http:\/\/www.lecarrefourdesopinions.ca\/index.php?rest_route=\/wp\/v2\/posts\/11866\/revisions"}],"predecessor-version":[{"id":11872,"href":"http:\/\/www.lecarrefourdesopinions.ca\/index.php?rest_route=\/wp\/v2\/posts\/11866\/revisions\/11872"}],"wp:attachment":[{"href":"http:\/\/www.lecarrefourdesopinions.ca\/index.php?rest_route=%2Fwp%2Fv2%2Fmedia&parent=11866"}],"wp:term":[{"taxonomy":"category","embeddable":true,"href":"http:\/\/www.lecarrefourdesopinions.ca\/index.php?rest_route=%2Fwp%2Fv2%2Fcategories&post=11866"},{"taxonomy":"post_tag","embeddable":true,"href":"http:\/\/www.lecarrefourdesopinions.ca\/index.php?rest_route=%2Fwp%2Fv2%2Ftags&post=11866"}],"curies":[{"name":"wp","href":"https:\/\/api.w.org\/{rel}","templated":true}]}}