{"id":11854,"date":"2015-11-19T15:57:19","date_gmt":"2015-11-19T20:57:19","guid":{"rendered":"http:\/\/www.lecarrefourdesopinions.ca\/?p=11854"},"modified":"2015-11-19T15:57:19","modified_gmt":"2015-11-19T20:57:19","slug":"malte-cette-etape-entre-deux-mondes","status":"publish","type":"post","link":"http:\/\/www.lecarrefourdesopinions.ca\/?p=11854","title":{"rendered":"Malte, cette \u00e9tape entre deux Mondes."},"content":{"rendered":"<p align=\"CENTER\"><span><strong>Le Cri d\u2019Alarme.<\/strong><\/span><\/p>\n<p align=\"CENTER\"><span style=\"color: #000000;\"><span><strong>Chronique d\u2019\u00c9ric E.G. NOGARD<\/strong><\/span><\/span><\/p>\n<p align=\"CENTER\"><span style=\"color: #000000;\"><span><strong>De l\u2019Ex. Martinique Province Fran\u00e7aise d\u2019Am\u00e9rique Amie du Canada (1061 Titres).<\/strong><\/span><\/span><\/p>\n<p style=\"text-align: left;\" align=\"CENTER\"><img loading=\"lazy\" decoding=\"async\" class=\"alignnone size-thumbnail wp-image-11439\" title=\"Eric\" src=\"http:\/\/www.lecarrefourdesopinions.ca\/wp-content\/uploads\/2015\/04\/Eric-134x107.jpg\" alt=\"\" width=\"134\" height=\"107\" \/><\/p>\n<p align=\"CENTER\"><span style=\"color: #c00000;\"><em><strong>==========<\/strong><\/em><\/span><\/p>\n<p align=\"JUSTIFY\"><span style=\"color: #c00000;\"><span style=\"font-family: 'Comic Sans MS', cursive;\"><span>\u00ab\u00a0<\/span><\/span><\/span><span style=\"color: #c00000;\"><span style=\"font-family: Cambria, serif;\"><span><strong>Notre M\u00e9tier n\u2019est pas de faire plaisir, Non plus de faire tort \u00e0 qui que ce soit, Ni pour quoi que ce soit, Il est de porter la plume dans la plaie<\/strong><\/span><\/span><\/span><span style=\"color: #c00000;\"><span style=\"font-family: Cambria, serif;\"><span>\u00a0\u00bb. (Albert LONDRES).<\/span><\/span><\/span><\/p>\n<p align=\"CENTER\"><span style=\"color: #c00000;\"><em><strong>==========<\/strong><\/em><\/span><\/p>\n<p align=\"CENTER\"><span style=\"color: #000099;\"><span style=\"font-size: x-large;\"><em><strong>Malte, cette \u00e9tape entre deux Mondes.<\/strong><\/em><\/span><\/span><\/p>\n<p align=\"CENTER\">\n<p align=\"CENTER\"><span style=\"color: #000099;\"><span><strong>=====<\/strong><\/span><\/span><\/p>\n<p style=\"text-align: center;\" align=\"JUSTIFY\"><span style=\"color: #632423;\"><span style=\"font-family: 'Comic Sans MS', cursive;\"><span><em><strong>Malte, cette \u00e9tape entre deux Mondes.<\/strong><\/em><\/span><\/span><\/span><\/p>\n<p align=\"JUSTIFY\">\n<p align=\"JUSTIFY\"><span style=\"color: #632423;\"><span style=\"font-family: 'Comic Sans MS', cursive;\"><span style=\"font-size: large;\">N\u2019avons-nous pas eu \u00e0 le dire et ne faut-il pas que nous le redisions\u00a0: <\/span><\/span><\/span><\/p>\n<p align=\"JUSTIFY\">\n<ul>\n<li>\n<p align=\"JUSTIFY\"><span style=\"color: #632423;\"><span style=\"font-family: 'Comic Sans MS', cursive;\"><span style=\"font-size: large;\">Si les Fran\u00e7ais s\u2019en vont de chez eux, qu\u2019en sera-t-il de la France.<\/span><\/span><\/span><\/p>\n<\/li>\n<\/ul>\n<p align=\"JUSTIFY\">\n<ul>\n<li>\n<p align=\"JUSTIFY\"><span style=\"color: #632423;\"><span style=\"font-family: 'Comic Sans MS', cursive;\"><span style=\"font-size: large;\">Si les Syriens s\u2019en vont de chez eux, qu\u2019en sera-t-il de la Syrie.<\/span><\/span><\/span><\/p>\n<\/li>\n<\/ul>\n<p align=\"JUSTIFY\">\n<ul>\n<li>\n<p align=\"JUSTIFY\"><span style=\"color: #632423;\"><span style=\"font-family: 'Comic Sans MS', cursive;\"><span style=\"font-size: large;\">Si les Africains fuient l\u2019Afrique qu\u2019adviendra-t-il de leur Pays.<\/span><\/span><\/span><\/p>\n<\/li>\n<\/ul>\n<p align=\"JUSTIFY\">\n<p align=\"JUSTIFY\"><span style=\"color: #632423;\"><span style=\"font-family: 'Comic Sans MS', cursive;\"><span style=\"font-size: large;\">Aussi devons-nous leur sugg\u00e9rer le chacun chez soi en essayant de cultiver nos relations de bon voisinage, ce moyen si paisible d\u2019abattre les Barri\u00e8res sur l\u2019exemple du Tourisme, ce Symbole des bonnes relations entre les Peuples.<\/span><\/span><\/span><\/p>\n<p align=\"JUSTIFY\">\n<p align=\"JUSTIFY\"><span style=\"color: #632423;\"><span style=\"font-family: 'Comic Sans MS', cursive;\"><span style=\"font-size: large;\">\u00c9ric E.G. NOGARD<\/span><\/span><\/span><\/p>\n<p align=\"JUSTIFY\"><span style=\"color: #c00000;\"><span style=\"font-size: large;\"><em>Chroniqueur<\/em><\/span><\/span><span style=\"color: #c00000;\"><span style=\"font-size: large;\">.<\/span><\/span><\/p>\n<p align=\"CENTER\">\n<p align=\"CENTER\">\n<p align=\"CENTER\"><span style=\"font-size: large;\">*** *** ***<\/span><\/p>\n<p align=\"JUSTIFY\">\n<p align=\"JUSTIFY\"><span style=\"font-size: x-large;\"><em><strong>MALTE, CETTE \u00c9TAPE ENTRE DEUX MONDES.<\/strong><\/em><\/span><\/p>\n<p align=\"JUSTIFY\">\n<p align=\"JUSTIFY\">\n<p align=\"CENTER\">\n<p align=\"CENTER\"><img loading=\"lazy\" decoding=\"async\" class=\"alignnone size-full wp-image-11856\" title=\"F1 Richard Coeur de Lion prit la route des Terres  il p\u00fbt en revenir\" src=\"http:\/\/www.lecarrefourdesopinions.ca\/wp-content\/uploads\/2015\/11\/F1-Richard-Coeur-de-Lion-prit-la-route-des-Terres-il-p\u00fbt-en-revenir1.jpg\" alt=\"\" width=\"550\" height=\"354\" srcset=\"http:\/\/www.lecarrefourdesopinions.ca\/wp-content\/uploads\/2015\/11\/F1-Richard-Coeur-de-Lion-prit-la-route-des-Terres-il-p\u00fbt-en-revenir1.jpg 550w, http:\/\/www.lecarrefourdesopinions.ca\/wp-content\/uploads\/2015\/11\/F1-Richard-Coeur-de-Lion-prit-la-route-des-Terres-il-p\u00fbt-en-revenir1-300x193.jpg 300w, http:\/\/www.lecarrefourdesopinions.ca\/wp-content\/uploads\/2015\/11\/F1-Richard-Coeur-de-Lion-prit-la-route-des-Terres-il-p\u00fbt-en-revenir1-400x257.jpg 400w\" sizes=\"auto, (max-width: 550px) 100vw, 550px\" \/><\/p>\n<p align=\"CENTER\"><span style=\"font-size: large;\"><strong>F1\u00a0: <\/strong><\/span><span style=\"color: #c00000;\"><span style=\"font-size: large;\"><em><strong>Richard C\u0153ur de Lion prit la route des Terres, il p\u00fbt en revenir.<\/strong><\/em><\/span><\/span><\/p>\n<p align=\"JUSTIFY\">\n<p align=\"JUSTIFY\">\n<p align=\"JUSTIFY\"><span style=\"font-family: 'Comic Sans MS', cursive;\"><span style=\"font-size: large;\">Malte, Capitale la Valette, cette \u00eele de la M\u00e9diterran\u00e9e, cette \u00e9tape entre l\u2019Europe qui se veut la Terre d\u2019Accueil des Flux Migratoires au risque d\u2019en \u00eatre submerg\u00e9e mais elle fait l\u2019aveugle sur les risques qu\u2019elle encourt d\u2019\u00eatre le Bouc aussi Cornu que Barbu de la Fable De La Fontaine<\/span><\/span><span style=\"font-size: large;\">.<\/span><\/p>\n<p align=\"JUSTIFY\">\n<p align=\"JUSTIFY\">\n<p align=\"JUSTIFY\">\n<p align=\"CENTER\"><img loading=\"lazy\" decoding=\"async\" class=\"alignnone size-full wp-image-11857\" title=\"F2 La Croix de Malte\" src=\"http:\/\/www.lecarrefourdesopinions.ca\/wp-content\/uploads\/2015\/11\/F2-La-Croix-de-Malte.png\" alt=\"\" width=\"200\" height=\"203\" \/><\/p>\n<p align=\"CENTER\">\n<p align=\"CENTER\"><span style=\"font-size: large;\"><strong>F2\u00a0: <\/strong><\/span><span style=\"color: #c00000;\"><span style=\"font-size: large;\"><em><strong>La Croix de MALTE.<\/strong><\/em><\/span><\/span><\/p>\n<p align=\"JUSTIFY\">\n<p align=\"JUSTIFY\">\n<p align=\"JUSTIFY\">\n<ul>\n<li>\n<p align=\"JUSTIFY\"><span style=\"font-size: large;\">L\u2019Afrique, cette Terre Pourvoyeuse de Migrants, au risque de s\u2019auto-saigner \u00e0 blanc de ses ressources humaines mais elle fait la sourde, pour ne pas dire du chantage.<\/span><\/p>\n<\/li>\n<\/ul>\n<p align=\"JUSTIFY\">\n<ul>\n<li>\n<p align=\"JUSTIFY\"><span style=\"font-size: large;\">Malte, sur la route des Crois\u00e9s dans leur P\u00e8lerinage en Terre Sainte et leur soif d\u2019en d\u00e9coudre avec Turcs et Musulmans qui occupent les lieux o\u00f9 est le Saint Tombeau, le Saint Si\u00e8ge\u2026 La Terre Sainte de JERUSALEM.<\/span><\/p>\n<\/li>\n<\/ul>\n<p>&nbsp;<\/p>\n<p align=\"JUSTIFY\"><span style=\"font-size: large;\">Un \u00e9pisode que Richard C\u0152UR DE LION e\u00fbt pu nous conter s\u2019il \u00e9tait encore de ce Monde, Fr\u00e9d\u00e9ric BARBEROUSSE s\u2019y \u00e9tant tout simplement noy\u00e9 quand Louis LE BIENHEUREUX y contracta la Peste.<\/span><\/p>\n<p align=\"JUSTIFY\">\n<p align=\"JUSTIFY\">\n<p align=\"JUSTIFY\"><span style=\"font-size: large;\">Malte, entre deux Mondes qui s\u2019entretuent sans que nul ne puisse dire lequel des deux va s\u2019en tirer le mieux, personne ne voulant s\u2019avouer l\u2019enjeu du double drame maintenant engag\u00e9.<\/span><\/p>\n<p align=\"JUSTIFY\">\n<p align=\"JUSTIFY\"><span style=\"font-size: large;\">Une Trag\u00e9die dont nul ne semble comprendre et ma\u00eetriser le principe de la Pompe Aspirante et Foulante qui l\u2019anime.<\/span><\/p>\n<p align=\"JUSTIFY\">\n<p align=\"JUSTIFY\">\n<p align=\"JUSTIFY\"><span style=\"font-size: large;\">Nul ne peut en comprendre et ma\u00eetriser ni le principe ni le d\u00e9bit \u00e0 ce qu\u2019il semble\u00a0:<\/span><\/p>\n<p align=\"JUSTIFY\">\n<ul>\n<li>\n<p align=\"JUSTIFY\"><span style=\"font-size: large;\">L\u2019Europe n\u2019est-elle pas, malgr\u00e9 ses Fronti\u00e8res en voie de R\u00e9-\u00e9rection, n\u2019est-elle pas la partie aspirante de la pompe, cependant qu\u2019\u00e0 trop aspirer, m\u00eame le Gaz Oxyg\u00e8ne\u00a0s\u2019av\u00e8re dangereux.<\/span><\/p>\n<\/li>\n<\/ul>\n<p align=\"JUSTIFY\">\n<ul>\n<li>\n<p align=\"JUSTIFY\"><span style=\"font-size: large;\">L\u2019Afrique n\u2019est-elle pas la partie refoulante de la pompe, jusqu\u2019\u00e0 ce qu\u2019elle soit assez indemnis\u00e9e pour garder ses ressortissants, au risque qu\u2019elle se vide de sa mati\u00e8re grise, de ses ressources humaines avant que lui parvienne la Manne esp\u00e9r\u00e9e.<\/span><\/p>\n<\/li>\n<\/ul>\n<p>&nbsp;<\/p>\n<p align=\"JUSTIFY\">\n<p align=\"JUSTIFY\"><span style=\"font-family: Calibri, sans-serif;\"><span style=\"font-size: large;\"><em><strong>Faites vos Jeux<\/strong><\/em><\/span><\/span><span style=\"font-size: large;\"> dit le diable, <\/span><span style=\"font-family: Arial, sans-serif;\"><span style=\"font-size: large;\"><em>everyone places his bets<\/em><\/span><\/span><span style=\"font-size: large;\">.<\/span><\/p>\n<p align=\"JUSTIFY\">\n<p align=\"JUSTIFY\"><span style=\"font-family: Arial, sans-serif;\"><span style=\"font-size: large;\"><em>No more bets the Evil will say<\/em><\/span><\/span><span style=\"font-size: large;\"> et rien n\u2019ira plus.<\/span><\/p>\n<p lang=\"en-US\" align=\"JUSTIFY\">\n<p lang=\"en-US\" align=\"JUSTIFY\">\n<p align=\"JUSTIFY\"><span style=\"font-size: large;\">Tous on aura perdu, dans la mesure o\u00f9 on aime se sentir chez soi, dans son intimit\u00e9, comme dans toute la mesure ou faute de Ressources Humaines, ses Richesses Potentielles se trouveront mises au Clou, m\u00eame pas pour deux Sous.<\/span><\/p>\n<p align=\"JUSTIFY\">\n<p align=\"JUSTIFY\">\n<p align=\"JUSTIFY\"><span style=\"font-family: 'Comic Sans MS', cursive;\"><span style=\"font-size: large;\"><strong>Moralit\u00e9, puisqu\u2019il est devenu inconvenant, ou d\u2019\u00e9voquer, ou d\u2019invoquer le Cr\u00e9ateur.<\/strong><\/span><\/span><\/p>\n<p align=\"JUSTIFY\">\n<p align=\"JUSTIFY\"><span style=\"font-family: 'Comic Sans MS', cursive;\"><span style=\"font-size: large;\">N\u2019est-ce pas une Transgression \u00c9cologique que de d\u00e9faire Abusivement ce que la Nature a laborieusement mis en place\u2026 <\/span><\/span><\/p>\n<p align=\"JUSTIFY\">\n<p align=\"JUSTIFY\"><span style=\"font-family: Arial, sans-serif;\"><span style=\"font-size: large;\"><em>Let\u2019s wait and see about it<\/em><\/span><\/span><span style=\"font-size: large;\">.<\/span><\/p>\n<p lang=\"en-US\" align=\"JUSTIFY\">\n<p lang=\"en-US\" align=\"JUSTIFY\">\n<p align=\"JUSTIFY\"><span style=\"font-family: 'Comic Sans MS', cursive;\"><span style=\"font-size: large;\"><strong>Et, dans l\u2019attente de voir, serions-nous mal inspires de nous poser la question de savoir :<\/strong><\/span><\/span><\/p>\n<p align=\"JUSTIFY\">\n<ul>\n<li>\n<p align=\"JUSTIFY\"><span style=\"font-family: 'Comic Sans MS', cursive;\"><span style=\"font-size: large;\">Que peut \u00eatre cette pompe aspirante et foulante.<\/span><\/span><\/p>\n<\/li>\n<\/ul>\n<p align=\"JUSTIFY\">\n<ul>\n<li>\n<p align=\"JUSTIFY\"><span style=\"font-family: 'Comic Sans MS', cursive;\"><span style=\"font-size: large;\">Qui en est le Pompier.<\/span><\/span><\/p>\n<\/li>\n<\/ul>\n<p>&nbsp;<\/p>\n<p align=\"JUSTIFY\"><span style=\"font-family: 'Comic Sans MS', cursive;\"><span style=\"font-size: large;\">A moins de le demander aux \u00ab\u00a0<\/span><\/span><span style=\"font-family: Arial, sans-serif;\"><span style=\"font-size: large;\"><em>Centuries<\/em><\/span><\/span><span style=\"font-family: 'Comic Sans MS', cursive;\"><span style=\"font-size: large;\">\u00a0\u00bb <\/span><\/span><span style=\"font-family: Arial, sans-serif;\"><span style=\"font-size: large;\"><em>by NOSTRADAMUS<\/em><\/span><\/span><span style=\"font-size: large;\">.<\/span><\/p>\n<p align=\"JUSTIFY\">\n<p align=\"JUSTIFY\"><span style=\"font-size: large;\">\u00c9ric E.G. NOGARD<\/span><\/p>\n<p align=\"JUSTIFY\"><span style=\"color: #c00000;\"><span style=\"font-size: large;\"><em>Chroniqueur<\/em><\/span><\/span><span style=\"color: #c00000;\"><span style=\"font-size: large;\">.<\/span><\/span><\/p>\n<p align=\"CENTER\"><span style=\"font-size: large;\"><strong>*** *** ***<\/strong><\/span><\/p>\n<p align=\"JUSTIFY\">\n<p align=\"CENTER\"><span style=\"color: #ff0000;\"><span><strong>Ne Peut \u00eatre reproduit &#8211; m\u00eame partiellement &#8211; sans l\u2019autorisation de l\u2019Auteur.<\/strong><\/span><\/span><\/p>\n<p><span style=\"color: #ff0000;\"><span style=\"font-size: large;\"><strong>Nota : <\/strong><\/span><\/span><span style=\"color: #000000;\"><span style=\"font-size: large;\">Nous ne traitons que de Faits et de Noms rendus Publics.<\/span><\/span><\/p>\n<p align=\"CENTER\"><span style=\"color: #000000;\"><span style=\"font-size: large;\">*** *** ***<\/span><\/span><\/p>\n<p align=\"JUSTIFY\"><span style=\"font-size: large;\"><strong>N.B.:<\/strong><\/span><span style=\"font-size: large;\"> &#8211; <\/span><span style=\"color: #c00000;\"><span style=\"font-family: 'Comic Sans MS', cursive;\"><span style=\"font-size: large;\">Nous Recommandons instamment et syst\u00e9matiquement l\u2019ouverture de la (ou des) pi\u00e8ce(s) jointe(s) \u00e0 l\u2019e-mail, sous format Pdf, <\/span><\/span><\/span><span style=\"color: #c00000;\"><span style=\"font-family: 'Comic Sans MS', cursive;\"><span style=\"font-size: large;\"><span style=\"text-decoration: underline;\">les illustrations y sont incluses<\/span><\/span><\/span><\/span><span style=\"color: #c00000;\"><span style=\"font-family: 'Comic Sans MS', cursive;\"><span style=\"font-size: large;\">.<\/span><\/span><\/span><\/p>\n<p align=\"JUSTIFY\">\n<p align=\"CENTER\"><span style=\"font-size: large;\"><strong>*** *** ***<\/strong><\/span><\/p>\n<p align=\"JUSTIFY\"><span style=\"text-decoration: underline;\"><strong>Liens Sugg\u00e9r\u00e9s\u00a0:<\/strong><\/span><\/p>\n<ul>\n<li>\n<p align=\"JUSTIFY\"><span style=\"color: #0000ff;\"><span style=\"text-decoration: underline;\"><a href=\"http:\/\/www.lescrutateur.com\/\">http:\/\/www.lescrutateur.com\/<\/a><\/span><\/span><\/p>\n<\/li>\n<li>\n<p align=\"JUSTIFY\"><span style=\"color: #0000ff;\"><span style=\"text-decoration: underline;\"><a href=\"http:\/\/www.etatsgenerauxdeloutremer.fr\/reflexions\">http:\/\/www.etatsgenerauxdeloutremer.fr\/reflexions<\/a><\/span><\/span><\/p>\n<\/li>\n<\/ul>\n<p align=\"CENTER\">\n<p align=\"CENTER\"><strong>==================================================================<\/strong><\/p>\n<script type=\"text\/javascript\">\n\nvar addthis_config = {\"data_track_clickback\":false,\"data_track_addressbar\":false,\"data_track_textcopy\":false};\n<\/script><script type=\"text\/javascript\" src=\"\/\/s7.addthis.com\/js\/250\/addthis_widget.js#pubid=a457a6d63fb9e6ccabdde4110343bd85\"><\/script>","protected":false},"excerpt":{"rendered":"<p align=\"CENTER\"><span>Le Cri d\u2019Alarme.<\/span><\/p>\n<p align=\"CENTER\"><span style=\"color: #000000;\"><span>Chronique d\u2019\u00c9ric E.G. NOGARD<\/span><\/span><\/p>\n<p align=\"CENTER\"><span style=\"color: #000000;\"><span>De l\u2019Ex. Martinique Province Fran\u00e7aise d\u2019Am\u00e9rique Amie du Canada (1061 Titres).<\/span><\/span><\/p>\n<p style=\"text-align: left;\" align=\"CENTER\">\n<p align=\"CENTER\"><span style=\"color: #c00000;\">==========<\/span><\/p>\n<p align=\"JUSTIFY\"><span style=\"color: #c00000;\"><span style=\"font-family: 'Comic Sans MS', cursive;\"><span>\u00ab\u00a0<\/span><\/span><\/span><span style=\"color: #c00000;\"><span style=\"font-family: Cambria, serif;\"><span>Notre M\u00e9tier n\u2019est pas de faire plaisir, Non plus de faire tort \u00e0 qui que ce soit, <\/span><\/span><\/span>&hellip;<\/p>\n","protected":false},"author":1,"featured_media":0,"comment_status":"open","ping_status":"open","sticky":false,"template":"","format":"standard","meta":{"footnotes":""},"categories":[1],"tags":[],"class_list":["post-11854","post","type-post","status-publish","format-standard","hentry","category-accueil"],"_links":{"self":[{"href":"http:\/\/www.lecarrefourdesopinions.ca\/index.php?rest_route=\/wp\/v2\/posts\/11854","targetHints":{"allow":["GET"]}}],"collection":[{"href":"http:\/\/www.lecarrefourdesopinions.ca\/index.php?rest_route=\/wp\/v2\/posts"}],"about":[{"href":"http:\/\/www.lecarrefourdesopinions.ca\/index.php?rest_route=\/wp\/v2\/types\/post"}],"author":[{"embeddable":true,"href":"http:\/\/www.lecarrefourdesopinions.ca\/index.php?rest_route=\/wp\/v2\/users\/1"}],"replies":[{"embeddable":true,"href":"http:\/\/www.lecarrefourdesopinions.ca\/index.php?rest_route=%2Fwp%2Fv2%2Fcomments&post=11854"}],"version-history":[{"count":2,"href":"http:\/\/www.lecarrefourdesopinions.ca\/index.php?rest_route=\/wp\/v2\/posts\/11854\/revisions"}],"predecessor-version":[{"id":11859,"href":"http:\/\/www.lecarrefourdesopinions.ca\/index.php?rest_route=\/wp\/v2\/posts\/11854\/revisions\/11859"}],"wp:attachment":[{"href":"http:\/\/www.lecarrefourdesopinions.ca\/index.php?rest_route=%2Fwp%2Fv2%2Fmedia&parent=11854"}],"wp:term":[{"taxonomy":"category","embeddable":true,"href":"http:\/\/www.lecarrefourdesopinions.ca\/index.php?rest_route=%2Fwp%2Fv2%2Fcategories&post=11854"},{"taxonomy":"post_tag","embeddable":true,"href":"http:\/\/www.lecarrefourdesopinions.ca\/index.php?rest_route=%2Fwp%2Fv2%2Ftags&post=11854"}],"curies":[{"name":"wp","href":"https:\/\/api.w.org\/{rel}","templated":true}]}}