{"id":11849,"date":"2015-11-13T11:14:00","date_gmt":"2015-11-13T16:14:00","guid":{"rendered":"http:\/\/www.lecarrefourdesopinions.ca\/?p=11849"},"modified":"2015-11-13T11:14:00","modified_gmt":"2015-11-13T16:14:00","slug":"divide-et-impera","status":"publish","type":"post","link":"http:\/\/www.lecarrefourdesopinions.ca\/?p=11849","title":{"rendered":"\u00ab Divide et impera \u00bb"},"content":{"rendered":"<div dir=\"ltr\">\n<div><\/div>\n<div><\/div>\n<div>\n<p lang=\"fr-CA\" align=\"center\"><span style=\"font-family: 'Times New Roman', serif;\"><span style=\"font-size: large;\">\u00ab\u00a0Divide et impera\u00a0\u00bb<\/span><\/span><\/p>\n<p align=\"justify\"><span style=\"color: #800000;\"><em><img loading=\"lazy\" decoding=\"async\" class=\"alignnone size-full wp-image-11459\" title=\"Serge 1\" src=\"http:\/\/www.lecarrefourdesopinions.ca\/wp-content\/uploads\/2015\/04\/Serge-1.jpg\" alt=\"\" width=\"101\" height=\"112\" \/><\/em><\/span><\/p>\n<p align=\"justify\"><span style=\"color: #800000;\"><em>Me Serge H. Mo\u00efse\u00a0<\/em><\/span><\/p>\n<p lang=\"fr-CA\" align=\"center\">\n<p align=\"justify\"><span style=\"color: #800000;\"><em><em>avocat<\/em><br \/><\/em><\/span><\/p>\n<p lang=\"fr-CA\" align=\"center\">\n<p lang=\"fr-CA\" align=\"center\">\n<p align=\"justify\"><span style=\"color: #000000;\"><span style=\"font-family: 'Times New Roman', serif;\"><span style=\"font-size: large;\">Diviser pour r\u00e9gner disaient les Romains, cette formule \u00e9prouv\u00e9e au fil des si\u00e8cles, toujours d\u2019application d\u2019ailleurs par les puissances pr\u00e9datrices, trouve un terreau fertile dans les pays sous-d\u00e9velopp\u00e9s du quart-monde.<\/span><\/span><\/span><\/p>\n<p align=\"justify\"><span style=\"color: #000000;\"><span style=\"font-family: 'Times New Roman', serif;\"><span style=\"font-size: large;\">Il n\u2019est certes pas superflu de rappeler que de l\u2019ind\u00e9pendance \u00e0 nos jours, les crises \u00e9pisodiques, objet de nos interminables disputes, pronunciamientos, coups d\u2019\u00e9tat, \u00ab\u00a0rache manyok\u00a0\u00bb ont largement contribu\u00e9 \u00e0 la faillite nationale.<\/span><\/span><\/span><\/p>\n<p align=\"justify\"><span style=\"color: #000000;\"><span style=\"font-family: 'Times New Roman', serif;\"><span style=\"font-size: large;\">Franklin Delano\u00eb Roosevelt ne s\u2019est pas g\u00ean\u00e9, il n\u2019y a pas si longtemps pour d\u00e9clarer qu\u2019il fallait dans ce pays n\u00e8gre, faire en sorte que les sans souliers soient toujours \u00e0 couteaux tir\u00e9s avec les nantis bien chauss\u00e9s.<\/span><\/span><\/span><\/p>\n<p align=\"justify\"><span style=\"color: #000000;\"><span style=\"font-family: 'Times New Roman', serif;\"><span style=\"font-size: large;\">Cette \u00ab\u00a0arme\u00a0psychologique\u00a0\u00bb semble avoir fait plus de ravage entre nous que l\u2019agent orange \u00ab\u00a0arme chimique\u00a0\u00bb, d\u00e9foliant d\u00e9vers\u00e9 sur le Vietnam, et qui, de nos jours, inqui\u00e8te tellement en ce qui a trait \u00e0 la Syrie.<\/span><\/span><\/span><\/p>\n<p align=\"justify\"><span style=\"color: #000000;\"><span style=\"font-family: 'Times New Roman', serif;\"><span style=\"font-size: large;\">Dussions-nous passer pour un enquiquineur aupr\u00e8s des gens \u00e0 courte vue, nous estimons de notre devoir d\u2019insister, de marteler au besoin ces paroles de grande sagesse, savoir\u00a0: \u00ab\u00a0Toute famille divis\u00e9e est affaiblie et appel\u00e9e \u00e0 dispara\u00eetre\u00a0\u00bb.<\/span><\/span><\/span><\/p>\n<p align=\"justify\"><span style=\"color: #000000;\"><span style=\"font-family: 'Times New Roman', serif;\"><span style=\"font-size: large;\">Pour n\u2019avoir rien appris de nos erreurs pass\u00e9es, nous voici encore une fois, face \u00e0 une \u00e9ni\u00e8me crise soci\u00e9tale mettant davantage en p\u00e9ril cette nation tellement fragilis\u00e9e. Or, \u00e0 notre grand \u00e9tonnement, les coop\u00e9rants internationaux semblent constater que tout va bien comme chez madame la marquise.<\/span><\/span><\/span><\/p>\n<p align=\"justify\"><span style=\"color: #000000;\"><span style=\"font-family: 'Times New Roman', serif;\"><span style=\"font-size: large;\">En d\u00e9pit des nombreux discours d\u2019apaisement du pr\u00e9sident de la r\u00e9publique, mis \u00e0 part certains de ses \u00e9carts langagiers de tr\u00e8s mauvais aloi, de plus en plus de voix r\u00e9clament \u00e0 cor et \u00e0 cri, des redressements au niveau de la gouvernance qui suscite inqui\u00e9tude et d\u00e9sespoir.<\/span><\/span><\/span><\/p>\n<p align=\"justify\"><span style=\"color: #000000;\"><span style=\"font-family: 'Times New Roman', serif;\"><span style=\"font-size: large;\">L\u2019honorable Steven Beno\u00eet n\u2019a pas m\u00e2ch\u00e9 ses mots, le projet de loi sur le budget r\u00e9cemment d\u00e9pos\u00e9 s\u2019av\u00e8re, selon lui, une d\u00e9marche \u00ab\u00a0criminelle\u00a0\u00bb \u00e0 l\u2019encontre de la population et sera ipso facto retourn\u00e9 au pouvoir ex\u00e9cutif pour les suites n\u00e9cessaires.<\/span><\/span><\/span><\/p>\n<p align=\"justify\"><span style=\"color: #000000;\"><span style=\"font-family: 'Times New Roman', serif;\"><span style=\"font-size: large;\">La F\u00e9d\u00e9ration des \u00c9glises Protestantes d\u2019Ha\u00efti s\u2019est sentie oblig\u00e9e de sortir de sa r\u00e9serve habituelle, afin d\u2019exprimer son ras-le-bol quant au laxisme et la mauvaise orientation des choses, exhortant ainsi les membres du gouvernement \u00e0 se ressaisir avant qu\u2019il ne soit trop tard.<\/span><\/span><\/span><\/p>\n<p align=\"justify\"><span style=\"color: #000000;\"><span style=\"font-family: 'Times New Roman', serif;\"><span style=\"font-size: large;\">L\u2019honorable Heidi Fortun\u00e9, Magistrat et Juge d\u2019Instruction dans son article intitul\u00e9\u00a0: \u00ab\u00a0Le cauchemar continue\u00a0\u00bb se lamente de ce que la justice est brocard\u00e9e par ceux-l\u00e0 m\u00eame qui sont charg\u00e9s de la faire respecter.<\/span><\/span><\/span><\/p>\n<p align=\"justify\"><span style=\"color: #000000;\"><span style=\"font-family: 'Times New Roman', serif;\"><span style=\"font-size: large;\">La cause du d\u00e9c\u00e8s de l\u2019honorable Jean Serge Joseph, Magistrat et Juge d\u2019Instruction n\u2019est toujours pas \u00e9lucid\u00e9e en d\u00e9pit des deux rapports accablants des commissions du s\u00e9nat de la r\u00e9publique et de la chambre des d\u00e9put\u00e9s.<\/span><\/span><\/span><\/p>\n<p align=\"justify\"><span style=\"color: #000000;\"><span style=\"font-family: 'Times New Roman', serif;\"><span style=\"font-size: large;\">Les organisations de d\u00e9fense des droits de l\u2019homme d\u00e9noncent les cas d\u2019arrestations ill\u00e9gales \u00e0 des fins purement politiques.<\/span><\/span><\/span><\/p>\n<p align=\"justify\"><span style=\"color: #000000;\"><span style=\"font-family: 'Times New Roman', serif;\"><span style=\"font-size: large;\">Notre confr\u00e8re Me Andr\u00e9 Michel a d\u00fb se mettre \u00e0 couvert, faisant l\u2019objet d\u2019un mandat d\u2019amener en violation des lois de la r\u00e9publique y compris celle r\u00e9gissant la profession d\u2019avocat.<\/span><\/span><\/span><\/p>\n<p align=\"justify\"><span style=\"color: #000000;\"><span style=\"font-family: 'Times New Roman', serif;\"><span style=\"font-size: large;\">L\u2019Office Pour la Protection du Citoyen par l\u2019organe de sa directrice g\u00e9n\u00e9rale, Mme Florence \u00c9lie, a d\u00fb se livrer \u00e0 un plaidoyer en r\u00e8gle aupr\u00e8s du parlement en faveur des laiss\u00e9s pour compte qui croupissent dans nos centres de d\u00e9tention toujours en violation des r\u00e8gles de droit.<\/span><\/span><\/span><\/p>\n<p align=\"justify\"><span style=\"color: #000000;\"><span style=\"font-family: 'Times New Roman', serif;\"><span style=\"font-size: large;\">Une dizaine de commissaires du gouvernement d\u00e9filent au parquet pr\u00e8s le tribunal de premi\u00e8re instance de Port-au-Prince pour des raisons plus ou moins myst\u00e9rieuses.<\/span><\/span><\/span><\/p>\n<p align=\"justify\"><span style=\"color: #000000;\"><span style=\"font-family: 'Times New Roman', serif;\"><span style=\"font-size: large;\">Alors quid de la vigoureuse rixe \u00e0 la chambre basse qui aurait pu nous rappeler les plus beaux jours de Mohamed Ali, Joe Frazer, Georges Foreman et consorts, faut-il en rire ou en pleurer?<\/span><\/span><\/span><\/p>\n<p align=\"justify\"><span style=\"color: #000000;\"><span style=\"font-family: 'Times New Roman', serif;\"><span style=\"font-size: large;\">Pour ce qui est de la cr\u00e9ation d\u2019emplois, priorit\u00e9 des priorit\u00e9s, motus et bouche cousue.<\/span><\/span><\/span><\/p>\n<p align=\"justify\"><span style=\"color: #000000;\"><span style=\"font-family: 'Times New Roman', serif;\"><span style=\"font-size: large;\">La diaspora, \u00e9prouvant des difficult\u00e9s \u00e0 s\u2019organiser pour \u00eatre fonctionnelle, tenue \u00e0 distance raisonnable, donc incapable de participer activement \u00e0 la refondation et \u00e0 la reconstruction de l\u2019alma mater.<\/span><\/span><\/span><\/p>\n<p align=\"justify\"><span style=\"color: #000000;\"><span style=\"font-family: 'Times New Roman', serif;\"><span style=\"font-size: large;\">Autant de pommes de discorde qui alimentent l\u2019insatisfaction de la population, ces facteurs de division entre gouvernants et gouvern\u00e9s, l\u2019absence d\u2019une saine justice pour assurer la paix et l\u2019ordre dans la cit\u00e9, le laxisme et l\u2019incomp\u00e9tence de certains responsables, le tout maintenu \u00e0 dessein par la main invisible avec la complicit\u00e9 de certains d\u2019entre nous, font perdurer cette situation de chaos.<\/span><\/span><\/span><\/p>\n<p align=\"justify\"><span style=\"color: #000000;\"><span style=\"font-family: 'Times New Roman', serif;\"><span style=\"font-size: large;\">Puisque le dialogue national s\u2019annonce pour tr\u00e8s bient\u00f4t, \u00e0 visi\u00e8re lev\u00e9e et en toute transparence, le g\u00e9nie et la perspicacit\u00e9 de nos n\u00e9gociateurs aboutiront, \u00e0 n\u2019en pas douter, \u00e0 un deal gagnant-gagnant \u00e0 partir duquel les riches pourront devenir plus riches, les pauvres d\u00e9finitivement moins pauvres et ce sera la fin des divisions suicidaires, le d\u00e9but de l\u2019\u00e8re du vivre-ensemble dans l\u2019harmonie et la solidarit\u00e9 indispensables au salut de la nation. <\/span><\/span><\/span><\/p>\n<p align=\"justify\">\n<p align=\"justify\">\n<\/div>\n<\/div>\n<script type=\"text\/javascript\">\n\nvar addthis_config = {\"data_track_clickback\":false,\"data_track_addressbar\":false,\"data_track_textcopy\":false};\n<\/script><script type=\"text\/javascript\" src=\"\/\/s7.addthis.com\/js\/250\/addthis_widget.js#pubid=a457a6d63fb9e6ccabdde4110343bd85\"><\/script>","protected":false},"excerpt":{"rendered":"<p lang=\"fr-CA\" align=\"center\"><span style=\"font-family: 'Times New Roman', serif;\"><span style=\"font-size: large;\">\u00ab\u00a0Divide et impera\u00a0\u00bb<\/span><\/span><\/p>\n<p align=\"justify\"><span style=\"color: #800000;\"><\/span><\/p>\n<p align=\"justify\"><span style=\"color: #800000;\">Me Serge H. Mo\u00efse\u00a0<\/span><\/p>\n<p lang=\"fr-CA\" align=\"center\">\n<p align=\"justify\"><span style=\"color: #800000;\">avocat<\/span><\/p>\n<p lang=\"fr-CA\" align=\"center\">\n<p lang=\"fr-CA\" align=\"center\">\n<p align=\"justify\"><span style=\"color: #000000;\"><span style=\"font-family: 'Times New Roman', serif;\"><span style=\"font-size: large;\">Diviser pour r\u00e9gner disaient les Romains, cette formule \u00e9prouv\u00e9e au fil des si\u00e8cles, toujours d\u2019application d\u2019ailleurs par les puissances pr\u00e9datrices, trouve un terreau fertile dans les pays <\/span><\/span><\/span>&hellip;<\/p>\n","protected":false},"author":1,"featured_media":0,"comment_status":"open","ping_status":"open","sticky":false,"template":"","format":"standard","meta":{"footnotes":""},"categories":[1],"tags":[],"class_list":["post-11849","post","type-post","status-publish","format-standard","hentry","category-accueil"],"_links":{"self":[{"href":"http:\/\/www.lecarrefourdesopinions.ca\/index.php?rest_route=\/wp\/v2\/posts\/11849","targetHints":{"allow":["GET"]}}],"collection":[{"href":"http:\/\/www.lecarrefourdesopinions.ca\/index.php?rest_route=\/wp\/v2\/posts"}],"about":[{"href":"http:\/\/www.lecarrefourdesopinions.ca\/index.php?rest_route=\/wp\/v2\/types\/post"}],"author":[{"embeddable":true,"href":"http:\/\/www.lecarrefourdesopinions.ca\/index.php?rest_route=\/wp\/v2\/users\/1"}],"replies":[{"embeddable":true,"href":"http:\/\/www.lecarrefourdesopinions.ca\/index.php?rest_route=%2Fwp%2Fv2%2Fcomments&post=11849"}],"version-history":[{"count":1,"href":"http:\/\/www.lecarrefourdesopinions.ca\/index.php?rest_route=\/wp\/v2\/posts\/11849\/revisions"}],"predecessor-version":[{"id":11850,"href":"http:\/\/www.lecarrefourdesopinions.ca\/index.php?rest_route=\/wp\/v2\/posts\/11849\/revisions\/11850"}],"wp:attachment":[{"href":"http:\/\/www.lecarrefourdesopinions.ca\/index.php?rest_route=%2Fwp%2Fv2%2Fmedia&parent=11849"}],"wp:term":[{"taxonomy":"category","embeddable":true,"href":"http:\/\/www.lecarrefourdesopinions.ca\/index.php?rest_route=%2Fwp%2Fv2%2Fcategories&post=11849"},{"taxonomy":"post_tag","embeddable":true,"href":"http:\/\/www.lecarrefourdesopinions.ca\/index.php?rest_route=%2Fwp%2Fv2%2Ftags&post=11849"}],"curies":[{"name":"wp","href":"https:\/\/api.w.org\/{rel}","templated":true}]}}