{"id":11841,"date":"2015-11-12T12:31:00","date_gmt":"2015-11-12T17:31:00","guid":{"rendered":"http:\/\/www.lecarrefourdesopinions.ca\/?p=11841"},"modified":"2015-11-12T12:31:00","modified_gmt":"2015-11-12T17:31:00","slug":"marechal-nous-voila","status":"publish","type":"post","link":"http:\/\/www.lecarrefourdesopinions.ca\/?p=11841","title":{"rendered":"Mar\u00e9chal, nous voil\u00e0."},"content":{"rendered":"<p align=\"JUSTIFY\"><span style=\"color: #c00000;\"><span style=\"font-family: 'Comic Sans MS', cursive;\"><span>\u00ab\u00a0<\/span><\/span><\/span><span style=\"color: #c00000;\"><span style=\"font-family: Cambria, serif;\"><span><strong>Notre M\u00e9tier n\u2019est pas de faire plaisir, Non plus de faire tort \u00e0 qui que ce soit, Ni pour quoi que ce soit, Il est de porter la plume dans la plaie<\/strong><\/span><\/span><\/span><span style=\"color: #c00000;\"><span style=\"font-family: Cambria, serif;\"><span>\u00a0\u00bb. (Albert LONDRES).<\/span><\/span><\/span><\/p>\n<p align=\"CENTER\"><span style=\"color: #c00000;\"><em><strong>==========<\/strong><\/em><\/span><\/p>\n<p align=\"CENTER\">\n<p align=\"CENTER\"><span style=\"color: #000099;\"><span style=\"font-size: x-large;\"><em><strong>Mar\u00e9chal, nous voil\u00e0.<\/strong><\/em><\/span><\/span><\/p>\n<p align=\"CENTER\"><span style=\"color: #000099;\"><span style=\"font-family: Arial, sans-serif;\"><span style=\"font-size: x-large;\"><em><strong>Marshall, here we are<\/strong><\/em><\/span><\/span><\/span><span style=\"color: #000099;\"><span style=\"font-size: x-large;\"><em><strong>.<\/strong><\/em><\/span><\/span><\/p>\n<p lang=\"en-US\" align=\"CENTER\"><span style=\"color: #000099;\"><span><strong>=====<\/strong><\/span><\/span><\/p>\n<p align=\"JUSTIFY\"><span style=\"color: #632423;\"><span style=\"font-family: 'Comic Sans MS', cursive;\"><span style=\"font-size: large;\">Tant de couronnes, de fleurs et d\u2019\u00e9charpes tricolores sur la Tombe d\u2019un \u00ab\u00a0D\u00e9chu\u00a0\u00bb.<\/span><\/span><\/span><\/p>\n<p align=\"JUSTIFY\">\n<p align=\"JUSTIFY\"><span style=\"color: #632423;\"><span style=\"font-family: 'Comic Sans MS', cursive;\"><span style=\"font-size: large;\">N\u2019est-ce pas la confession de qui l\u2019a bien connu pour avoir \u00e9t\u00e9 Ministre sous son Autorit\u00e9.<\/span><\/span><\/span><\/p>\n<p align=\"JUSTIFY\">\n<p align=\"JUSTIFY\"><span style=\"color: #632423;\"><span style=\"font-family: 'Comic Sans MS', cursive;\"><span style=\"font-size: large;\">N\u2019est-ce pas une Interpellation de la France, par la voix de son Pr\u00e9sident Fran\u00e7ois MITTERRAND.<\/span><\/span><\/span><\/p>\n<p align=\"JUSTIFY\">\n<p align=\"JUSTIFY\"><span style=\"color: #632423;\"><span style=\"font-family: 'Comic Sans MS', cursive;\"><span style=\"font-size: large;\">D\u00e8s-lors, \u00e0 moins d\u2019\u00eatre sourd ou de feindre de l\u2019\u00eatre,<\/span><\/span><\/span><\/p>\n<p align=\"JUSTIFY\">\n<p align=\"JUSTIFY\"><span style=\"color: #632423;\"><span style=\"font-family: 'Comic Sans MS', cursive;\"><span style=\"font-size: large;\">La Cause est entendue.<\/span><\/span><\/span><\/p>\n<p align=\"JUSTIFY\">\u00a0<img loading=\"lazy\" decoding=\"async\" class=\"alignleft size-thumbnail wp-image-11439\" title=\"Eric\" src=\"http:\/\/www.lecarrefourdesopinions.ca\/wp-content\/uploads\/2015\/04\/Eric-134x107.jpg\" alt=\"\" width=\"134\" height=\"107\" \/><\/p>\n<p align=\"JUSTIFY\"><span style=\"color: #632423;\"><span style=\"font-family: 'Comic Sans MS', cursive;\"><span style=\"font-size: large;\">\u00c9ric E.G. NOGARD<\/span><\/span><\/span><\/p>\n<p align=\"JUSTIFY\"><span style=\"color: #c00000;\"><span style=\"font-size: large;\"><em>Chroniqueur<\/em><\/span><\/span><span style=\"color: #c00000;\"><span style=\"font-size: large;\">.<\/span><\/span><\/p>\n<p align=\"JUSTIFY\">\n<p align=\"CENTER\">\n<p align=\"CENTER\"><span style=\"font-size: large;\">*** *** ***<\/span><\/p>\n<p align=\"CENTER\">\n<p style=\"text-align: center;\" lang=\"en-US\" align=\"JUSTIFY\"><span><em><strong>Mar\u00e9chal, nous voil\u00e0.<\/strong><\/em><\/span><\/p>\n<p style=\"text-align: center;\" align=\"JUSTIFY\"><span style=\"font-family: Arial, sans-serif;\"><span style=\"font-size: large;\"><em><strong>Marshall, here we are<\/strong><\/em><\/span><\/span><span style=\"font-size: large;\"><em><strong>.<\/strong><\/em><\/span><\/p>\n<p lang=\"en-US\" align=\"JUSTIFY\">\n<p lang=\"en-US\" align=\"JUSTIFY\">\n<p lang=\"en-US\" align=\"CENTER\"><img loading=\"lazy\" decoding=\"async\" class=\"alignnone size-medium wp-image-11843\" title=\"F1 LA FAYETTE  NOUS VOILA\" src=\"http:\/\/www.lecarrefourdesopinions.ca\/wp-content\/uploads\/2015\/11\/F1-LA-FAYETTE-NOUS-VOILA-300x210.jpeg\" alt=\"\" width=\"300\" height=\"210\" srcset=\"http:\/\/www.lecarrefourdesopinions.ca\/wp-content\/uploads\/2015\/11\/F1-LA-FAYETTE-NOUS-VOILA-300x210.jpeg 300w, http:\/\/www.lecarrefourdesopinions.ca\/wp-content\/uploads\/2015\/11\/F1-LA-FAYETTE-NOUS-VOILA-1024x718.jpeg 1024w, http:\/\/www.lecarrefourdesopinions.ca\/wp-content\/uploads\/2015\/11\/F1-LA-FAYETTE-NOUS-VOILA-400x280.jpeg 400w, http:\/\/www.lecarrefourdesopinions.ca\/wp-content\/uploads\/2015\/11\/F1-LA-FAYETTE-NOUS-VOILA.jpeg 1284w\" sizes=\"auto, (max-width: 300px) 100vw, 300px\" \/><\/p>\n<p align=\"CENTER\"><span style=\"font-size: large;\"><strong>F1: <\/strong><\/span><span style=\"color: #c00000;\"><span style=\"font-size: large;\"><em><strong>La FAYETTE, nous voila!<\/strong><\/em><\/span><\/span><\/p>\n<p>&nbsp;<\/p>\n<p>&nbsp;<\/p>\n<p align=\"JUSTIFY\">\u201c<span style=\"font-size: large;\"><em><strong>Mar\u00e9chal, nous voil\u00e0. <\/strong><\/em><\/span><span style=\"font-family: Arial, sans-serif;\"><span style=\"font-size: large;\"><em><strong>Marshall, here we are<\/strong><\/em><\/span><\/span><span style=\"font-size: large;\"><em><strong>\u201d. <\/strong><\/em><\/span><span style=\"font-family: 'Comic Sans MS', cursive;\"><span style=\"font-size: large;\">Ce mot l\u00e0, le G\u00e9n\u00e9ral John PERSHING l\u2019a prononc\u00e9 avant nous, au Cimeti\u00e8re de Picpus \u00e0 Paris, sur la tombe de La-FAYETTE, l\u2019un des Fondateurs de Fait de la Nation Am\u00e9ricaine que sont les \u00c9tats-Unis d\u2019Am\u00e9rique, les U.S.A.<\/span><\/span><\/p>\n<p align=\"JUSTIFY\">\n<p align=\"JUSTIFY\"><span style=\"font-family: 'Comic Sans MS', cursive;\"><span style=\"font-size: large;\">Ce mot l\u00e0, Nous le prenons pour bien de nous qui n\u2019avons pas choisi de le dire parce qu\u2019un autre, si illustre soit-il, l\u2019a prononc\u00e9, f\u00fbt-il PERSHING ou le Lieutenant-Colonel Am\u00e9ricain Charles E. STANTON dit-on<\/span><\/span><span style=\"font-size: large;\">.<\/span><\/p>\n<p align=\"JUSTIFY\">\n<p align=\"JUSTIFY\"><span style=\"font-size: large;\">Il est venu du plus profond de nous-m\u00eame, en r\u00e9ponse \u00e0 l\u2019anath\u00e8me jet\u00e9 sur le Mar\u00e9chal Philippe P\u00c9TAIN, en r\u00e9ponse \u00e0 l\u2019Ostracisme entretenu \u00e0 l\u2019encontre de sa personne comme de sa M\u00e9moire.<\/span><\/p>\n<p align=\"JUSTIFY\">\n<p align=\"JUSTIFY\"><span style=\"font-size: large;\"><em>\u00ab\u00a0<\/em><\/span><span style=\"font-size: large;\"><em><strong>J\u2019ai fait don \u00e0 la France de ma Personne<\/strong><\/em><\/span><span style=\"font-size: large;\"><em>\u00a0\u00bbdit-il \u00e0 son Proc\u00e8s.<\/em><\/span><\/p>\n<p align=\"CENTER\">\n<p><span style=\"font-family: Arial, sans-serif;\"><span style=\"font-size: large;\"><em>And so did He<\/em><\/span><\/span><span style=\"font-size: large;\"><em>.<\/em><\/span><\/p>\n<p>&nbsp;<\/p>\n<p>&nbsp;<\/p>\n<p align=\"CENTER\"><img loading=\"lazy\" decoding=\"async\" class=\"alignnone size-medium wp-image-11844\" title=\"F2 LA FRANCE ME L A DEMANDE  JE LUI AI FAIT DON DE MA PERSONNE\" src=\"http:\/\/www.lecarrefourdesopinions.ca\/wp-content\/uploads\/2015\/11\/F2-LA-FRANCE-ME-L-A-DEMANDE-JE-LUI-AI-FAIT-DON-DE-MA-PERSONNE-300x167.jpg\" alt=\"\" width=\"300\" height=\"167\" srcset=\"http:\/\/www.lecarrefourdesopinions.ca\/wp-content\/uploads\/2015\/11\/F2-LA-FRANCE-ME-L-A-DEMANDE-JE-LUI-AI-FAIT-DON-DE-MA-PERSONNE-300x167.jpg 300w, http:\/\/www.lecarrefourdesopinions.ca\/wp-content\/uploads\/2015\/11\/F2-LA-FRANCE-ME-L-A-DEMANDE-JE-LUI-AI-FAIT-DON-DE-MA-PERSONNE-1024x572.jpg 1024w, http:\/\/www.lecarrefourdesopinions.ca\/wp-content\/uploads\/2015\/11\/F2-LA-FRANCE-ME-L-A-DEMANDE-JE-LUI-AI-FAIT-DON-DE-MA-PERSONNE-400x223.jpg 400w, http:\/\/www.lecarrefourdesopinions.ca\/wp-content\/uploads\/2015\/11\/F2-LA-FRANCE-ME-L-A-DEMANDE-JE-LUI-AI-FAIT-DON-DE-MA-PERSONNE.jpg 1755w\" sizes=\"auto, (max-width: 300px) 100vw, 300px\" \/><\/p>\n<p>&nbsp;<\/p>\n<p align=\"CENTER\"><span style=\"font-size: large;\"><strong>F2\u00a0: <\/strong><\/span><span style=\"color: #c00000;\"><span style=\"font-size: large;\"><em><strong>La France me l\u2019a demand\u00e9, je lui ai fait Don de ma Personne.<\/strong><\/em><\/span><\/span><\/p>\n<p>&nbsp;<\/p>\n<p>&nbsp;<\/p>\n<p align=\"JUSTIFY\"><span style=\"font-size: large;\"><em><strong>Qui peut en disconvenir, aujourd\u2019hui qu\u2019enfin le voile s\u2019est un peu lev\u00e9 \u00e0 travers son Proc\u00e8s r\u00e9v\u00e9l\u00e9 au Public par \u00ab\u00a0France 5\u00a0\u00bb, ce M\u00e9dium bien connu.<\/strong><\/em><\/span><\/p>\n<p align=\"JUSTIFY\">\n<p align=\"JUSTIFY\"><span style=\"font-size: large;\">Nous avons eu, quand son Nom \u00e9tait Tabou, \u00e0 parler dans nos Chroniques\u00a0:<\/span><\/p>\n<p align=\"JUSTIFY\">\n<ul>\n<li>\n<p align=\"JUSTIFY\"><span style=\"font-size: large;\">Du Vainqueur de Verdun.<\/span><\/p>\n<\/li>\n<\/ul>\n<p align=\"JUSTIFY\">\n<ul>\n<li>\n<p align=\"JUSTIFY\"><span style=\"font-size: large;\">De la Victoire de 1918 qui fut celle de P\u00c9TAIN-PERSHING.<\/span><\/p>\n<\/li>\n<\/ul>\n<p align=\"JUSTIFY\">\n<ul>\n<li>\n<p align=\"JUSTIFY\"><span style=\"font-size: large;\">De la fulgurante perc\u00e9e des PANZER de ROMMEL tout autant que de la vanit\u00e9 de la Ligne MAGINOT et de la Reddition de Dunkerque.<\/span><\/p>\n<\/li>\n<\/ul>\n<p align=\"JUSTIFY\">\n<ul>\n<li>\n<p align=\"JUSTIFY\"><span style=\"font-size: large;\">Nous nous sommes risqu\u00e9s \u00e0 dire que l\u2019Allemagne conduisait ses Guerres avec Rigueur certes, mais aussi avec Chevalerie.<\/span><\/p>\n<\/li>\n<\/ul>\n<p>&nbsp;<\/p>\n<ul>\n<li>\n<p align=\"JUSTIFY\"><span style=\"font-size: large;\">Que l\u2019Allemagne r\u00e9glait ses Comptes sans Proc\u00e8s ni semblant de Proc\u00e8s.<\/span><\/p>\n<\/li>\n<\/ul>\n<p align=\"JUSTIFY\">\n<p align=\"JUSTIFY\">\n<p align=\"JUSTIFY\"><span style=\"font-size: large;\"><em><strong>Et, maintenant, parlons de Collaboration en gardant \u00e0 l\u2019esprit ce que serait la France, sans le Mar\u00e9chal P\u00c9TAIN donn\u00e9 pour Collaborateur quand les \u00ab\u00a0Collabos\u00a0\u00bb ne sont pas Lui.<\/strong><\/em><\/span><\/p>\n<p align=\"JUSTIFY\">\n<p align=\"JUSTIFY\">\n<p align=\"CENTER\"><img loading=\"lazy\" decoding=\"async\" class=\"alignnone size-full wp-image-11845\" title=\"F3 UNE NOBLESSE IMPERTURBABLE SOUS LES COUPS LES PLUS BAS\" src=\"http:\/\/www.lecarrefourdesopinions.ca\/wp-content\/uploads\/2015\/11\/F3-UNE-NOBLESSE-IMPERTURBABLE-SOUS-LES-COUPS-LES-PLUS-BAS1.jpg\" alt=\"\" width=\"150\" height=\"189\" \/><\/p>\n<p align=\"CENTER\">\n<p align=\"CENTER\"><span style=\"font-size: large;\"><strong>F3\u00a0: <\/strong><\/span><span style=\"color: #c00000;\"><span style=\"font-size: large;\"><em><strong>Une Noblesse imperturbable sous les coups les plus bas.<\/strong><\/em><\/span><\/span><\/p>\n<p align=\"CENTER\">\n<p align=\"JUSTIFY\">\n<ul>\n<li>\n<p align=\"JUSTIFY\"><span style=\"font-family: Calibri, sans-serif;\"><span style=\"font-size: large;\"><em><strong>Nous dira-t-on qui a soumis pour ratification \u00e0 Paul REYNAUD, Chef de Gouvernement sous la Pr\u00e9sidence d\u2019Albert LEBRUN, l\u2019Acte de Fusion Anglo-Fran\u00e7aise, sous la <\/strong><\/em><\/span><\/span><span style=\"font-family: Arial, sans-serif;\"><span style=\"font-size: large;\"><em><strong>Union-Jack<\/strong><\/em><\/span><\/span><span style=\"font-size: large;\">. <\/span><\/p>\n<\/li>\n<\/ul>\n<p align=\"JUSTIFY\">\n<p align=\"JUSTIFY\"><span style=\"font-size: large;\">REYNAUD pris de frayeur d\u00e9missionnant d\u00e8s-lors, laissant le Job au Mar\u00e9chal P\u00c9TAIN.<\/span><\/p>\n<p align=\"JUSTIFY\">\n<p align=\"JUSTIFY\"><span style=\"font-size: large;\">La France existerait-elle alors si ce Projet de Fusion s\u2019\u00e9tait r\u00e9alis\u00e9.<\/span><\/p>\n<p align=\"JUSTIFY\">\n<ul>\n<li>\n<p align=\"JUSTIFY\"><span style=\"font-family: Calibri, sans-serif;\"><span style=\"font-size: large;\"><em><strong>Nous dira-t-on dans quel \u00e9tat d\u2019Exode et de Capitulation nous nous trouvions, Civils ou Militaires, Jeunes ou Vieux, Hommes ou Femmes, Valides ou pas, sur les Routes de France<\/strong><\/em><\/span><\/span><span style=\"font-size: large;\">.<\/span><\/p>\n<\/li>\n<\/ul>\n<p align=\"JUSTIFY\">\n<p align=\"JUSTIFY\"><span style=\"font-size: large;\">D\u00e8s-lors, qu\u2019e\u00fbt pu faire le Mar\u00e9chal P\u00c9TAIN, nonobstant les fleuves de sang qu\u2019il a su \u00e9viter.<\/span><\/p>\n<p align=\"JUSTIFY\">\n<p align=\"JUSTIFY\">\n<ul>\n<li>\n<p align=\"JUSTIFY\"><span style=\"font-family: Calibri, sans-serif;\"><span style=\"font-size: large;\"><em><strong>Nous dira-t-on qui a sugg\u00e9r\u00e9 l\u2019installation en Alg\u00e9rie du Gouvernement de la France Libre<\/strong><\/em><\/span><\/span><span style=\"font-size: large;\">.<\/span><\/p>\n<\/li>\n<\/ul>\n<p align=\"JUSTIFY\">\n<p align=\"JUSTIFY\">\n<p align=\"CENTER\"><img loading=\"lazy\" decoding=\"async\" class=\"alignnone size-medium wp-image-11846\" title=\"F4 LEBRUN REYNAUD DALADIER BLUM LE SS D ETAT AU MINISTERE DE LA\" src=\"http:\/\/www.lecarrefourdesopinions.ca\/wp-content\/uploads\/2015\/11\/F4-LEBRUN-REYNAUD-DALADIER-BLUM-LE-SS-D-ETAT-AU-MINISTERE-DE-LA-300x81.jpg\" alt=\"\" width=\"300\" height=\"81\" srcset=\"http:\/\/www.lecarrefourdesopinions.ca\/wp-content\/uploads\/2015\/11\/F4-LEBRUN-REYNAUD-DALADIER-BLUM-LE-SS-D-ETAT-AU-MINISTERE-DE-LA-300x81.jpg 300w, http:\/\/www.lecarrefourdesopinions.ca\/wp-content\/uploads\/2015\/11\/F4-LEBRUN-REYNAUD-DALADIER-BLUM-LE-SS-D-ETAT-AU-MINISTERE-DE-LA-1024x276.jpg 1024w, http:\/\/www.lecarrefourdesopinions.ca\/wp-content\/uploads\/2015\/11\/F4-LEBRUN-REYNAUD-DALADIER-BLUM-LE-SS-D-ETAT-AU-MINISTERE-DE-LA-400x108.jpg 400w, http:\/\/www.lecarrefourdesopinions.ca\/wp-content\/uploads\/2015\/11\/F4-LEBRUN-REYNAUD-DALADIER-BLUM-LE-SS-D-ETAT-AU-MINISTERE-DE-LA.jpg 1217w\" sizes=\"auto, (max-width: 300px) 100vw, 300px\" \/><\/p>\n<p align=\"CENTER\">\n<p align=\"JUSTIFY\"><span style=\"font-size: large;\"><strong>F4\u00a0: <\/strong><\/span><span style=\"color: #c00000;\"><span style=\"font-size: large;\"><em><strong>Albert LEBRUN, Paul REYNAUD, \u00c9douard DALADIER, L\u00e9on BLUM, le sous secr\u00e9taire d\u2019\u00c9tat au Minist\u00e8re de la Guerre, En quoi auraient-ils fait le poids sans les U.S.A.<\/strong><\/em><\/span><\/span><\/p>\n<p align=\"CENTER\">\n<p align=\"JUSTIFY\">\n<p align=\"JUSTIFY\"><span style=\"font-size: large;\">N\u2019\u00e9tait-ce pas d\u00e9j\u00e0 vouloir chasser la m\u00e8re poule de ses poussins devenus d\u00e8s-lors des Victimes Expiatoires, les poussins tout autant que la poule.<\/span><\/p>\n<p align=\"JUSTIFY\">\n<p align=\"JUSTIFY\"><span style=\"font-size: large;\">Que serait-il advenu du Peuple de France ainsi abandonn\u00e9 aux mar\u00e9es et aux vents, par son Gouvernement, pour l\u2019improvisation de quelle riposte.<\/span><\/p>\n<p align=\"JUSTIFY\">\n<p align=\"JUSTIFY\"><span style=\"font-size: large;\">La France serait-elle encore la France si P\u00c9TAIN n\u2019avait tenu comme il le fit \u00e0 Verdun puis enfin en Dix-huit, mettant fin \u00e0 la Guerre dite \u00ab\u00a0la Grande\u00a0\u00bb.<\/span><\/p>\n<p align=\"JUSTIFY\">\n<p align=\"JUSTIFY\">\n<ul>\n<li>\n<p align=\"JUSTIFY\"><span style=\"font-family: Calibri, sans-serif;\"><span style=\"font-size: large;\"><em><strong>Nous dira-t-on deux mots de ces t\u00e9moins \u00e0 charge que furent les REYNAUD, DALADIER, LEBRUN, BLUM et Consorts<\/strong><\/em><\/span><\/span><span style=\"font-size: large;\">.<\/span><\/p>\n<\/li>\n<\/ul>\n<p align=\"JUSTIFY\">\n<p align=\"JUSTIFY\"><span style=\"font-size: large;\">Dans leurs Coups de Gueule, ils n\u2019ont pas leur pareil, pas plus qu\u2019ils n\u2019en ont eu dans leur D\u00e9robade quand la France comptait le plus sur eux.<\/span><\/p>\n<p align=\"JUSTIFY\">\n<p align=\"JUSTIFY\">\n<ul>\n<li>\n<p align=\"JUSTIFY\"><span style=\"font-family: Calibri, sans-serif;\"><span style=\"font-size: large;\"><em><strong>Nous dira-t-on sur qui P\u00c9TAIN pouvait compter pour Gouverner, les T\u00e9nors Politiques dans ce drame, ayant fui comme des Lapins de Garenne la France de Vichy o\u00f9 leur pr\u00e9sence s\u2019imposait<\/strong><\/em><\/span><\/span><span style=\"font-size: large;\">. <\/span><\/p>\n<\/li>\n<\/ul>\n<p align=\"JUSTIFY\">\n<p style=\"text-align: center;\" align=\"JUSTIFY\">\n<p align=\"CENTER\"><img loading=\"lazy\" decoding=\"async\" class=\"alignnone size-medium wp-image-11847\" title=\"F5 SACHONS ENTENDRE CE QUE DISENT LES IMAGES  L IMAGE EST UN MEDIUM   POUR UNE BONNE CONFESSION\" src=\"http:\/\/www.lecarrefourdesopinions.ca\/wp-content\/uploads\/2015\/11\/F5-SACHONS-ENTENDRE-CE-QUE-DISENT-LES-IMAGES-L-IMAGE-EST-UN-MEDIUM-POUR-UNE-BONNE-CONFESSION-300x190.jpg\" alt=\"\" width=\"300\" height=\"190\" srcset=\"http:\/\/www.lecarrefourdesopinions.ca\/wp-content\/uploads\/2015\/11\/F5-SACHONS-ENTENDRE-CE-QUE-DISENT-LES-IMAGES-L-IMAGE-EST-UN-MEDIUM-POUR-UNE-BONNE-CONFESSION-300x190.jpg 300w, http:\/\/www.lecarrefourdesopinions.ca\/wp-content\/uploads\/2015\/11\/F5-SACHONS-ENTENDRE-CE-QUE-DISENT-LES-IMAGES-L-IMAGE-EST-UN-MEDIUM-POUR-UNE-BONNE-CONFESSION-400x253.jpg 400w, http:\/\/www.lecarrefourdesopinions.ca\/wp-content\/uploads\/2015\/11\/F5-SACHONS-ENTENDRE-CE-QUE-DISENT-LES-IMAGES-L-IMAGE-EST-UN-MEDIUM-POUR-UNE-BONNE-CONFESSION.jpg 969w\" sizes=\"auto, (max-width: 300px) 100vw, 300px\" \/><\/p>\n<p align=\"CENTER\">\n<p align=\"JUSTIFY\"><span style=\"font-size: large;\"><strong>F5\u00a0: <\/strong><\/span><span style=\"color: #c00000;\"><span style=\"font-size: large;\"><em><strong>Sachons entendre ce que disent les images, l\u2019image est un Medium\u00a0!.. pour une bonne Confession.<\/strong><\/em><\/span><\/span><\/p>\n<p align=\"CENTER\">\n<p align=\"CENTER\">\n<p align=\"JUSTIFY\"><span style=\"font-family: 'Comic Sans MS', cursive;\"><span style=\"font-size: large;\">R\u00e9fl\u00e9chissons donc sainement au Cas P\u00c9TAIN et sans nul doute nous serons Unanimes pour r\u00e9clamer sa R\u00e9habilitation par ce Cri\u00a0:<\/span><\/span><\/p>\n<p align=\"JUSTIFY\">\n<p align=\"CENTER\"><span style=\"font-family: 'Comic Sans MS', cursive;\"><span style=\"font-size: large;\">\u00ab\u00a0<\/span><\/span><span style=\"font-family: 'Comic Sans MS', cursive;\"><span style=\"font-size: large;\"><em><strong>Mar\u00e9chal Philippe P\u00c9TAIN, Nous Voil\u00e0<\/strong><\/em><\/span><\/span><span style=\"font-family: 'Comic Sans MS', cursive;\"><span style=\"font-size: large;\">\u00a0\u00bb.<\/span><\/span><\/p>\n<p align=\"CENTER\"><span style=\"font-family: 'Comic Sans MS', cursive;\"><span style=\"font-size: large;\">\u00ab\u00a0<\/span><\/span><span style=\"font-family: Arial, sans-serif;\"><span style=\"font-size: large;\"><em><strong>Marshall Philippe P\u00c9TAIN, He we are<\/strong><\/em><\/span><\/span><span style=\"font-size: large;\">\u00a0\u00bb.<\/span><\/p>\n<p align=\"CENTER\">\n<p align=\"CENTER\"><span style=\"font-size: large;\"><strong>*** *** ***<\/strong><\/span><\/p>\n<p align=\"JUSTIFY\">\n<p align=\"CENTER\"><span style=\"color: #ff0000;\"><span><strong>Ne Peut \u00eatre reproduit &#8211; m\u00eame partiellement &#8211; sans l\u2019autorisation de l\u2019Auteur.<\/strong><\/span><\/span><\/p>\n<p align=\"CENTER\">\n<p align=\"CENTER\"><span style=\"font-size: large;\">*** *** ***<\/span><\/p>\n<p><span style=\"color: #ff0000;\"><span style=\"font-size: large;\"><strong>Nota : <\/strong><\/span><\/span><span style=\"color: #000000;\"><span style=\"font-size: large;\">Nous ne traitons que de Faits et de Noms rendus Publics.<\/span><\/span><\/p>\n<p align=\"CENTER\">\n<p align=\"CENTER\"><span style=\"color: #000000;\"><span style=\"font-size: large;\">*** *** ***<\/span><\/span><\/p>\n<p align=\"JUSTIFY\"><span style=\"font-size: large;\"><strong>N.B.:<\/strong><\/span><span style=\"font-size: large;\"> &#8211; <\/span><span style=\"color: #c00000;\"><span style=\"font-family: 'Comic Sans MS', cursive;\"><span style=\"font-size: large;\">Nous Recommandons instamment et syst\u00e9matiquement l\u2019ouverture de la (ou des) pi\u00e8ce(s) jointe(s) \u00e0 l\u2019e-mail, sous format Pdf, <\/span><\/span><\/span><span style=\"color: #c00000;\"><span style=\"font-family: 'Comic Sans MS', cursive;\"><span style=\"font-size: large;\"><span style=\"text-decoration: underline;\">les illustrations y sont incluses<\/span><\/span><\/span><\/span><span style=\"color: #c00000;\"><span style=\"font-family: 'Comic Sans MS', cursive;\"><span style=\"font-size: large;\">.<\/span><\/span><\/span><\/p>\n<p align=\"JUSTIFY\">\n<p align=\"CENTER\"><span style=\"font-size: large;\"><strong>*** *** ***<\/strong><\/span><\/p>\n<p align=\"CENTER\"><span style=\"color: #ff0000;\"><span><strong>Ne Peut \u00eatre reproduit &#8211; m\u00eame partiellement &#8211; sans l\u2019autorisation de l\u2019Auteur.<\/strong><\/span><\/span><\/p>\n<p align=\"JUSTIFY\"><span style=\"text-decoration: underline;\"><strong>Liens Sugg\u00e9r\u00e9s\u00a0:<\/strong><\/span><\/p>\n<ul>\n<li>\n<p align=\"JUSTIFY\"><span style=\"color: #0000ff;\"><span style=\"text-decoration: underline;\"><a href=\"http:\/\/www.lescrutateur.com\/\">http:\/\/www.lescrutateur.com\/<\/a><\/span><\/span><\/p>\n<\/li>\n<li>\n<p align=\"JUSTIFY\"><span style=\"color: #0000ff;\"><span style=\"text-decoration: underline;\"><a href=\"http:\/\/www.etatsgenerauxdeloutremer.fr\/reflexions\">http:\/\/www.etatsgenerauxdeloutremer.fr\/reflexions<\/a><\/span><\/span><\/p>\n<\/li>\n<\/ul>\n<p align=\"CENTER\">\n<p align=\"CENTER\"><strong>==================================================================<\/strong><\/p>\n<script type=\"text\/javascript\">\n\nvar addthis_config = {\"data_track_clickback\":false,\"data_track_addressbar\":false,\"data_track_textcopy\":false};\n<\/script><script type=\"text\/javascript\" src=\"\/\/s7.addthis.com\/js\/250\/addthis_widget.js#pubid=a457a6d63fb9e6ccabdde4110343bd85\"><\/script>","protected":false},"excerpt":{"rendered":"<p align=\"JUSTIFY\"><span style=\"color: #c00000;\"><span style=\"font-family: 'Comic Sans MS', cursive;\"><span>\u00ab\u00a0<\/span><\/span><\/span><span style=\"color: #c00000;\"><span style=\"font-family: Cambria, serif;\"><span>Notre M\u00e9tier n\u2019est pas de faire plaisir, Non plus de faire tort \u00e0 qui que ce soit, Ni pour quoi que ce soit, Il est de porter la plume dans la plaie<\/span><\/span><\/span><span style=\"color: #c00000;\"><span style=\"font-family: Cambria, serif;\"><span>\u00a0\u00bb. (Albert LONDRES).<\/span><\/span><\/span><\/p>\n<p align=\"CENTER\"><span style=\"color: #c00000;\">==========<\/span>&hellip;<\/p>\n","protected":false},"author":1,"featured_media":0,"comment_status":"open","ping_status":"open","sticky":false,"template":"","format":"standard","meta":{"footnotes":""},"categories":[1],"tags":[],"class_list":["post-11841","post","type-post","status-publish","format-standard","hentry","category-accueil"],"_links":{"self":[{"href":"http:\/\/www.lecarrefourdesopinions.ca\/index.php?rest_route=\/wp\/v2\/posts\/11841","targetHints":{"allow":["GET"]}}],"collection":[{"href":"http:\/\/www.lecarrefourdesopinions.ca\/index.php?rest_route=\/wp\/v2\/posts"}],"about":[{"href":"http:\/\/www.lecarrefourdesopinions.ca\/index.php?rest_route=\/wp\/v2\/types\/post"}],"author":[{"embeddable":true,"href":"http:\/\/www.lecarrefourdesopinions.ca\/index.php?rest_route=\/wp\/v2\/users\/1"}],"replies":[{"embeddable":true,"href":"http:\/\/www.lecarrefourdesopinions.ca\/index.php?rest_route=%2Fwp%2Fv2%2Fcomments&post=11841"}],"version-history":[{"count":1,"href":"http:\/\/www.lecarrefourdesopinions.ca\/index.php?rest_route=\/wp\/v2\/posts\/11841\/revisions"}],"predecessor-version":[{"id":11848,"href":"http:\/\/www.lecarrefourdesopinions.ca\/index.php?rest_route=\/wp\/v2\/posts\/11841\/revisions\/11848"}],"wp:attachment":[{"href":"http:\/\/www.lecarrefourdesopinions.ca\/index.php?rest_route=%2Fwp%2Fv2%2Fmedia&parent=11841"}],"wp:term":[{"taxonomy":"category","embeddable":true,"href":"http:\/\/www.lecarrefourdesopinions.ca\/index.php?rest_route=%2Fwp%2Fv2%2Fcategories&post=11841"},{"taxonomy":"post_tag","embeddable":true,"href":"http:\/\/www.lecarrefourdesopinions.ca\/index.php?rest_route=%2Fwp%2Fv2%2Ftags&post=11841"}],"curies":[{"name":"wp","href":"https:\/\/api.w.org\/{rel}","templated":true}]}}