{"id":11824,"date":"2015-11-02T14:34:30","date_gmt":"2015-11-02T19:34:30","guid":{"rendered":"http:\/\/www.lecarrefourdesopinions.ca\/?p=11824"},"modified":"2015-11-02T14:34:30","modified_gmt":"2015-11-02T19:34:30","slug":"mardi-24-novembre-a-18-h","status":"publish","type":"post","link":"http:\/\/www.lecarrefourdesopinions.ca\/?p=11824","title":{"rendered":"Mardi 24 novembre \u00e0 18 h"},"content":{"rendered":"<p style=\"text-align: center;\"><span style=\"font-family: 'Berlin Sans FB Demi', sans-serif;\"><span style=\"font-size: large;\">Pr\u00e9-lancement de mon premier roman <\/span><\/span><\/p>\n<p style=\"text-align: center;\"><span style=\"font-family: 'Berlin Sans FB Demi', sans-serif;\"><span style=\"font-size: large;\">Jacques Saada<\/span><\/span><\/p>\n<p style=\"text-align: center;\"><span style=\"font-family: 'Berlin Sans FB Demi', sans-serif;\"><span style=\"font-size: large;\">Mardi 24 novembre \u00e0 18 h<\/span><\/span><\/p>\n<p><strong><span style=\"font-family: 'Berlin Sans FB', sans-serif;\">Je serais tr\u00e8s heureux que vous soyez \u00e0 mes c\u00f4t\u00e9s \u00e0 cette occasion.<\/span><\/strong><\/p>\n<p><strong><span style=\"font-family: 'Berlin Sans FB', sans-serif;\">Biblioth\u00e8que de Brossard (7855, avenue San Francisco, Brossard) <\/span><\/strong><\/p>\n<p><img loading=\"lazy\" decoding=\"async\" class=\"alignnone size-full wp-image-11826\" title=\"Jacques Saada 2\" src=\"http:\/\/www.lecarrefourdesopinions.ca\/wp-content\/uploads\/2015\/11\/Jacques-Saada-2.jpg\" alt=\"\" width=\"577\" height=\"769\" srcset=\"http:\/\/www.lecarrefourdesopinions.ca\/wp-content\/uploads\/2015\/11\/Jacques-Saada-2.jpg 577w, http:\/\/www.lecarrefourdesopinions.ca\/wp-content\/uploads\/2015\/11\/Jacques-Saada-2-225x300.jpg 225w, http:\/\/www.lecarrefourdesopinions.ca\/wp-content\/uploads\/2015\/11\/Jacques-Saada-2-400x533.jpg 400w\" sizes=\"auto, (max-width: 577px) 100vw, 577px\" \/><\/p>\n<p>\u00a0<img loading=\"lazy\" decoding=\"async\" class=\"alignnone size-full wp-image-11825\" title=\"Jacques Saada\" src=\"http:\/\/www.lecarrefourdesopinions.ca\/wp-content\/uploads\/2015\/11\/Jacques-Saada.jpg\" alt=\"\" width=\"576\" height=\"847\" srcset=\"http:\/\/www.lecarrefourdesopinions.ca\/wp-content\/uploads\/2015\/11\/Jacques-Saada.jpg 576w, http:\/\/www.lecarrefourdesopinions.ca\/wp-content\/uploads\/2015\/11\/Jacques-Saada-204x300.jpg 204w, http:\/\/www.lecarrefourdesopinions.ca\/wp-content\/uploads\/2015\/11\/Jacques-Saada-400x588.jpg 400w\" sizes=\"auto, (max-width: 576px) 100vw, 576px\" \/><\/p>\n<script type=\"text\/javascript\">\n\nvar addthis_config = {\"data_track_clickback\":false,\"data_track_addressbar\":false,\"data_track_textcopy\":false};\n<\/script><script type=\"text\/javascript\" src=\"\/\/s7.addthis.com\/js\/250\/addthis_widget.js#pubid=a457a6d63fb9e6ccabdde4110343bd85\"><\/script>","protected":false},"excerpt":{"rendered":"<p style=\"text-align: center;\"><span style=\"font-family: 'Berlin Sans FB Demi', sans-serif;\"><span style=\"font-size: large;\">Pr\u00e9-lancement de mon premier roman <\/span><\/span><\/p>\n<p style=\"text-align: center;\"><span style=\"font-family: 'Berlin Sans FB Demi', sans-serif;\"><span style=\"font-size: large;\">Jacques Saada<\/span><\/span><\/p>\n<p style=\"text-align: center;\"><span style=\"font-family: 'Berlin Sans FB Demi', sans-serif;\"><span style=\"font-size: large;\">Mardi 24 novembre \u00e0 18 h<\/span><\/span><\/p>\n<p><span style=\"font-family: 'Berlin Sans FB', sans-serif;\">Je serais tr\u00e8s heureux que vous soyez \u00e0 mes c\u00f4t\u00e9s \u00e0 cette occasion.<\/span><\/p>\n<p><span style=\"font-family: 'Berlin Sans FB', sans-serif;\">Biblioth\u00e8que de Brossard (7855, avenue San Francisco, Brossard) <\/span><\/p>\n<\/p>\n<p>\u00a0&hellip;<\/p>\n","protected":false},"author":1,"featured_media":0,"comment_status":"open","ping_status":"open","sticky":false,"template":"","format":"standard","meta":{"footnotes":""},"categories":[1],"tags":[],"class_list":["post-11824","post","type-post","status-publish","format-standard","hentry","category-accueil"],"_links":{"self":[{"href":"http:\/\/www.lecarrefourdesopinions.ca\/index.php?rest_route=\/wp\/v2\/posts\/11824","targetHints":{"allow":["GET"]}}],"collection":[{"href":"http:\/\/www.lecarrefourdesopinions.ca\/index.php?rest_route=\/wp\/v2\/posts"}],"about":[{"href":"http:\/\/www.lecarrefourdesopinions.ca\/index.php?rest_route=\/wp\/v2\/types\/post"}],"author":[{"embeddable":true,"href":"http:\/\/www.lecarrefourdesopinions.ca\/index.php?rest_route=\/wp\/v2\/users\/1"}],"replies":[{"embeddable":true,"href":"http:\/\/www.lecarrefourdesopinions.ca\/index.php?rest_route=%2Fwp%2Fv2%2Fcomments&post=11824"}],"version-history":[{"count":3,"href":"http:\/\/www.lecarrefourdesopinions.ca\/index.php?rest_route=\/wp\/v2\/posts\/11824\/revisions"}],"predecessor-version":[{"id":11829,"href":"http:\/\/www.lecarrefourdesopinions.ca\/index.php?rest_route=\/wp\/v2\/posts\/11824\/revisions\/11829"}],"wp:attachment":[{"href":"http:\/\/www.lecarrefourdesopinions.ca\/index.php?rest_route=%2Fwp%2Fv2%2Fmedia&parent=11824"}],"wp:term":[{"taxonomy":"category","embeddable":true,"href":"http:\/\/www.lecarrefourdesopinions.ca\/index.php?rest_route=%2Fwp%2Fv2%2Fcategories&post=11824"},{"taxonomy":"post_tag","embeddable":true,"href":"http:\/\/www.lecarrefourdesopinions.ca\/index.php?rest_route=%2Fwp%2Fv2%2Ftags&post=11824"}],"curies":[{"name":"wp","href":"https:\/\/api.w.org\/{rel}","templated":true}]}}