{"id":11814,"date":"2015-11-02T11:16:39","date_gmt":"2015-11-02T16:16:39","guid":{"rendered":"http:\/\/www.lecarrefourdesopinions.ca\/?p=11814"},"modified":"2015-11-02T11:16:39","modified_gmt":"2015-11-02T16:16:39","slug":"notre-accueil-oui-a-nos-victimes-dabord","status":"publish","type":"post","link":"http:\/\/www.lecarrefourdesopinions.ca\/?p=11814","title":{"rendered":"Notre Accueil OUI ! A nos Victimes d\u2019Abord."},"content":{"rendered":"<p align=\"CENTER\">\n<p style=\"text-align: center;\" align=\"JUSTIFY\"><span style=\"color: #632423;\"><span style=\"font-family: 'Comic Sans MS', cursive;\"><span style=\"font-size: large;\"><em><strong>Notre Accueil OUI\u00a0! A nos Victimes d\u2019Abord.<\/strong><\/em><\/span><\/span><\/span><\/p>\n<p align=\"JUSTIFY\">\n<p align=\"JUSTIFY\">\n<p align=\"JUSTIFY\"><span style=\"color: #632423;\"><span style=\"font-family: 'Comic Sans MS', cursive;\"><span style=\"font-size: large;\">\u00ab\u00a0Notre Famille nous a transmis le souvenir d\u2019une \u00cele Corallienne qu\u2019ils fr\u00e9quentaient par agr\u00e9ment.<\/span><\/span><\/span><\/p>\n<p align=\"JUSTIFY\">\n<p align=\"JUSTIFY\"><span style=\"color: #632423;\"><span style=\"font-family: 'Comic Sans MS', cursive;\"><span style=\"font-size: large;\">Cette \u00cele depuis quelques d\u00e9cades a rejoint l\u2019Atlantide.<\/span><\/span><\/span><\/p>\n<p align=\"JUSTIFY\">\n<p align=\"JUSTIFY\"><span style=\"color: #632423;\"><span style=\"font-family: 'Comic Sans MS', cursive;\"><span style=\"font-size: large;\">N\u2019\u00e9tait-ce pas les pr\u00e9mices de l\u2019invasion par les flots pour cause de r\u00e9chauffement de la Terre dont sont victimes aujourd\u2019hui les \u00celes Coralliennes du Pacifique\u00a0\u00bb. <\/span><\/span><\/span><\/p>\n<p align=\"JUSTIFY\">\u00a0<img loading=\"lazy\" decoding=\"async\" class=\"alignnone size-thumbnail wp-image-10800\" title=\"Eric\" src=\"http:\/\/www.lecarrefourdesopinions.ca\/wp-content\/uploads\/2014\/06\/Eric1-134x107.jpg\" alt=\"\" width=\"134\" height=\"107\" \/><\/p>\n<p align=\"JUSTIFY\"><span style=\"color: #800000;\"><span style=\"font-family: 'Comic Sans MS', cursive;\"><span style=\"font-size: large;\">\u00c9ric E.G. NOGARD<\/span><\/span><\/span><\/p>\n<p align=\"JUSTIFY\"><span style=\"font-size: large;\"><em>Chroniqueur<\/em><\/span><span style=\"font-size: large;\">.<\/span><\/p>\n<p align=\"CENTER\"><span style=\"font-size: large;\">*** *** ***<\/span><\/p>\n<p align=\"JUSTIFY\">\n<p align=\"JUSTIFY\"><span style=\"font-size: x-large;\"><em><strong>NOTRE ACCUEIL OUI\u00a0! A NOS VICTIMES D\u2019ABORD.<\/strong><\/em><\/span><\/p>\n<p align=\"JUSTIFY\">\n<p align=\"JUSTIFY\">\u00a0 \u00a0 \u00a0 \u00a0 \u00a0 \u00a0 \u00a0 \u00a0 \u00a0 \u00a0 \u00a0 \u00a0 \u00a0 \u00a0 \u00a0 \u00a0 \u00a0 \u00a0 \u00a0 \u00a0 \u00a0 \u00a0 \u00a0 \u00a0 \u00a0 \u00a0\u00a0<img loading=\"lazy\" decoding=\"async\" class=\"alignnone size-medium wp-image-11815\" title=\"F1 Voici la Martinique dans les Micro Antilles\" src=\"http:\/\/www.lecarrefourdesopinions.ca\/wp-content\/uploads\/2015\/10\/F1-Voici-la-Martinique-dans-les-Micro-Antilles-300x219.jpg\" alt=\"\" width=\"300\" height=\"219\" srcset=\"http:\/\/www.lecarrefourdesopinions.ca\/wp-content\/uploads\/2015\/10\/F1-Voici-la-Martinique-dans-les-Micro-Antilles-300x219.jpg 300w, http:\/\/www.lecarrefourdesopinions.ca\/wp-content\/uploads\/2015\/10\/F1-Voici-la-Martinique-dans-les-Micro-Antilles-400x292.jpg 400w, http:\/\/www.lecarrefourdesopinions.ca\/wp-content\/uploads\/2015\/10\/F1-Voici-la-Martinique-dans-les-Micro-Antilles.jpg 800w\" sizes=\"auto, (max-width: 300px) 100vw, 300px\" \/><\/p>\n<p align=\"CENTER\"><span style=\"font-size: large;\"><strong>F1\u00a0: <\/strong><\/span><span style=\"color: #c00000;\"><span style=\"font-size: large;\"><em><strong>Voici la Martinique dans les Micro-Antilles.<\/strong><\/em><\/span><\/span><\/p>\n<p align=\"JUSTIFY\">\n<p align=\"JUSTIFY\">\n<p align=\"JUSTIFY\"><span style=\"font-family: 'Comic Sans MS', cursive;\"><span style=\"font-size: large;\">On l\u2019aura bien compris, les r\u00e9serves exprim\u00e9es \u00e0 travers nos pr\u00e9c\u00e9dantes chroniques sur l\u2019accueil des migrants avaient valeur de r\u00e9serve comme de mise en garde.<\/span><\/span><\/p>\n<p align=\"JUSTIFY\">\n<p align=\"JUSTIFY\"><span style=\"font-family: 'Comic Sans MS', cursive;\"><span style=\"font-size: large;\">R\u00e9serve et mise en garde dont l\u2019Europe, \u00e0 ce qu\u2019il semble, commence \u00e0 prendre en compte le bien fond\u00e9.<\/span><\/span><\/p>\n<p align=\"JUSTIFY\">\n<p align=\"JUSTIFY\"><span style=\"font-family: 'Comic Sans MS', cursive;\"><span style=\"font-size: large;\">Nous en sommes heureux \u00e9tant de ceux qui pensent qu\u2019il vaut mieux tard que jamais<\/span><\/span><span style=\"font-size: large;\">.<\/span><\/p>\n<p align=\"JUSTIFY\">\n<p align=\"JUSTIFY\">\n<p align=\"JUSTIFY\"><span style=\"font-size: large;\">Reste \u00e0 consid\u00e9rer le cas des donneurs de le\u00e7on de g\u00e9n\u00e9rosit\u00e9 de c\u0153ur (ils sont l\u00e9gion) qui jamais n\u2019ont ouvert ni leur c\u0153ur ni leurs bras et surtout pas leur porte ni \u00e0 chat, ni \u00e0 rat, surtout pas \u00e0 leur prochain en situation de besoin.<\/span><\/p>\n<p align=\"JUSTIFY\">\n<p align=\"JUSTIFY\"><span style=\"font-size: large;\">Si l\u2019esprit de solidarit\u00e9 dans le malheur occupait si peu que ce soit leur pens\u00e9e, comment donc se fait-il qu\u2019\u00e0 ce jour ils n\u2019ont jamais pens\u00e9 \u00e0 leurs propres victimes.<\/span><\/p>\n<p align=\"JUSTIFY\">\n<p align=\"JUSTIFY\">\n<p align=\"JUSTIFY\"><span style=\"font-size: large;\">N\u2019est-ce pas \u00e0 ce propos qu\u2019un recours \u00e0 Salomon nous serait, non pas d\u2019un secours ordinaire, mais d\u2019un secours d\u2019urgence\u2026 d\u2019une <\/span><span style=\"font-family: Arial, sans-serif;\"><span style=\"font-size: large;\"><em>Emergency we can say<\/em><\/span><\/span><span style=\"font-size: large;\">.<\/span><\/p>\n<p align=\"JUSTIFY\">\n<p align=\"JUSTIFY\"><span style=\"font-size: large;\">N\u2019est-ce pas l\u2019Europe le premier, si elle n\u2019est le plus grand producteur de Gaz \u00e0 effet de Serre.<\/span><\/p>\n<p align=\"JUSTIFY\">\n<p align=\"JUSTIFY\">\n<p align=\"JUSTIFY\"><span style=\"font-size: large;\"><em><strong>A cet \u00e9gard, en provoquant l\u2019\u00e9l\u00e9vation de la temp\u00e9rature de la Terre, avec pour Corollaires la disparition des banquises et la mont\u00e9e des eaux, ne sommes-nous pas coupables des torts faits aux \u00celes Coralliennes et aux Populations de la Micron\u00e9sie<\/strong><\/em><\/span><span style=\"font-size: large;\">.<\/span><\/p>\n<p align=\"JUSTIFY\">\n<p align=\"CENTER\"><img loading=\"lazy\" decoding=\"async\" class=\"alignnone size-medium wp-image-11816\" title=\"F2 Carte fran\u00e7aise des Mosqu\u00e9es et ecoles coraniques\" src=\"http:\/\/www.lecarrefourdesopinions.ca\/wp-content\/uploads\/2015\/10\/F2-Carte-fran\u00e7aise-des-Mosqu\u00e9es-et-ecoles-coraniques-193x300.jpg\" alt=\"\" width=\"193\" height=\"300\" srcset=\"http:\/\/www.lecarrefourdesopinions.ca\/wp-content\/uploads\/2015\/10\/F2-Carte-fran\u00e7aise-des-Mosqu\u00e9es-et-ecoles-coraniques-193x300.jpg 193w, http:\/\/www.lecarrefourdesopinions.ca\/wp-content\/uploads\/2015\/10\/F2-Carte-fran\u00e7aise-des-Mosqu\u00e9es-et-ecoles-coraniques-661x1024.jpg 661w, http:\/\/www.lecarrefourdesopinions.ca\/wp-content\/uploads\/2015\/10\/F2-Carte-fran\u00e7aise-des-Mosqu\u00e9es-et-ecoles-coraniques-400x619.jpg 400w, http:\/\/www.lecarrefourdesopinions.ca\/wp-content\/uploads\/2015\/10\/F2-Carte-fran\u00e7aise-des-Mosqu\u00e9es-et-ecoles-coraniques.jpg 1236w\" sizes=\"auto, (max-width: 193px) 100vw, 193px\" \/><\/p>\n<p align=\"CENTER\"><span style=\"font-size: large;\"><strong>F2\u00a0: <\/strong><\/span><span style=\"color: #c00000;\"><span style=\"font-size: large;\"><em><strong>Les Francophones autant que possible.<\/strong><\/em><\/span><\/span><\/p>\n<p align=\"JUSTIFY\">\n<p align=\"JUSTIFY\">\n<p align=\"JUSTIFY\"><span style=\"font-size: large;\"><strong>Que faisons-nous pour eux, dans leur condamnation \u00e0 dispara\u00eetre sous des flots que font monter nos Industries de plus en plus n\u00e9fastes \u00e0 la Terre comme \u00e0 ses esp\u00e8ces vivantes<\/strong><\/span><span style=\"font-size: large;\">.<\/span><\/p>\n<p align=\"JUSTIFY\">\n<p align=\"JUSTIFY\"><span style=\"font-size: large;\">Nous n\u2019y pensons m\u00eame pas, soucieux que nous sommes de trier les migrants en faisant d\u2019eux des r\u00e9fugi\u00e9s de guerre ou des mendiants, de bons ou de mauvais demandeurs d\u2019asile.<\/span><\/p>\n<p align=\"JUSTIFY\">\u00a0 \u00a0 \u00a0 \u00a0 \u00a0 \u00a0 \u00a0 \u00a0 \u00a0 \u00a0 \u00a0 \u00a0 \u00a0 \u00a0 \u00a0 \u00a0 \u00a0 \u00a0 \u00a0 \u00a0 \u00a0 \u00a0 \u00a0 \u00a0 \u00a0 \u00a0 \u00a0 \u00a0 \u00a0 \u00a0 \u00a0 \u00a0 \u00a0 \u00a0 \u00a0 \u00a0 \u00a0 \u00a0 \u00a0 \u00a0 \u00a0 \u00a0 \u00a0 \u00a0 \u00a0 \u00a0 \u00a0 \u00a0\u00a0<img loading=\"lazy\" decoding=\"async\" class=\"alignnone size-medium wp-image-11817\" title=\"F3 Nous sommes \u00e0 Fort-de-France\" src=\"http:\/\/www.lecarrefourdesopinions.ca\/wp-content\/uploads\/2015\/10\/F3-Nous-sommes-\u00e0-Fort-de-France-300x222.png\" alt=\"\" width=\"300\" height=\"222\" srcset=\"http:\/\/www.lecarrefourdesopinions.ca\/wp-content\/uploads\/2015\/10\/F3-Nous-sommes-\u00e0-Fort-de-France-300x222.png 300w, http:\/\/www.lecarrefourdesopinions.ca\/wp-content\/uploads\/2015\/10\/F3-Nous-sommes-\u00e0-Fort-de-France-1024x760.png 1024w, http:\/\/www.lecarrefourdesopinions.ca\/wp-content\/uploads\/2015\/10\/F3-Nous-sommes-\u00e0-Fort-de-France-400x296.png 400w, http:\/\/www.lecarrefourdesopinions.ca\/wp-content\/uploads\/2015\/10\/F3-Nous-sommes-\u00e0-Fort-de-France.png 1250w\" sizes=\"auto, (max-width: 300px) 100vw, 300px\" \/><\/p>\n<p align=\"CENTER\"><span style=\"font-size: large;\"><strong>\u00a0 \u00a0 \u00a0 \u00a0 \u00a0 \u00a0 \u00a0 \u00a0 \u00a0F3\u00a0: <\/strong><\/span><span style=\"color: #c00000;\"><span style=\"font-size: large;\"><em><strong>Nous sommes \u00e0 Fort-de-France.<\/strong><\/em><\/span><\/span><\/p>\n<p align=\"JUSTIFY\">\n<p align=\"JUSTIFY\"><span style=\"font-size: large;\"><strong>Que faisons-nous pour eux, en notre \u00e2me et conscience.<\/strong><\/span><\/p>\n<p align=\"JUSTIFY\">\n<p align=\"JUSTIFY\"><span style=\"font-size: large;\">En tout cas, nous sommes pr\u00eats, au \u00ab\u00a0Cri d\u2019Alarme\u00a0\u00bb qu\u2019est devenu \u00ab\u00a0Martinique Province Fran\u00e7aise d\u2019Am\u00e9rique, amie du Canada\u00a0\u00bb, sous r\u00e9serve de ce qu\u2019en d\u00e9cideront les Autorit\u00e9s Concern\u00e9es<\/span><\/p>\n<p align=\"JUSTIFY\">\n<p align=\"JUSTIFY\"><span style=\"font-size: large;\">Nous sommes pr\u00eat \u00e0 accueillir, Quatre Couples de Sinistr\u00e9s Micro-Indon\u00e9siens, quatre couples de jeunes de seize \u00e0 vingt deux ans, quatre couples ayant chacun un enfant.<\/span><\/p>\n<p align=\"JUSTIFY\">\n<p align=\"JUSTIFY\">\n<p align=\"JUSTIFY\"><span style=\"font-size: large;\"><strong>Nous nous engageons d\u2019ores et d\u00e9j\u00e0 \u00e0 prendre en compte\u00a0:<\/strong><\/span><\/p>\n<p align=\"JUSTIFY\">\n<ul>\n<li>\n<p align=\"JUSTIFY\"><span style=\"font-size: large;\">Leur accueil \u00e0 l\u2019a\u00e9roport de la Martinique\u00a0;<\/span><\/p>\n<\/li>\n<\/ul>\n<p align=\"JUSTIFY\">\n<ul>\n<li>\n<p align=\"JUSTIFY\"><span style=\"font-size: large;\">Leur h\u00e9bergement sous une tente par couple\u00a0;<\/span><\/p>\n<\/li>\n<\/ul>\n<p>&nbsp;<\/p>\n<ul>\n<li>\n<p align=\"JUSTIFY\"><span style=\"font-size: large;\">Leur nourriture pendant trente jours\u00a0;<\/span><\/p>\n<\/li>\n<\/ul>\n<p>&nbsp;<\/p>\n<ul>\n<li>\n<p align=\"JUSTIFY\"><span style=\"font-size: large;\">La jouissance voire la propri\u00e9t\u00e9 d\u2019une parcelle de terre pour l\u2019implantation de leur demeure et la production de cultures vivri\u00e8res de leur choix.<\/span><\/p>\n<\/li>\n<\/ul>\n<p>&nbsp;<\/p>\n<p align=\"JUSTIFY\">\n<p align=\"JUSTIFY\"><span style=\"font-family: 'Comic Sans MS', cursive;\"><span style=\"font-size: large;\">Ainsi, (croyons-nous) nous aurons fait de notre mieux envers des Victimes que nous prendrons pour les n\u00f4tres, sans qu\u2019elles puissent nous r\u00e9clamer quoi que ce soit d\u2019autre, par quelque voie que ce soit ni par la voix de qui que ce soit, \u00e0 tout jamais.<\/span><\/span><\/p>\n<p align=\"JUSTIFY\">\n<p align=\"JUSTIFY\"><span style=\"font-family: 'Comic Sans MS', cursive;\"><span style=\"font-size: large;\">Notre Accueil OUI, \u00e0 d\u2019Innocentes Victimes en Priorit\u00e9<\/span><\/span><span style=\"font-size: large;\">.<\/span><\/p>\n<p align=\"JUSTIFY\">\n<p align=\"JUSTIFY\"><span style=\"font-size: large;\">\u00c9ric E.G. NOGARD<\/span><\/p>\n<p align=\"JUSTIFY\"><span style=\"color: #c00000;\"><span style=\"font-size: large;\"><em>Chroniqueur<\/em><\/span><\/span><span style=\"color: #c00000;\"><span style=\"font-size: large;\">.<\/span><\/span><\/p>\n<p align=\"CENTER\">\u00a0<strong style=\"font-size: large;\">*** *** ***<\/strong><\/p>\n<p align=\"CENTER\"><span style=\"color: #ff0000;\"><span><strong>Ne Peut \u00eatre reproduit &#8211; m\u00eame partiellement &#8211; sans l\u2019autorisation de l\u2019Auteur.<\/strong><\/span><\/span><\/p>\n<p align=\"CENTER\">\u00a0<span style=\"font-size: large;\">*** *** ***<\/span><\/p>\n<p><span style=\"color: #ff0000;\"><span style=\"font-size: large;\"><strong>Nota : <\/strong><\/span><\/span><span style=\"color: #000000;\"><span style=\"font-size: large;\">Nous ne traitons que de Faits et de Noms rendus Publics.<\/span><\/span><\/p>\n<p align=\"CENTER\"><span style=\"color: #000000;\"><span style=\"font-size: large;\">*** *** ***<\/span><\/span><\/p>\n<p align=\"JUSTIFY\"><span style=\"font-size: large;\"><strong>N.B.:<\/strong><\/span><span style=\"font-size: large;\"> &#8211; <\/span><span style=\"color: #c00000;\"><span style=\"font-family: 'Comic Sans MS', cursive;\"><span style=\"font-size: large;\">Nous Recommandons instamment et syst\u00e9matiquement l\u2019ouverture de la (ou des) pi\u00e8ce(s) jointe(s) \u00e0 l\u2019e-mail, sous format Pdf, <\/span><\/span><\/span><span style=\"color: #c00000;\"><span style=\"font-family: 'Comic Sans MS', cursive;\"><span style=\"font-size: large;\"><span style=\"text-decoration: underline;\">les illustrations y sont incluses<\/span><\/span><\/span><\/span><\/p>\n<p align=\"CENTER\"><span style=\"font-size: large;\"><strong>*** *** ***<\/strong><\/span><\/p>\n<p align=\"CENTER\"><span style=\"color: #ff0000;\"><span><strong>Ne Peut \u00eatre reproduit &#8211; m\u00eame partiellement &#8211; sans l\u2019autorisation de l\u2019Auteur.<\/strong><\/span><\/span><\/p>\n<p align=\"JUSTIFY\"><strong>Liens Sugg\u00e9r\u00e9s\u00a0:<\/strong><\/p>\n<ul>\n<li>\n<p align=\"JUSTIFY\"><span style=\"color: #0000ff;\"><span style=\"text-decoration: underline;\"><a href=\"http:\/\/www.lescrutateur.com\/\">http:\/\/www.lescrutateur.com\/<\/a><\/span><\/span><\/p>\n<\/li>\n<li>\n<p align=\"JUSTIFY\"><span style=\"color: #0000ff;\"><span style=\"text-decoration: underline;\"><a href=\"http:\/\/www.etatsgenerauxdeloutremer.fr\/reflexions\">http:\/\/www.etatsgenerauxdeloutremer.fr\/reflexions<\/a><\/span><\/span><\/p>\n<\/li>\n<\/ul>\n<script type=\"text\/javascript\">\n\nvar addthis_config = {\"data_track_clickback\":false,\"data_track_addressbar\":false,\"data_track_textcopy\":false};\n<\/script><script type=\"text\/javascript\" src=\"\/\/s7.addthis.com\/js\/250\/addthis_widget.js#pubid=a457a6d63fb9e6ccabdde4110343bd85\"><\/script>","protected":false},"excerpt":{"rendered":"<p align=\"CENTER\">\n<p style=\"text-align: center;\" align=\"JUSTIFY\"><span style=\"color: #632423;\"><span style=\"font-family: 'Comic Sans MS', cursive;\"><span style=\"font-size: large;\">Notre Accueil OUI\u00a0! A nos Victimes d\u2019Abord.<\/span><\/span><\/span><\/p>\n<p align=\"JUSTIFY\">\n<p align=\"JUSTIFY\">\n<p align=\"JUSTIFY\"><span style=\"color: #632423;\"><span style=\"font-family: 'Comic Sans MS', cursive;\"><span style=\"font-size: large;\">\u00ab\u00a0Notre Famille nous a transmis le souvenir d\u2019une \u00cele Corallienne qu\u2019ils fr\u00e9quentaient par agr\u00e9ment.<\/span><\/span><\/span><\/p>\n<p align=\"JUSTIFY\">\n<p align=\"JUSTIFY\"><span style=\"color: #632423;\"><span style=\"font-family: 'Comic Sans MS', cursive;\"><span style=\"font-size: large;\">Cette \u00cele depuis quelques d\u00e9cades a rejoint l\u2019Atlantide.<\/span><\/span><\/span><\/p>\n<p align=\"JUSTIFY\">\n<p align=\"JUSTIFY\"><span style=\"color: #632423;\"><span style=\"font-family: 'Comic Sans MS', cursive;\"><span style=\"font-size: large;\">N\u2019\u00e9tait-ce pas les pr\u00e9mices de l\u2019invasion <\/span><\/span><\/span>&hellip;<\/p>\n","protected":false},"author":1,"featured_media":0,"comment_status":"open","ping_status":"open","sticky":false,"template":"","format":"standard","meta":{"footnotes":""},"categories":[1],"tags":[],"class_list":["post-11814","post","type-post","status-publish","format-standard","hentry","category-accueil"],"_links":{"self":[{"href":"http:\/\/www.lecarrefourdesopinions.ca\/index.php?rest_route=\/wp\/v2\/posts\/11814","targetHints":{"allow":["GET"]}}],"collection":[{"href":"http:\/\/www.lecarrefourdesopinions.ca\/index.php?rest_route=\/wp\/v2\/posts"}],"about":[{"href":"http:\/\/www.lecarrefourdesopinions.ca\/index.php?rest_route=\/wp\/v2\/types\/post"}],"author":[{"embeddable":true,"href":"http:\/\/www.lecarrefourdesopinions.ca\/index.php?rest_route=\/wp\/v2\/users\/1"}],"replies":[{"embeddable":true,"href":"http:\/\/www.lecarrefourdesopinions.ca\/index.php?rest_route=%2Fwp%2Fv2%2Fcomments&post=11814"}],"version-history":[{"count":4,"href":"http:\/\/www.lecarrefourdesopinions.ca\/index.php?rest_route=\/wp\/v2\/posts\/11814\/revisions"}],"predecessor-version":[{"id":11822,"href":"http:\/\/www.lecarrefourdesopinions.ca\/index.php?rest_route=\/wp\/v2\/posts\/11814\/revisions\/11822"}],"wp:attachment":[{"href":"http:\/\/www.lecarrefourdesopinions.ca\/index.php?rest_route=%2Fwp%2Fv2%2Fmedia&parent=11814"}],"wp:term":[{"taxonomy":"category","embeddable":true,"href":"http:\/\/www.lecarrefourdesopinions.ca\/index.php?rest_route=%2Fwp%2Fv2%2Fcategories&post=11814"},{"taxonomy":"post_tag","embeddable":true,"href":"http:\/\/www.lecarrefourdesopinions.ca\/index.php?rest_route=%2Fwp%2Fv2%2Ftags&post=11814"}],"curies":[{"name":"wp","href":"https:\/\/api.w.org\/{rel}","templated":true}]}}