{"id":11810,"date":"2015-10-27T10:21:47","date_gmt":"2015-10-27T14:21:47","guid":{"rendered":"http:\/\/www.lecarrefourdesopinions.ca\/?p=11810"},"modified":"2015-10-27T10:56:14","modified_gmt":"2015-10-27T14:56:14","slug":"annonce-gala-2015-du-ccq","status":"publish","type":"post","link":"http:\/\/www.lecarrefourdesopinions.ca\/?p=11810","title":{"rendered":"Annonce Gala 2015 du CCQ:"},"content":{"rendered":"<blockquote cite=\"mid:562CBC3F.4090308@videotron.ca\">\n<div>\n<div>\n<div>\n<div>\n<div>\n<div>\n<div>\n<p style=\"text-align: center;\"><strong><big>Annonce Gala 2015 du CCQ:\u00a0<\/big><\/strong><\/p>\n<p style=\"text-align: center;\"><img loading=\"lazy\" decoding=\"async\" class=\"alignnone size-medium wp-image-11812\" title=\"logo\" src=\"http:\/\/www.lecarrefourdesopinions.ca\/wp-content\/uploads\/2015\/10\/logo-300x229.jpg\" alt=\"\" width=\"300\" height=\"229\" srcset=\"http:\/\/www.lecarrefourdesopinions.ca\/wp-content\/uploads\/2015\/10\/logo-300x229.jpg 300w, http:\/\/www.lecarrefourdesopinions.ca\/wp-content\/uploads\/2015\/10\/logo-400x305.jpg 400w, http:\/\/www.lecarrefourdesopinions.ca\/wp-content\/uploads\/2015\/10\/logo.jpg 416w\" sizes=\"auto, (max-width: 300px) 100vw, 300px\" \/><\/p>\n<\/div>\n<\/div>\n<\/div>\n<\/div>\n<\/div>\n<\/div>\n<\/div>\n<\/blockquote>\n<p><strong><big><big>\u00a0\u00a0\u00a0 15e anniversaire du Carrefour des Communaut\u00e9s du Qu\u00e9bec(CCQ)<\/big><\/big><\/strong><\/p>\n<blockquote cite=\"mid:562CBC3F.4090308@videotron.ca\">\n<div>\n<div>\n<div>\n<div>\n<div>\n<div>\n<div><span style=\"color: #3333ff;\"><strong><em><big>Remise des m\u00e9dailles des arts et m\u00e9tiers, Rayonnement du multiculturalisme<\/big><\/em><\/strong><\/span><br \/><strong><span style=\"color: #3333ff;\"><big>\u00a0\u00a0\u00a0 \u00a0\u00a0\u00a0 \u00a0\u00a0\u00a0 \u00a0\u00a0\u00a0 Sentiment d\u2019appartenance et respect de l\u2019autre\u2026<br \/>\u00ab Ce qui fait l\u2019homme, c\u2019est sa grande facult\u00e9 d\u2019adaptation. \u00bb Socrate<\/big><\/span><\/strong><\/p>\n<p>Nous comptons sur votre participation, voici\u00a0 toute l&rsquo;information au Site Web CCQ:<\/p>\n<blockquote cite=\"mid:562CBC3F.4090308@videotron.ca\">\n<div>\n<div>\n<div>\n<div>\n<div>\n<div>\n<div>\n<p><strong><span style=\"color: #3333ff;\"><big><big><a href=\"http:\/\/www.ccqc.ca\/nouvelles-recentes\/\">http:\/\/www.ccqc.ca\/nouvelles-recentes\/<\/a><\/big><\/big><\/span><\/strong><\/p>\n<\/div>\n<\/div>\n<\/div>\n<\/div>\n<\/div>\n<\/div>\n<\/div>\n<\/blockquote>\n<\/div>\n<\/div>\n<\/div>\n<\/div>\n<\/div>\n<\/div>\n<\/div>\n<\/blockquote>\n<p>\u00a0\u00a0 <a href=\"http:\/\/www.ccqc.ca\/ccq_wp-cont\/uploads\/2015\/10\/Circulaire2015.pdf\">\u00a0\u00a0\u00a0\u00a0 \u00a0 T\u00e9l\u00e9charger la circulaire<\/a><span style=\"color: #3333ff;\"><strong>\u00a0\u00a0\u00a0 \u00a0\u00a0 <br \/>\u00a0\u00a0\u00a0\u00a0 <\/strong><\/span><br \/>\u00a0\u00a0\u00a0 \u00a0\u00a0\u00a0 <a href=\"http:\/\/www.ccqc.ca\/ccq_wp-cont\/uploads\/2015\/10\/Inscription_Gala15anniv-2015.pdf\">T\u00e9l\u00e9charger la fiche d\u2019inscription<\/a><\/p>\n<blockquote cite=\"mid:562CBC3F.4090308@videotron.ca\">\n<div>\n<div>\n<div>\n<div>\n<div>\n<div>\n<div><strong><big>La circulaire et fiche d&rsquo;inscription \u00e0 distribuer \u00e0 vos associ\u00e9s, partenaires et amis dans le cadre de la vente\/promotion de notre Gala 2015<\/big><\/strong><br \/>La remise des prix du rayonnement multiculturel se tiendra au Holiday Inn Select, (salle de bal) 99 rue Viger, Montr\u00e9al, (Metro Place-d\u2019Armes) \u00e0 partir de 18h30 le samedi 14 novembre 2015. <br \/>Co\u00fbt raisonnable de 120$ \/Compris souper sans boisson, \/audio-visuel et Show musical \/orchestre &lt;&lt; Cr\u00e9ole blues band&gt;&gt;<br \/>La liste des m\u00e9daill\u00e9s sera diponible et confirm\u00e9e le 10 nov 2015 sur le Site Web du CCQ.<\/p>\n<p><strong><em>Avec les meilleures salutations du Comit\u00e9 ex\u00e9cutif du Gala<\/em><\/strong><strong><em><br \/><\/em><\/strong><br \/>Me Michel Coulanges Vice pr\u00e9sident fondateur et pr\u00e9sident par Int\u00e9rim CCQ ET,<br \/>Christian Martin, Pr\u00e9sident Fondateur CCQ et du Comit\u00e9 Gala 2015,<br \/>Michel Wong Kee Song, M.S.k. Tr\u00e9sorier du CCQ<br \/>Hamid Landrichi, membre administrateur<br \/>G\u00e9rard Philis, membre administrateur,<br \/>Yaovi Bouka, membre administrateur<\/p>\n<p>&nbsp;<\/p>\n<\/div>\n<\/div>\n<\/div>\n<\/div>\n<\/div>\n<\/div>\n<\/div>\n<\/blockquote>\n<script type=\"text\/javascript\">\n\nvar addthis_config = {\"data_track_clickback\":false,\"data_track_addressbar\":false,\"data_track_textcopy\":false};\n<\/script><script type=\"text\/javascript\" src=\"\/\/s7.addthis.com\/js\/250\/addthis_widget.js#pubid=a457a6d63fb9e6ccabdde4110343bd85\"><\/script>","protected":false},"excerpt":{"rendered":"<blockquote cite=\"mid:562CBC3F.4090308@videotron.ca\">\n<p style=\"text-align: center;\"><big>Annonce Gala 2015 du CCQ:\u00a0<\/big><\/p>\n<p style=\"text-align: center;\">\n<\/blockquote>\n<p><big><\/big><big>\u00a0\u00a0\u00a0 15e anniversaire du Carrefour des Communaut\u00e9s du Qu\u00e9bec(CCQ)<\/big><\/p>\n<blockquote cite=\"mid:562CBC3F.4090308@videotron.ca\">\n<p><span style=\"color: #3333ff;\"><big>Remise des m\u00e9dailles des arts et m\u00e9tiers, Rayonnement du multiculturalisme<\/big><\/span><span style=\"color: #3333ff;\"><big>\u00a0\u00a0\u00a0 \u00a0\u00a0\u00a0 \u00a0\u00a0\u00a0 \u00a0\u00a0\u00a0 Sentiment d\u2019appartenance et respect de l\u2019autre\u2026\u00ab Ce qui fait l\u2019homme, c\u2019est sa grande facult\u00e9 <\/big><\/span>&hellip;<\/p><\/blockquote>\n","protected":false},"author":1,"featured_media":0,"comment_status":"open","ping_status":"open","sticky":false,"template":"","format":"standard","meta":{"footnotes":""},"categories":[1],"tags":[],"class_list":["post-11810","post","type-post","status-publish","format-standard","hentry","category-accueil"],"_links":{"self":[{"href":"http:\/\/www.lecarrefourdesopinions.ca\/index.php?rest_route=\/wp\/v2\/posts\/11810","targetHints":{"allow":["GET"]}}],"collection":[{"href":"http:\/\/www.lecarrefourdesopinions.ca\/index.php?rest_route=\/wp\/v2\/posts"}],"about":[{"href":"http:\/\/www.lecarrefourdesopinions.ca\/index.php?rest_route=\/wp\/v2\/types\/post"}],"author":[{"embeddable":true,"href":"http:\/\/www.lecarrefourdesopinions.ca\/index.php?rest_route=\/wp\/v2\/users\/1"}],"replies":[{"embeddable":true,"href":"http:\/\/www.lecarrefourdesopinions.ca\/index.php?rest_route=%2Fwp%2Fv2%2Fcomments&post=11810"}],"version-history":[{"count":2,"href":"http:\/\/www.lecarrefourdesopinions.ca\/index.php?rest_route=\/wp\/v2\/posts\/11810\/revisions"}],"predecessor-version":[{"id":11813,"href":"http:\/\/www.lecarrefourdesopinions.ca\/index.php?rest_route=\/wp\/v2\/posts\/11810\/revisions\/11813"}],"wp:attachment":[{"href":"http:\/\/www.lecarrefourdesopinions.ca\/index.php?rest_route=%2Fwp%2Fv2%2Fmedia&parent=11810"}],"wp:term":[{"taxonomy":"category","embeddable":true,"href":"http:\/\/www.lecarrefourdesopinions.ca\/index.php?rest_route=%2Fwp%2Fv2%2Fcategories&post=11810"},{"taxonomy":"post_tag","embeddable":true,"href":"http:\/\/www.lecarrefourdesopinions.ca\/index.php?rest_route=%2Fwp%2Fv2%2Ftags&post=11810"}],"curies":[{"name":"wp","href":"https:\/\/api.w.org\/{rel}","templated":true}]}}