{"id":11807,"date":"2015-10-20T13:29:38","date_gmt":"2015-10-20T17:29:38","guid":{"rendered":"http:\/\/www.lecarrefourdesopinions.ca\/?p=11807"},"modified":"2015-10-20T13:29:38","modified_gmt":"2015-10-20T17:29:38","slug":"le-monde-dapres","status":"publish","type":"post","link":"http:\/\/www.lecarrefourdesopinions.ca\/?p=11807","title":{"rendered":"LE MONDE D&rsquo;APR\u00c8S"},"content":{"rendered":"<p style=\"text-align: center;\" align=\"JUSTIFY\"><span style=\"font-size: small;\"><strong>LE MONDE D&rsquo;APR\u00c8S<\/strong><\/span><\/p>\n<p align=\"JUSTIFY\"><img loading=\"lazy\" decoding=\"async\" class=\"alignleft size-thumbnail wp-image-8748\" title=\"Henri Paul Labont\u00e9 1\" src=\"http:\/\/www.lecarrefourdesopinions.ca\/wp-content\/uploads\/2012\/08\/Henri-Paul-Labont\u00e9-1-96x107.jpg\" alt=\"\" width=\"96\" height=\"107\" \/><\/p>\n<p align=\"JUSTIFY\">\n<p align=\"JUSTIFY\">\n<p align=\"JUSTIFY\">\n<p align=\"JUSTIFY\">\n<p align=\"JUSTIFY\"><span style=\"color: #800000;\"><em>par\u00a0Henri-Paul Labont\u00e9<\/em><\/span><\/p>\n<p align=\"JUSTIFY\"><span style=\"font-size: small;\">Le monde dont je veux parler ici n&rsquo;est pas celui d&rsquo;apr\u00e8s le jour <strong>J<\/strong> ni celui d&rsquo;apr\u00e8s la <strong>Bombe<\/strong>. C&rsquo;est celui d&rsquo;apr\u00e8s l&rsquo;\u00e9lection du gouvernement Lib\u00e9ral du 19 octobre 2015. C&rsquo;est comment moi je vois ce monde et comment je le vivrai, tout en ayant beaucoup de respect pour celles et ceux qui feront autrement.<\/span><\/p>\n<p align=\"JUSTIFY\"><span style=\"font-size: small;\">Tout d&rsquo;abord, il faut savoir que mon vote pour la candidate NPD dans le comt\u00e9 de Richmond-Arthabaska n&rsquo;a pas \u00e9t\u00e9 gagnant, ni sur le plan de la circonscription ni sur le plan global. Tout de m\u00eame, c&rsquo;est avec s\u00e9r\u00e9nit\u00e9 que j&rsquo;accepte et accueille le verdict de la population votante ou non votante (Car ne pas voter est aussi un choix). Car, aussi, \u00able cynisme\u00bb ne fait pas partie de mon bagage.<\/span><\/p>\n<p align=\"JUSTIFY\"><span style=\"font-size: small;\">Le nouveau d\u00e9put\u00e9 Conservateur de mon comt\u00e9 aura tout mon encouragement pour bien repr\u00e9senter ma r\u00e9gion, afin de se d\u00e9battre pour aller chercher les ressources du Canada,\u00a0 pour aider mon coin de pays dans son d\u00e9veloppement \u00e9conomique et social ainsi que durable, comme on dit ici.<\/span><\/p>\n<p align=\"JUSTIFY\"><span style=\"font-size: small;\">Le nouveau Premier ministre,\u00a0 et son gouvernement Lib\u00e9ral, aura aussi mon appui pour faire de mon pays actuel, le Canada, un \u00e9tat dont je serai fier, dans le monde et partout dans son territoire, de l&rsquo;Atlantique au Pacifique, en passant par une province diff\u00e9rente des autres et qu&rsquo;on nomme Qu\u00e9bec.<\/span><\/p>\n<p align=\"JUSTIFY\"><span style=\"font-size: small;\">Bien que de tout temps, d&rsquo;une fa\u00e7on ponctuelle, j&rsquo;ai pris des positions le plus clair possible, lors d&rsquo;\u00e9lections, de r\u00e9f\u00e9rendum et d&rsquo;\u00e9v\u00e9nements importants,\u00a0 je resterai toujours principalement <em>dans l&rsquo;action politique non-partisane<\/em>. En ce sens, je ne me laisserai tirer en avant et par en haut, par aucune organisation politique, y compris celles de gauche. Conserver mon esprit critique et mon ind\u00e9pendance est ce qui est le plus important pour moi. Cela ne veut pas dire que je ne reconnais pas que certains doivent s&rsquo;impliquer au niveau des organisations politiques. Mais certaines personnes sont plus \u00e0 l&rsquo;aise pour agir sur ce plan. Moi cela ne fait pas partie de mon bagage.<\/span><\/p>\n<p align=\"JUSTIFY\"><span style=\"font-size: small;\">Moi, mon niveau, c&rsquo;est l&rsquo;\u00e9tage du bas et souvent le sous-sol. Sur ce plan, je continuerai, comme on a d\u00e9j\u00e0 dit au Collectif pour un Qu\u00e9bec sans pauvret\u00e9, \u00e0 r\u00eaver, mais surtout \u00e0 r\u00eaver logique. Cela veut dire: avoir toujours une vision d&rsquo;un monde meilleur et surtout \u00eatre en action, agir pour l&rsquo;am\u00e9lioration de celui-ci.<\/span><\/p>\n<p align=\"JUSTIFY\"><span style=\"font-size: small;\">J&rsquo;ai 71 ans. Je continuerai donc \u00e0 \u00eatre attentif sur le plan f\u00e9d\u00e9ral et provincial, \u00e0 ce qui arrive concernant les personnes a\u00een\u00e9es. Il y a l&rsquo;augmentation du suppl\u00e9ment de revenu garanti qui est dans ma mire. Il y a aussi l&rsquo;accessibilit\u00e9 aux m\u00e9dicaments. Il y a le transport Collectif. Il y aura toujours l&rsquo;accessibilit\u00e9 \u00e0 tout qui doit permettre aux personnes \u00e2g\u00e9es de vivre mieux. Et concr\u00e8tement, moi j&rsquo;aiderai toujours, sans condition, une personne qui a de la mis\u00e8re, dans sa marche ind\u00e9pendante.<\/span><\/p>\n<p align=\"JUSTIFY\"><span style=\"font-size: small;\">Je l&rsquo;ai toujours fait. Je le ferai encore concernant les jeunes. Je serai attentif \u00e0 la place qu&rsquo;on fait \u00abaux g\u00e9n\u00e9rations montantes\u00bb comme on a dit dans la campagne \u00e9lectorale. J&rsquo;aimerai en tout cas, si je ne puis faire autre chose, qu&rsquo;\u00e0 tous les niveaux, <em>des jeunes s&rsquo;engagent socialement<\/em>. J&rsquo;aimerai aussi que la justice sociale s&rsquo;applique concernant les jeunes. Pour moi, \u00abLes jeunes\u00bb ce n&rsquo;est pas avant tout l&rsquo;\u00e9lite. Ce sont celles et ceux \u00abqui sont peintur\u00e9s\u00bb dans le coin par le monde sauvage d&rsquo;aujourd&rsquo;hui. C&rsquo;est ce jeune homme qui en veut \u00e0 son g\u00e9niteur de n&rsquo;avoir jamais rien fait pour lui et qui tente d\u00e9sesp\u00e9r\u00e9ment de trouver son chemin. C&rsquo;est cette adolescente qui a \u00e9t\u00e9 temporairement priv\u00e9 de sa libert\u00e9 pour quelques grammes de marijuana et qui a besoin bien plus de justice sociale que de justice tout court. C&rsquo;est beaucoup de jeunes!<\/span><\/p>\n<p align=\"JUSTIFY\"><span style=\"font-size: small;\">Ceci dit, pour moi, il y aura toujours chaque jour, quelques KM de v\u00e9lo ou de ski de fond o\u00f9 je r\u00eaverai, bien s\u00fbr, \u00ablogique\u00bb, ce qui permettra \u00e0 ma s\u00e9r\u00e9nit\u00e9 de ne jamais m&rsquo;abandonner. Tout \u00e7a, c&rsquo;est mon monde, celui d&rsquo;apr\u00e8s l&rsquo;\u00e9lection mais d&rsquo;un\u00a0 maintenant qui commence aussi.<\/span><\/p>\n<p align=\"JUSTIFY\">\n<p>&nbsp;<\/p>\n<p>&nbsp;<\/p>\n<script type=\"text\/javascript\">\n\nvar addthis_config = {\"data_track_clickback\":false,\"data_track_addressbar\":false,\"data_track_textcopy\":false};\n<\/script><script type=\"text\/javascript\" src=\"\/\/s7.addthis.com\/js\/250\/addthis_widget.js#pubid=a457a6d63fb9e6ccabdde4110343bd85\"><\/script>","protected":false},"excerpt":{"rendered":"<p style=\"text-align: center;\" align=\"JUSTIFY\"><span style=\"font-size: small;\">LE MONDE D&rsquo;APR\u00c8S<\/span><\/p>\n<p align=\"JUSTIFY\">\n<p align=\"JUSTIFY\">\n<p align=\"JUSTIFY\">\n<p align=\"JUSTIFY\">\n<p align=\"JUSTIFY\">\n<p align=\"JUSTIFY\"><span style=\"color: #800000;\">par\u00a0Henri-Paul Labont\u00e9<\/span><\/p>\n<p align=\"JUSTIFY\"><span style=\"font-size: small;\">Le monde dont je veux parler ici n&rsquo;est pas celui d&rsquo;apr\u00e8s le jour J ni celui d&rsquo;apr\u00e8s la Bombe. C&rsquo;est celui d&rsquo;apr\u00e8s l&rsquo;\u00e9lection du gouvernement Lib\u00e9ral du 19 octobre 2015. C&rsquo;est <\/span>&hellip;<\/p>\n","protected":false},"author":1,"featured_media":0,"comment_status":"open","ping_status":"open","sticky":false,"template":"","format":"standard","meta":{"footnotes":""},"categories":[1],"tags":[],"class_list":["post-11807","post","type-post","status-publish","format-standard","hentry","category-accueil"],"_links":{"self":[{"href":"http:\/\/www.lecarrefourdesopinions.ca\/index.php?rest_route=\/wp\/v2\/posts\/11807","targetHints":{"allow":["GET"]}}],"collection":[{"href":"http:\/\/www.lecarrefourdesopinions.ca\/index.php?rest_route=\/wp\/v2\/posts"}],"about":[{"href":"http:\/\/www.lecarrefourdesopinions.ca\/index.php?rest_route=\/wp\/v2\/types\/post"}],"author":[{"embeddable":true,"href":"http:\/\/www.lecarrefourdesopinions.ca\/index.php?rest_route=\/wp\/v2\/users\/1"}],"replies":[{"embeddable":true,"href":"http:\/\/www.lecarrefourdesopinions.ca\/index.php?rest_route=%2Fwp%2Fv2%2Fcomments&post=11807"}],"version-history":[{"count":1,"href":"http:\/\/www.lecarrefourdesopinions.ca\/index.php?rest_route=\/wp\/v2\/posts\/11807\/revisions"}],"predecessor-version":[{"id":11808,"href":"http:\/\/www.lecarrefourdesopinions.ca\/index.php?rest_route=\/wp\/v2\/posts\/11807\/revisions\/11808"}],"wp:attachment":[{"href":"http:\/\/www.lecarrefourdesopinions.ca\/index.php?rest_route=%2Fwp%2Fv2%2Fmedia&parent=11807"}],"wp:term":[{"taxonomy":"category","embeddable":true,"href":"http:\/\/www.lecarrefourdesopinions.ca\/index.php?rest_route=%2Fwp%2Fv2%2Fcategories&post=11807"},{"taxonomy":"post_tag","embeddable":true,"href":"http:\/\/www.lecarrefourdesopinions.ca\/index.php?rest_route=%2Fwp%2Fv2%2Ftags&post=11807"}],"curies":[{"name":"wp","href":"https:\/\/api.w.org\/{rel}","templated":true}]}}