{"id":11774,"date":"2015-10-13T14:45:40","date_gmt":"2015-10-13T18:45:40","guid":{"rendered":"http:\/\/www.lecarrefourdesopinions.ca\/?p=11774"},"modified":"2015-10-13T14:45:40","modified_gmt":"2015-10-13T18:45:40","slug":"motion-a-lassemblee-nationale","status":"publish","type":"post","link":"http:\/\/www.lecarrefourdesopinions.ca\/?p=11774","title":{"rendered":"Motion \u00e0 l&rsquo;Assembl\u00e9e nationale"},"content":{"rendered":"<h1><span style=\"color: #e98a38;\"><span style=\"font-family: Verdana, Helvetica, Arial, sans-serif;\"><span>Communiqu\u00e9s<\/span><\/span><\/span><\/h1>\n<h2 style=\"text-align: center;\"><span style=\"color: #3b82c5;\"><span style=\"font-family: Verdana, Helvetica, Arial, sans-serif;\"><span style=\"font-size: medium;\">Motion \u00e0 l&rsquo;Assembl\u00e9e nationale<\/span><\/span><\/span><\/h2>\n<p align=\"LEFT\"><strong><span style=\"color: #2d2d2d;\"><span style=\"font-family: Verdana, Helvetica, Arial, sans-serif;\"><span style=\"font-size: medium;\">Unanimit\u00e9 \u00e0 l&rsquo;Assembl\u00e9e nationale contre les propos \u00e0 caract\u00e8re raciste, discriminatoire ou violent<\/span><\/span><\/span><\/strong><\/p>\n<p style=\"text-align: justify;\"><strong><span style=\"color: #2d2d2d;\"><span style=\"font-family: Verdana, Helvetica, Arial, sans-serif;\"><span style=\"font-size: medium;\">Montr\u00e9al, le jeudi 1<\/span><\/span><\/span><\/strong><strong><span style=\"color: #2d2d2d;\"><sup><span style=\"font-family: Verdana, Helvetica, Arial, sans-serif;\"><span style=\"font-size: medium;\">er<\/span><\/span><\/sup><\/span><\/strong><strong><span style=\"color: #2d2d2d;\"><span style=\"font-family: Verdana, Helvetica, Arial, sans-serif;\"><span style=\"font-size: medium;\">\u00a0octobre 2015<\/span><\/span><\/span><\/strong><span style=\"color: #2d2d2d;\"><span style=\"font-family: Verdana, Helvetica, Arial, sans-serif;\"><span style=\"font-size: medium;\">\u00a0\u2013Les d\u00e9put\u00e9s de l&rsquo;Assembl\u00e9e nationale ont appuy\u00e9 \u00e0 l&rsquo;unanimit\u00e9 la motion pr\u00e9sent\u00e9e par la d\u00e9put\u00e9e de Gouin, M<\/span><\/span><\/span><span style=\"color: #2d2d2d;\"><sup><span style=\"font-family: Verdana, Helvetica, Arial, sans-serif;\"><span style=\"font-size: medium;\">me<\/span><\/span><\/sup><\/span><span style=\"color: #2d2d2d;\"><span style=\"font-family: Verdana, Helvetica, Arial, sans-serif;\"><span style=\"font-size: medium;\">\u00a0Fran\u00e7oise David, qui d\u00e9nonce les propos haineux et islamophobes qui circulent dans les r\u00e9seaux sociaux dans le contexte de la crise des r\u00e9fugi\u00e9s syriens. La ministre de l&rsquo;Immigration, de la Diversit\u00e9 et de l&rsquo;Inclusion, M<\/span><\/span><\/span><span style=\"color: #2d2d2d;\"><sup><span style=\"font-family: Verdana, Helvetica, Arial, sans-serif;\"><span style=\"font-size: medium;\">me<\/span><\/span><\/sup><\/span><span style=\"color: #2d2d2d;\"><span style=\"font-family: Verdana, Helvetica, Arial, sans-serif;\"><span style=\"font-size: medium;\">\u00a0Kathleen Weil, qui parlait au nom du gouvernement, a d\u00e9clar\u00e9\u00a0: \u00ab<strong>\u00a0Ces propos et actes d&rsquo;intol\u00e9rance ne refl\u00e8tent aucunement la compassion et l&rsquo;ouverture de la tr\u00e8s grande majorit\u00e9 des Qu\u00e9b\u00e9coises et des Qu\u00e9b\u00e9cois.\u00a0\u00bb<\/strong><\/span><\/span><\/span><\/p>\n<p style=\"text-align: justify;\">\n<p style=\"text-align: justify;\">\n<p style=\"text-align: justify;\"><span style=\"color: #2d2d2d;\"><span style=\"font-family: Verdana, Helvetica, Arial, sans-serif;\"><span style=\"font-size: medium;\">La ministre a rappel\u00e9 que la situation en Syrie constitue la pire crise humanitaire depuis la Seconde Guerre mondiale. \u00ab\u00a0Alors que les personnes d\u00e9plac\u00e9es se comptent par millions, nous avons un devoir de solidarit\u00e9 envers elles. Le Qu\u00e9bec a toujours \u00e9t\u00e9 une terre d&rsquo;accueil pour les personnes r\u00e9fugi\u00e9es qui fuient la violence et la guerre et leur offre la paix, la s\u00e9curit\u00e9 et un avenir\u00a0\u00bb, a-t-elle soulign\u00e9.<\/span><\/span><\/span><\/p>\n<p style=\"text-align: justify;\">\n<p style=\"text-align: justify;\"><span style=\"color: #2d2d2d;\"><span style=\"font-family: Verdana, Helvetica, Arial, sans-serif;\"><span style=\"font-size: medium;\">La ministre a \u00e9galement rappel\u00e9 que le gouvernement a d\u00e9pos\u00e9 le projet de loi\u00a059 qui vise la pr\u00e9vention et la lutte contre les discours haineux et les discours incitant \u00e0 la violence. \u00ab\u00a0On ne peut que condamner les propos haineux prof\u00e9r\u00e9s \u00e0 l&rsquo;encontre de personnes ou de groupes de personnes quels qu&rsquo;ils soient. Ces actes sont le reflet de pr\u00e9jug\u00e9s et d\u2019intol\u00e9rance\u00a0\u00bb, a ajout\u00e9 la ministre Kathleen Weil.<\/span><\/span><\/span><\/p>\n<script type=\"text\/javascript\">\n\nvar addthis_config = {\"data_track_clickback\":false,\"data_track_addressbar\":false,\"data_track_textcopy\":false};\n<\/script><script type=\"text\/javascript\" src=\"\/\/s7.addthis.com\/js\/250\/addthis_widget.js#pubid=a457a6d63fb9e6ccabdde4110343bd85\"><\/script>","protected":false},"excerpt":{"rendered":"<p><span style=\"color: #e98a38;\"><span style=\"font-family: Verdana, Helvetica, Arial, sans-serif;\"><span>Communiqu\u00e9s<\/span><\/span><\/span><br \/>\n<span style=\"color: #3b82c5;\"><span style=\"font-family: Verdana, Helvetica, Arial, sans-serif;\"><span style=\"font-size: medium;\">Motion \u00e0 l&rsquo;Assembl\u00e9e nationale<\/span><\/span><\/span><\/p>\n<p align=\"LEFT\"><span style=\"color: #2d2d2d;\"><span style=\"font-family: Verdana, Helvetica, Arial, sans-serif;\"><span style=\"font-size: medium;\">Unanimit\u00e9 \u00e0 l&rsquo;Assembl\u00e9e nationale contre les propos \u00e0 caract\u00e8re raciste, discriminatoire ou violent<\/span><\/span><\/span><\/p>\n<p style=\"text-align: justify;\"><span style=\"color: #2d2d2d;\"><span style=\"font-family: Verdana, Helvetica, Arial, sans-serif;\"><span style=\"font-size: medium;\">Montr\u00e9al, le jeudi 1<\/span><\/span><\/span><span style=\"color: #2d2d2d;\"><sup><span style=\"font-family: Verdana, Helvetica, Arial, sans-serif;\"><span style=\"font-size: medium;\">er<\/span><\/span><\/sup><\/span><span style=\"color: #2d2d2d;\"><span style=\"font-family: Verdana, Helvetica, Arial, sans-serif;\"><span style=\"font-size: medium;\">\u00a0octobre 2015<\/span><\/span><\/span><span style=\"color: #2d2d2d;\"><span style=\"font-family: Verdana, Helvetica, Arial, sans-serif;\"><span style=\"font-size: medium;\">\u00a0\u2013Les d\u00e9put\u00e9s de l&rsquo;Assembl\u00e9e nationale ont appuy\u00e9 \u00e0 l&rsquo;unanimit\u00e9 la motion pr\u00e9sent\u00e9e <\/span><\/span><\/span>&hellip;<\/p>\n","protected":false},"author":1,"featured_media":0,"comment_status":"open","ping_status":"open","sticky":false,"template":"","format":"standard","meta":{"footnotes":""},"categories":[1],"tags":[],"class_list":["post-11774","post","type-post","status-publish","format-standard","hentry","category-accueil"],"_links":{"self":[{"href":"http:\/\/www.lecarrefourdesopinions.ca\/index.php?rest_route=\/wp\/v2\/posts\/11774","targetHints":{"allow":["GET"]}}],"collection":[{"href":"http:\/\/www.lecarrefourdesopinions.ca\/index.php?rest_route=\/wp\/v2\/posts"}],"about":[{"href":"http:\/\/www.lecarrefourdesopinions.ca\/index.php?rest_route=\/wp\/v2\/types\/post"}],"author":[{"embeddable":true,"href":"http:\/\/www.lecarrefourdesopinions.ca\/index.php?rest_route=\/wp\/v2\/users\/1"}],"replies":[{"embeddable":true,"href":"http:\/\/www.lecarrefourdesopinions.ca\/index.php?rest_route=%2Fwp%2Fv2%2Fcomments&post=11774"}],"version-history":[{"count":2,"href":"http:\/\/www.lecarrefourdesopinions.ca\/index.php?rest_route=\/wp\/v2\/posts\/11774\/revisions"}],"predecessor-version":[{"id":11793,"href":"http:\/\/www.lecarrefourdesopinions.ca\/index.php?rest_route=\/wp\/v2\/posts\/11774\/revisions\/11793"}],"wp:attachment":[{"href":"http:\/\/www.lecarrefourdesopinions.ca\/index.php?rest_route=%2Fwp%2Fv2%2Fmedia&parent=11774"}],"wp:term":[{"taxonomy":"category","embeddable":true,"href":"http:\/\/www.lecarrefourdesopinions.ca\/index.php?rest_route=%2Fwp%2Fv2%2Fcategories&post=11774"},{"taxonomy":"post_tag","embeddable":true,"href":"http:\/\/www.lecarrefourdesopinions.ca\/index.php?rest_route=%2Fwp%2Fv2%2Ftags&post=11774"}],"curies":[{"name":"wp","href":"https:\/\/api.w.org\/{rel}","templated":true}]}}