{"id":11769,"date":"2015-10-13T14:46:18","date_gmt":"2015-10-13T18:46:18","guid":{"rendered":"http:\/\/www.lecarrefourdesopinions.ca\/?p=11769"},"modified":"2015-10-13T14:46:18","modified_gmt":"2015-10-13T18:46:18","slug":"le-seul-a-ne-pas-y-penser","status":"publish","type":"post","link":"http:\/\/www.lecarrefourdesopinions.ca\/?p=11769","title":{"rendered":"Le Seul \u00e0 ne pas y penser !.."},"content":{"rendered":"<p align=\"CENTER\"><span style=\"color: #000099;\"><span style=\"font-family: Arial, sans-serif;\"><span style=\"font-size: x-large;\"><em><strong>Le Seul \u00e0 ne pas y penser\u00a0!..<\/strong><\/em><\/span><\/span><\/span><\/p>\n<p align=\"CENTER\">\n<p align=\"JUSTIFY\"><span style=\"color: #632423;\"><span style=\"font-family: 'Comic Sans MS', cursive;\"><span style=\"font-size: large;\">Maintenant que nous nous sommes mis en Guerre en Syrie,<\/span><\/span><\/span><\/p>\n<p align=\"JUSTIFY\"><span style=\"color: #632423;\"><span style=\"font-family: 'Comic Sans MS', cursive;\"><span style=\"font-size: large;\">Tactiquement, Strat\u00e9giquement, Intelligemment parlant,<\/span><\/span><\/span><\/p>\n<p align=\"JUSTIFY\"><span style=\"color: #632423;\"><span style=\"font-family: 'Comic Sans MS', cursive;\"><span style=\"font-size: large;\">De quelle urgence serait le Proc\u00e8s de Bachar<\/span><\/span><\/span><span style=\"color: #632423;\"><span style=\"font-family: Arial, sans-serif;\"><span style=\"font-size: large;\">.<\/span><\/span><\/span><\/p>\n<p align=\"JUSTIFY\">\u00a0<img loading=\"lazy\" decoding=\"async\" class=\"alignleft size-thumbnail wp-image-11439\" title=\"Eric\" src=\"http:\/\/www.lecarrefourdesopinions.ca\/wp-content\/uploads\/2015\/04\/Eric-134x107.jpg\" alt=\"\" width=\"134\" height=\"107\" \/><\/p>\n<p align=\"JUSTIFY\"><span style=\"color: #632423;\"><span style=\"font-family: 'Comic Sans MS', cursive;\"><span style=\"font-size: large;\">\u00c9ric E.G. NOGARD<\/span><\/span><\/span><\/p>\n<p align=\"JUSTIFY\"><span style=\"color: #c00000;\"><span style=\"font-size: large;\"><em>Chroniqueur<\/em><\/span><\/span><span style=\"color: #c00000;\"><span style=\"font-size: large;\">.<\/span><\/span><\/p>\n<p align=\"CENTER\">\n<p align=\"CENTER\">\n<p align=\"CENTER\"><span style=\"font-size: large;\">*** *** ***<\/span><\/p>\n<p align=\"JUSTIFY\">\n<p align=\"CENTER\">\n<p align=\"CENTER\"><img loading=\"lazy\" decoding=\"async\" class=\"alignnone size-medium wp-image-11770\" title=\"F1 Vladi est ma\u00eetre de lui  il ne veut de mal \u00e0 personne   Cependant\" src=\"http:\/\/www.lecarrefourdesopinions.ca\/wp-content\/uploads\/2015\/10\/F1-Vladi-est-ma\u00eetre-de-lui-il-ne-veut-de-mal-\u00e0-personne-Cependant-300x204.jpg\" alt=\"\" width=\"300\" height=\"204\" srcset=\"http:\/\/www.lecarrefourdesopinions.ca\/wp-content\/uploads\/2015\/10\/F1-Vladi-est-ma\u00eetre-de-lui-il-ne-veut-de-mal-\u00e0-personne-Cependant-300x204.jpg 300w, http:\/\/www.lecarrefourdesopinions.ca\/wp-content\/uploads\/2015\/10\/F1-Vladi-est-ma\u00eetre-de-lui-il-ne-veut-de-mal-\u00e0-personne-Cependant-400x272.jpg 400w, http:\/\/www.lecarrefourdesopinions.ca\/wp-content\/uploads\/2015\/10\/F1-Vladi-est-ma\u00eetre-de-lui-il-ne-veut-de-mal-\u00e0-personne-Cependant.jpg 500w\" sizes=\"auto, (max-width: 300px) 100vw, 300px\" \/><\/p>\n<p align=\"CENTER\"><span style=\"font-size: large;\"><em><strong>F1\u00a0: <\/strong><\/em><\/span><span style=\"color: #c00000;\"><span style=\"font-family: Arial, sans-serif;\"><span style=\"font-size: large;\"><em><strong>Vladi<\/strong><\/em><\/span><\/span><\/span><span style=\"color: #c00000;\"><span style=\"font-size: large;\"><em><strong> est ma\u00eetre de lui, il ne veut de mal \u00e0 personne. Cependant\u00a0!<\/strong><\/em><\/span><\/span><\/p>\n<p align=\"JUSTIFY\">\n<p align=\"JUSTIFY\">\n<p align=\"JUSTIFY\"><span style=\"font-size: large;\"><em><strong>LE SEUL A NE PAS Y PENSER\u00a0!..<\/strong><\/em><\/span><\/p>\n<p align=\"JUSTIFY\">\n<p align=\"JUSTIFY\"><span style=\"font-family: 'Comic Sans MS', cursive;\"><span style=\"font-size: large;\">De quel mal serait BACHAR, dans le Choix de <\/span><\/span><span style=\"font-family: Arial, sans-serif;\"><span style=\"font-size: large;\"><em>Vladi<\/em><\/span><\/span><span style=\"font-family: 'Comic Sans MS', cursive;\"><span style=\"font-size: large;\"> pour le r\u00e8glement des troubles en Syrie.<\/span><\/span><\/p>\n<p align=\"JUSTIFY\">\n<p align=\"JUSTIFY\"><span style=\"font-family: 'Comic Sans MS', cursive;\"><span style=\"font-size: large;\">Car, au demeurant, BACHAR aurait-il jamais \u00e9t\u00e9 le Bourreau des Fran\u00e7ais, et en quoi<\/span><\/span><span style=\"font-size: large;\">.<\/span><\/p>\n<p align=\"JUSTIFY\">\n<p align=\"JUSTIFY\"><span style=\"font-size: large;\">Car, au demeurant, juger BACHAR, est-ce le plus urgent pour la France.<\/span><\/p>\n<p align=\"JUSTIFY\">\n<p align=\"JUSTIFY\">\u00a0 \u00a0 \u00a0 \u00a0 \u00a0 \u00a0 \u00a0 \u00a0 \u00a0 \u00a0 \u00a0 \u00a0 \u00a0 \u00a0 \u00a0 \u00a0 \u00a0 \u00a0 \u00a0 \u00a0 \u00a0 \u00a0 \u00a0 \u00a0 \u00a0 \u00a0 \u00a0 \u00a0 \u00a0 \u00a0 \u00a0 \u00a0\u00a0<img loading=\"lazy\" decoding=\"async\" class=\"alignnone size-medium wp-image-11771\" title=\"F2 Juger BACHAR   est ce le plus important\" src=\"http:\/\/www.lecarrefourdesopinions.ca\/wp-content\/uploads\/2015\/10\/F2-Juger-BACHAR-est-ce-le-plus-important-300x144.png\" alt=\"\" width=\"300\" height=\"144\" srcset=\"http:\/\/www.lecarrefourdesopinions.ca\/wp-content\/uploads\/2015\/10\/F2-Juger-BACHAR-est-ce-le-plus-important-300x144.png 300w, http:\/\/www.lecarrefourdesopinions.ca\/wp-content\/uploads\/2015\/10\/F2-Juger-BACHAR-est-ce-le-plus-important-400x192.png 400w, http:\/\/www.lecarrefourdesopinions.ca\/wp-content\/uploads\/2015\/10\/F2-Juger-BACHAR-est-ce-le-plus-important.png 740w\" sizes=\"auto, (max-width: 300px) 100vw, 300px\" \/><\/p>\n<p align=\"JUSTIFY\">\n<p align=\"CENTER\"><span style=\"font-size: large;\"><strong>F2\u00a0: <\/strong><\/span><span style=\"color: #c00000;\"><span style=\"font-size: large;\"><em><strong>Juger BACHAR, est-ce le plus urgent.<\/strong><\/em><\/span><\/span><\/p>\n<p align=\"CENTER\">\n<p align=\"JUSTIFY\"><span style=\"font-size: large;\">Est-ce vraiment pour avoir \u00e9t\u00e9 le Bourreau de quelques Communaut\u00e9s Chr\u00e9tiennes, quand nul n\u2019ignore la place qu\u2019occupent les Chr\u00e9tiens de France dans le C\u0153ur de Fran\u00e7ois\u2026 et de son R\u00e9gime. De quoi laisser sceptique.<\/span><\/p>\n<p align=\"JUSTIFY\">\n<p align=\"JUSTIFY\"><span style=\"font-size: large;\">Est-ce vraiment pour \u00eatre le Bourreau des Syriens, quand BACHAR ne semble pas s\u2019opposer \u00e0 ce que Fran\u00e7ois en fasse le plein, les h\u00e9berge autant que bon lui semble, et m\u00eame, \u00e0 en faire le tri selon sa fantaisie\u2026 il peut faire la fine bouche, que c\u2019est beau d\u2019\u00eatre \u00ab\u00a0Roi\u00a0\u00bb.<\/span><\/p>\n<p align=\"JUSTIFY\">\n<p align=\"JUSTIFY\"><span style=\"font-size: large;\">Est-ce vraiment par tactique, par strat\u00e9gie ou par Candeur que Vladi se voit invit\u00e9 par Fran\u00e7ois \u00e0 une quelconque coalition, contre un quelconque ennemi en Terre Syrienne, \u00e0 condition que BACHAR en soit exclu.<\/span><\/p>\n<p align=\"JUSTIFY\">\n<p align=\"JUSTIFY\">\n<p align=\"JUSTIFY\"><span style=\"font-family: Arial, sans-serif;\"><span style=\"font-size: large;\"><em>Vladi<\/em><\/span><\/span><span style=\"font-size: large;\">, serait-il invit\u00e9 \u00e0 se parjurer pour les beaux yeux de Fran\u00e7ois et Fran\u00e7ois pourrait-il forcer la main \u00e0 <\/span><span style=\"font-family: Arial, sans-serif;\"><span style=\"font-size: large;\"><em>Vladi<\/em><\/span><\/span><span style=\"font-size: large;\">.<\/span><\/p>\n<p align=\"JUSTIFY\">\n<p align=\"JUSTIFY\"><span style=\"font-size: large;\">Serait-ce alors commencer par le bon bout et de la bonne mani\u00e8re, que de Frapper en Syrie au m\u00e9pris de son Chef comme au m\u00e9pris de ses Alli\u00e9s, et trompeter plus fort qu\u2019\u00e0 J\u00e9richo \u00ab\u00a0 <\/span><span style=\"font-size: large;\"><em>Je recommencerai quand bon me semblera<\/em><\/span><span style=\"font-size: large;\">\u00a0\u00bb. <\/span><\/p>\n<p align=\"JUSTIFY\">\n<p align=\"JUSTIFY\"><span style=\"font-size: large;\">Et ne faut-il pas \u00eatre Chr\u00e9tien comme Vladi pour pr\u00e9senter comme il l\u2019a fait, l\u2019autre joue, apr\u00e8s ce Magistral Soufflet \u00e0 son ami BACHAR comme \u00e0 lui-m\u00eame.<\/span><\/p>\n<p align=\"JUSTIFY\">\n<p align=\"CENTER\"><img loading=\"lazy\" decoding=\"async\" class=\"alignnone size-medium wp-image-11772\" title=\"F3 Poursuis donc   Fran\u00e7ois   Frappe donc   Laulau\" src=\"http:\/\/www.lecarrefourdesopinions.ca\/wp-content\/uploads\/2015\/10\/F3-Poursuis-donc-Fran\u00e7ois-Frappe-donc-Laulau-300x116.jpg\" alt=\"\" width=\"300\" height=\"116\" srcset=\"http:\/\/www.lecarrefourdesopinions.ca\/wp-content\/uploads\/2015\/10\/F3-Poursuis-donc-Fran\u00e7ois-Frappe-donc-Laulau-300x116.jpg 300w, http:\/\/www.lecarrefourdesopinions.ca\/wp-content\/uploads\/2015\/10\/F3-Poursuis-donc-Fran\u00e7ois-Frappe-donc-Laulau-1024x397.jpg 1024w, http:\/\/www.lecarrefourdesopinions.ca\/wp-content\/uploads\/2015\/10\/F3-Poursuis-donc-Fran\u00e7ois-Frappe-donc-Laulau-400x155.jpg 400w, http:\/\/www.lecarrefourdesopinions.ca\/wp-content\/uploads\/2015\/10\/F3-Poursuis-donc-Fran\u00e7ois-Frappe-donc-Laulau.jpg 1153w\" sizes=\"auto, (max-width: 300px) 100vw, 300px\" \/><\/p>\n<p align=\"CENTER\"><span style=\"font-size: large;\"><strong>F3\u00a0: <\/strong><\/span><span style=\"color: #c00000;\"><span style=\"font-size: large;\"><em><strong>Poursuis donc, Fran\u00e7ois. Frappe donc, Laulau.<\/strong><\/em><\/span><\/span><\/p>\n<p align=\"JUSTIFY\">\n<p align=\"JUSTIFY\"><span style=\"font-size: large;\"> \u00ab\u00a0<\/span><span style=\"font-size: large;\"><em>J\u2019ai Frapp\u00e9 avec succ\u00e8s, je poursuivrai selon mon bon plaisir<\/em><\/span><span style=\"font-size: large;\">\u00a0\u00bb.<\/span><\/p>\n<p align=\"JUSTIFY\">\n<p align=\"JUSTIFY\"><span style=\"font-size: large;\"> Poursuis donc\u00a0! Fran\u00e7ois. Poursuis donc\u00a0! <\/span><\/p>\n<p align=\"JUSTIFY\">\n<p align=\"JUSTIFY\">\n<p align=\"JUSTIFY\"><span style=\"font-size: large;\"><em>Mais, dis donc<\/em><\/span><span style=\"font-size: large;\">\u00a0:<\/span><\/p>\n<p align=\"JUSTIFY\">\n<p align=\"JUSTIFY\"><span style=\"font-size: large;\"><em>De <\/em><\/span><span style=\"font-family: Arial, sans-serif;\"><span style=\"font-size: large;\"><em>Vladi<\/em><\/span><\/span><span style=\"font-size: large;\"><em> ou de toi, \u00e0 combattre DAECH.<\/em><\/span><\/p>\n<p align=\"JUSTIFY\">\n<p align=\"JUSTIFY\"><span style=\"font-size: large;\"><em>Toi sans BACHAR ou <\/em><\/span><span style=\"font-family: Arial, sans-serif;\"><span style=\"font-size: large;\"><em>Vladi<\/em><\/span><\/span><span style=\"font-size: large;\"><em> sans toi.<\/em><\/span><\/p>\n<p align=\"JUSTIFY\">\n<p align=\"JUSTIFY\"><span style=\"font-size: large;\"><em>Qui de vous deux pataugerait le plus dans la merde<\/em><\/span><span style=\"font-size: large;\">.<\/span><\/p>\n<p align=\"JUSTIFY\">\n<p align=\"JUSTIFY\"><span style=\"font-size: large;\">Au Fabuleux <\/span><span style=\"font-family: Arial, sans-serif;\"><span style=\"font-size: large;\"><em>Laulau<\/em><\/span><\/span><span style=\"font-size: large;\"> de te le dire, \u00e0 d\u00e9faut du premier Muezzin que tu croiseras.<\/span><\/p>\n<p align=\"JUSTIFY\">\n<p align=\"JUSTIFY\">\n<p align=\"JUSTIFY\"><span style=\"font-size: large;\">Quant \u00e0 tes Homologues Europ\u00e9ens, peuvent-ils seulement te suivre dans tes accrobaties Moralo-Intellectuelles, eux qui, Contrairement \u00e0 toi sont loin d\u2019\u00eatre des surdou\u00e9s \u00e0 valeur ajout\u00e9e par le Suffrage Universel.<\/span><\/p>\n<p align=\"JUSTIFY\">\n<p align=\"JUSTIFY\"><span style=\"font-size: large;\">Ces tra\u00eene-la-patte qui n\u2019en reviennent pas, chaque fois que tu leur flanques sous les pieds un de ces num\u00e9ros-peau-de-banane dont tu as le g\u00e9nie.<\/span><\/p>\n<p align=\"JUSTIFY\">\n<p align=\"JUSTIFY\">\n<p align=\"JUSTIFY\"><span style=\"font-family: 'Comic Sans MS', cursive;\"><span style=\"font-size: large;\">En tout \u00e9tat de cause, tu peux te le tenir pour dit\u00a0:<\/span><\/span><\/p>\n<p align=\"JUSTIFY\">\n<p align=\"JUSTIFY\"><span style=\"font-family: 'Comic Sans MS', cursive;\"><span style=\"font-size: large;\"><em><strong>Tu as unilat\u00e9ralement install\u00e9 la France dans une Guerre sans D\u00e9claration Conforme aux Principes \u00c9tablis en la mati\u00e8re<\/strong><\/em><\/span><\/span><span style=\"font-family: 'Comic Sans MS', cursive;\"><span style=\"font-size: large;\">.<\/span><\/span><\/p>\n<p align=\"JUSTIFY\">\n<p align=\"JUSTIFY\"><span style=\"font-family: 'Comic Sans MS', cursive;\"><span style=\"font-size: large;\">Avec toi ou sans toi, pour Vladimir, c\u2019est du pareil au m\u00eame\u00a0!..<\/span><\/span><\/p>\n<p align=\"JUSTIFY\">\n<p align=\"JUSTIFY\"><span style=\"font-family: 'Comic Sans MS', cursive;\"><span style=\"font-size: large;\">Peut \u00eatre est tu le seul \u00e0 ne pas y penser<\/span><\/span><span style=\"font-size: large;\">. <\/span><\/p>\n<p align=\"JUSTIFY\">\n<p align=\"CENTER\"><span style=\"font-size: large;\"><strong>*** *** ***<\/strong><\/span><\/p>\n<p align=\"CENTER\">\n<p align=\"CENTER\"><span style=\"color: #ff0000;\"><span><strong>Ne Peut \u00eatre reproduit &#8211; m\u00eame partiellement &#8211; sans l\u2019autorisation de l\u2019Auteur.<\/strong><\/span><\/span><\/p>\n<p align=\"CENTER\">\n<p align=\"CENTER\"><span style=\"font-size: large;\">*** *** ***<\/span><\/p>\n<p>&nbsp;<\/p>\n<p><span style=\"color: #ff0000;\"><span style=\"font-size: large;\"><strong>Nota : <\/strong><\/span><\/span><span style=\"color: #000000;\"><span style=\"font-size: large;\">Nous ne traitons que de Faits et de Noms rendus Publics.<\/span><\/span><\/p>\n<p align=\"CENTER\">\n<p align=\"CENTER\"><span style=\"color: #000000;\"><span style=\"font-size: large;\">*** *** **<\/span><\/span><\/p>\n<p align=\"JUSTIFY\"><span style=\"font-size: large;\"><strong>N.B.:<\/strong><\/span><span style=\"font-size: large;\"> &#8211; <\/span><span style=\"color: #c00000;\"><span style=\"font-family: 'Comic Sans MS', cursive;\"><span style=\"font-size: large;\">Nous Recommandons instamment et syst\u00e9matiquement l\u2019ouverture de la (ou des) pi\u00e8ce(s) jointe(s) \u00e0 l\u2019e-mail, sous format Pdf, <\/span><\/span><\/span><span style=\"color: #c00000;\"><span style=\"font-family: 'Comic Sans MS', cursive;\"><span style=\"font-size: large;\"><span style=\"text-decoration: underline;\">les illustrations y sont incluses<\/span><\/span><\/span><\/span><span style=\"color: #c00000;\"><span style=\"font-family: 'Comic Sans MS', cursive;\"><span style=\"font-size: large;\">.<\/span><\/span><\/span><\/p>\n<p align=\"JUSTIFY\">\n<p align=\"JUSTIFY\"><span style=\"text-decoration: underline;\"><strong>Liens Sugg\u00e9r\u00e9s\u00a0:<\/strong><\/span><\/p>\n<ul>\n<li>\n<p align=\"JUSTIFY\"><span style=\"color: #0000ff;\"><span style=\"text-decoration: underline;\"><a href=\"http:\/\/www.lescrutateur.com\/\">http:\/\/www.lescrutateur.com\/<\/a><\/span><\/span><\/p>\n<\/li>\n<li>\n<p align=\"JUSTIFY\"><span style=\"color: #0000ff;\"><span style=\"text-decoration: underline;\"><a href=\"http:\/\/www.etatsgenerauxdeloutremer.fr\/reflexions\">http:\/\/www.etatsgenerauxdeloutremer.fr\/reflexions<\/a><\/span><\/span><\/p>\n<\/li>\n<\/ul>\n<p align=\"CENTER\">\n<p align=\"CENTER\"><strong>==================================================================<\/strong><\/p>\n<script type=\"text\/javascript\">\n\nvar addthis_config = {\"data_track_clickback\":false,\"data_track_addressbar\":false,\"data_track_textcopy\":false};\n<\/script><script type=\"text\/javascript\" src=\"\/\/s7.addthis.com\/js\/250\/addthis_widget.js#pubid=a457a6d63fb9e6ccabdde4110343bd85\"><\/script>","protected":false},"excerpt":{"rendered":"<p align=\"CENTER\"><span style=\"color: #000099;\"><span style=\"font-family: Arial, sans-serif;\"><span style=\"font-size: x-large;\">Le Seul \u00e0 ne pas y penser\u00a0!..<\/span><\/span><\/span><\/p>\n<p align=\"CENTER\">\n<p align=\"JUSTIFY\"><span style=\"color: #632423;\"><span style=\"font-family: 'Comic Sans MS', cursive;\"><span style=\"font-size: large;\">Maintenant que nous nous sommes mis en Guerre en Syrie,<\/span><\/span><\/span><\/p>\n<p align=\"JUSTIFY\"><span style=\"color: #632423;\"><span style=\"font-family: 'Comic Sans MS', cursive;\"><span style=\"font-size: large;\">Tactiquement, Strat\u00e9giquement, Intelligemment parlant,<\/span><\/span><\/span><\/p>\n<p align=\"JUSTIFY\"><span style=\"color: #632423;\"><span style=\"font-family: 'Comic Sans MS', cursive;\"><span style=\"font-size: large;\">De quelle urgence serait le Proc\u00e8s de Bachar<\/span><\/span><\/span><span style=\"color: #632423;\"><span style=\"font-family: Arial, sans-serif;\"><span style=\"font-size: large;\">.<\/span><\/span><\/span><\/p>\n<p align=\"JUSTIFY\">\u00a0<\/p>\n<p align=\"JUSTIFY\"><span style=\"color: #632423;\"><span style=\"font-family: 'Comic Sans MS', cursive;\"><span style=\"font-size: large;\">\u00c9ric E.G. NOGARD<\/span><\/span><\/span><\/p>\n<p align=\"JUSTIFY\"><span style=\"color: #c00000;\"><span style=\"font-size: large;\">Chroniqueur<\/span><\/span><span style=\"color: #c00000;\"><span style=\"font-size: large;\">.<\/span><\/span><\/p>\n<p align=\"CENTER\">\n<p align=\"CENTER\">\n<p align=\"CENTER\"><span style=\"font-size: large;\">*** <\/span>&hellip;<\/p>\n","protected":false},"author":1,"featured_media":0,"comment_status":"open","ping_status":"open","sticky":false,"template":"","format":"standard","meta":{"footnotes":""},"categories":[1],"tags":[],"class_list":["post-11769","post","type-post","status-publish","format-standard","hentry","category-accueil"],"_links":{"self":[{"href":"http:\/\/www.lecarrefourdesopinions.ca\/index.php?rest_route=\/wp\/v2\/posts\/11769","targetHints":{"allow":["GET"]}}],"collection":[{"href":"http:\/\/www.lecarrefourdesopinions.ca\/index.php?rest_route=\/wp\/v2\/posts"}],"about":[{"href":"http:\/\/www.lecarrefourdesopinions.ca\/index.php?rest_route=\/wp\/v2\/types\/post"}],"author":[{"embeddable":true,"href":"http:\/\/www.lecarrefourdesopinions.ca\/index.php?rest_route=\/wp\/v2\/users\/1"}],"replies":[{"embeddable":true,"href":"http:\/\/www.lecarrefourdesopinions.ca\/index.php?rest_route=%2Fwp%2Fv2%2Fcomments&post=11769"}],"version-history":[{"count":2,"href":"http:\/\/www.lecarrefourdesopinions.ca\/index.php?rest_route=\/wp\/v2\/posts\/11769\/revisions"}],"predecessor-version":[{"id":11794,"href":"http:\/\/www.lecarrefourdesopinions.ca\/index.php?rest_route=\/wp\/v2\/posts\/11769\/revisions\/11794"}],"wp:attachment":[{"href":"http:\/\/www.lecarrefourdesopinions.ca\/index.php?rest_route=%2Fwp%2Fv2%2Fmedia&parent=11769"}],"wp:term":[{"taxonomy":"category","embeddable":true,"href":"http:\/\/www.lecarrefourdesopinions.ca\/index.php?rest_route=%2Fwp%2Fv2%2Fcategories&post=11769"},{"taxonomy":"post_tag","embeddable":true,"href":"http:\/\/www.lecarrefourdesopinions.ca\/index.php?rest_route=%2Fwp%2Fv2%2Ftags&post=11769"}],"curies":[{"name":"wp","href":"https:\/\/api.w.org\/{rel}","templated":true}]}}