{"id":11749,"date":"2015-09-14T12:54:52","date_gmt":"2015-09-14T16:54:52","guid":{"rendered":"http:\/\/www.lecarrefourdesopinions.ca\/?p=11749"},"modified":"2015-09-14T12:54:52","modified_gmt":"2015-09-14T16:54:52","slug":"haiti-dans-limpasse-2","status":"publish","type":"post","link":"http:\/\/www.lecarrefourdesopinions.ca\/?p=11749","title":{"rendered":"\u00ab Ha\u00efti dans l\u2019impasse \u00bb"},"content":{"rendered":"<div dir=\"ltr\">\n<div style=\"text-align: center;\">\u00a0<span style=\"font-size: large; font-family: 'Times New Roman', serif;\">\u00ab Ha\u00efti dans l\u2019impasse \u00bb<\/span><\/div>\n<div>\n<p style=\"text-align: left;\" align=\"center\"><span style=\"color: #800000;\"><em><img loading=\"lazy\" decoding=\"async\" class=\"alignleft size-full wp-image-11459\" title=\"Serge 1\" src=\"http:\/\/www.lecarrefourdesopinions.ca\/wp-content\/uploads\/2015\/04\/Serge-1.jpg\" alt=\"\" width=\"101\" height=\"112\" \/><\/em><\/span><\/p>\n<p style=\"text-align: left;\" align=\"center\">\n<p style=\"text-align: left;\" align=\"center\">\n<p style=\"text-align: left;\" align=\"center\">\n<p style=\"text-align: left;\" align=\"center\">\n<p style=\"text-align: left;\" align=\"center\"><span style=\"color: #800000;\"><em>par\u00a0Me Serge H. Mo\u00efse av.<\/em><\/span><\/p>\n<p align=\"justify\"><span style=\"font-family: 'Times New Roman', serif;\"><span style=\"font-size: large;\">Deux si\u00e8cles d\u2019histoire au cours desquels la fiction semble plus vraie que la r\u00e9alit\u00e9. Christophe Colomb se rendant aux Indes par la route de l\u2019est \u00e9choue par accident dans ce qu\u2019il sera convenu d\u2019appeler le Nouveau Monde.<\/span><\/span><\/p>\n<p align=\"justify\"><span style=\"font-family: 'Times New Roman', serif;\"><span style=\"font-size: large;\">Sans se soucier des autochtones, apr\u00e8s la visite des lieux, l\u2019\u00eele est baptis\u00e9e Hispaniola en l\u2019honneur de leurs majest\u00e9s tr\u00e8s catholiques Isabelle de Castille et Ferdinand d\u2019Aragon. Comme tout bon envahisseur, on commence par essayer d\u2019amadouer ces \u00eatres bizarres vivant de chasse et de p\u00eache, adorant les astres comme divinit\u00e9s, loin de la civilisation. Il faut donc les convertir au christianisme et pour ce faire, la bible dans une main, l\u2019\u00e9p\u00e9e dans l\u2019autre, ce sera chose faite le temps de le dire d\u2019autant que le sous-sol est riche en minerais et m\u00e9taux pr\u00e9cieux de toutes sortes.<\/span><\/span><\/p>\n<p align=\"justify\"><span style=\"font-family: 'Times New Roman', serif;\"><span style=\"font-size: large;\">Ces \u00eatres bizarres appel\u00e9s dor\u00e9navant les Indiens, puisque les conquistadores se croyaient en Inde, feront l\u2019apprentissage des travaux forc\u00e9s car le royaume a besoin de ressources et pas des moindres. L\u2019or, l\u2019argent et autres m\u00e9taux pr\u00e9cieux y abondaient et ces primitifs n\u2019en connaissaient m\u00eame pas la valeur. Se les approprier d\u2019une mani\u00e8re ou d\u2019une autre ne posait donc aucun probl\u00e8me, encore fallait-il une main-d\u2019\u0153uvre peu co\u00fbteuse mais vigoureuse pour ce faire.<\/span><\/span><\/p>\n<p align=\"justify\"><span style=\"font-size: large;\"><span style=\"font-family: 'Times New Roman', serif;\">Ces Indiens des Antilles se sont vite r\u00e9v\u00e9l<\/span><span style=\"font-family: Sylfaen, serif;\">\u00e9s inaptes \u00e0 ce genre de boulot et la population a commenc\u00e9 \u00e0 d\u00e9cro\u00eetre rapidement, aid\u00e9e en cela par les maladies sexuellement transmissibles gracieusement import\u00e9es.<\/span><\/span><\/p>\n<p align=\"justify\"><span style=\"font-size: large;\"><span style=\"font-family: Sylfaen, serif;\">C\u2019est alors que le r\u00e9v\u00e9rend Bartolomeo de Las Casas, dans un \u00e9lan de \u00ab charit\u00e9 toute chr\u00e9tienne \u00bb, eut la g<\/span><span style=\"font-family: 'Times New Roman', serif;\">\u00e9niale inspiration de<\/span><span style=\"font-family: Sylfaen, serif;\"> sugg\u00e9rer \u00e0 ses patrons de mettre un terme \u00e0 ce massacre et de remplacer ces cr<\/span><span style=\"font-family: 'Times New Roman', serif;\">\u00e9atures ch\u00e9tives par les Bossales, rudes travailleurs et costauds qui passaient leur temps \u00e0 s\u2019entre-tuer dans leurs lointaines terres d\u2019Afrique.<\/span><\/span><\/p>\n<p align=\"justify\"><span style=\"font-family: 'Times New Roman', serif;\"><span style=\"font-size: large;\">Ainsi d\u00e9buta l\u2019immigration massive de nos anc\u00eatres, ces N\u00e8gres d\u2019Afrique, vers la terre de soleil, de fer et de feu, agr\u00e9ment\u00e9e de vaudou et de christianisme dont nous sommes les heureux h\u00e9ritiers.<\/span><\/span><\/p>\n<p align=\"justify\"><span style=\"font-family: 'Times New Roman', serif;\"><span style=\"font-size: large;\">La lune de miel dura trois cents longues ann\u00e9es, ponctu\u00e9e de querelles, d\u2019escarmouches, pour d\u00e9g\u00e9n\u00e9rer en marronnage, fugue, r\u00e9volte et culminer enfin, \u00e0 travers la geste de mil huit cent quatre, \u00e0 la rupture spectaculaire des cha\u00eenes de l\u2019esclavage.<\/span><\/span><\/p>\n<p align=\"justify\"><span style=\"font-family: 'Times New Roman', serif;\"><span style=\"font-size: large;\">Le premier janvier mil huit cent quatre, notre fier bicolore symbolisant les notions de libert\u00e9, d\u2019\u00e9galit\u00e9 et de fraternit\u00e9 a flott\u00e9 all\u00e8grement, transmettant au monde entier les effluves sacro-saintes de notre volont\u00e9 in\u00e9branlable de vivre libre ou de mourir.<\/span><\/span><\/p>\n<p align=\"justify\"><span style=\"font-family: 'Times New Roman', serif;\"><span style=\"font-size: large;\">D\u00e8s mil huit cent cinq (1805) une premi\u00e8re constitution d\u00e9finissait les rapports entre gouvernants et gouvern\u00e9s, l\u2019article 26 consacrait le r\u00e8gne \u00e0 vie de l\u2019empereur avec le droit de choisir son successeur. La trag\u00e9die du Pont Rouge, dont les s\u00e9quelles se font encore sentir de nos jours, en a d\u00e9cid\u00e9 autrement et comme pour rester dans l\u2019air du temps, le pr\u00e9sident Boyer se fera pl\u00e9bisciter \u00e0 vie, suivi dans la m\u00eame veine par Henry Christophe dans le Nord, plus tard Faustin Soulouque et enfin Fran\u00e7ois et Jean-Claude Duvalier.<\/span><\/span><\/p>\n<p align=\"justify\"><span style=\"font-family: 'Times New Roman', serif;\"><span style=\"font-size: large;\">Tous ces empires, royaumes et r\u00e9publiques ont une particularit\u00e9 en commun\u00a0: le m\u00e9pris de la res publica.<\/span><\/span><\/p>\n<p align=\"justify\"><span style=\"font-family: 'Times New Roman', serif;\"><span style=\"font-size: large;\">La nation, encore en devenir, a \u00e9volu\u00e9 en dent de scie avec le plus souvent des bonds en arri\u00e8re, zigzaguant de mal en pis. Tous les pr\u00e9sidents \u00e9lus r\u00e9guli\u00e8rement ou \u00e0 la faveur de nos nombreux pronunciamientos ont toujours voulu se perp\u00e9tuer au pouvoir en d\u00e9pit des prescrits de nos diff\u00e9rentes constitutions, avec les m\u00eames r\u00e9sultats qu\u2019ils se feront chasser du palais national comme de vulgaires chenapans.<\/span><\/span><\/p>\n<p align=\"justify\"><span style=\"font-family: 'Times New Roman', serif;\"><span style=\"font-size: large;\">Cette pulsion morbide habite encore nos politiciens d\u2019aujourd\u2019hui, certes de mani\u00e8re un tantinet plus sophistiqu\u00e9e, comme l\u2019ont d\u2019ailleurs d\u00e9montr\u00e9 les derni\u00e8res \u00e9lections boud\u00e9es par la grande majorit\u00e9 de la population.<\/span><\/span><\/p>\n<p align=\"justify\"><span style=\"font-size: large;\"><span style=\"font-family: 'Times New Roman', serif;\">Ce simple et rapide survol historique n\u2019a pas la pr\u00e9tention de retracer, dans les moindres d\u00e9tails, toute la gamme de nos gabegies au fil des d\u00e9cennies. Elles sont connues pour avoir \u00e9t\u00e9 sass\u00e9es et ressass\u00e9es par nos brillants analystes et historiens.<\/span><\/span><\/p>\n<p align=\"justify\"><span style=\"font-family: 'Times New Roman', serif;\"><span style=\"font-size: large;\">Notre propos se veut une modeste contribution \u00e0 la recherche des causes de nos malheurs dont nous sommes, \u00e0 n\u2019en point douter les premiers responsables. S\u2019il est vrai que le d\u00e9veloppement d&rsquo;une soci\u00e9t\u00e9 passe par ses cr\u00e9neaux culturels, il y a lieu pour nous de questionner en premier lieu cet aspect de la question, d\u00e9marche qui devrait relever d\u2019une \u00e9quipe pluridisciplinaire r\u00e9unissant toutes les comp\u00e9tences y aff\u00e9rentes.<\/span><\/span><\/p>\n<p align=\"justify\"><span style=\"font-family: 'Times New Roman', serif;\"><span style=\"font-size: large;\">A d\u00e9faut de cette \u00e9quipe, notre t\u00e9m\u00e9rit\u00e9 nous incite, avec tous les risques que cela peut comporter, \u00e0 questionner nos m\u00e9thodes d\u2019enseignement qui nous ont fait accroire, pendant trop longtemps, que le fran\u00e7ais \u00e9tait notre langue maternelle &#8211; premier pas vers l\u2019acculturation &#8211;<\/span><\/span><\/p>\n<p align=\"justify\"><span style=\"font-family: 'Times New Roman', serif;\"><span style=\"font-size: large;\">Des Afro-Cara\u00efb\u00e9ens, \u00e9duqu\u00e9s \u00e0 la fran\u00e7aise, n\u2019appr\u00e9ciant que les valeurs culturelles import\u00e9es, ignorant et m\u00e9prisant syst\u00e9matiquement les siennes, au lieu d\u2019en faire une idiosyncrasie enrichissante, une telle approche frisant la dichotomie, ne pouvait que d\u00e9chirer le tissu social et barrer la route \u00e0 toute vell\u00e9it\u00e9 de d\u00e9veloppement endog\u00e8ne.<\/span><\/span><\/p>\n<p align=\"justify\"><span style=\"font-family: 'Times New Roman', serif;\"><span style=\"font-size: large;\">De plus, toute soci\u00e9t\u00e9, pour pouvoir \u00e9voluer de fa\u00e7on harmonieuse se doit d\u2019\u00e9tablir ses r\u00e8gles de fonctionnement en ad\u00e9quation avec sa propre culture, et quand ces susdites r\u00e8gles de droit sont elles aussi import\u00e9es sans la moindre tentative d\u2019adaptation, le dysfonctionnement s\u2019av\u00e8re in\u00e9vitable comme nous le constatons depuis trop longtemps avec une passivit\u00e9 d\u00e9concertante.<\/span><\/span><\/p>\n<p align=\"justify\"><span style=\"font-family: 'Times New Roman', serif;\"><span style=\"font-size: large;\">Ha\u00efti est dans une impasse, nous le r\u00e9p\u00e9tons depuis une cinquantaine d\u2019ann\u00e9es, et nous refusons d\u2019admettre que c\u2019est l\u00e0 notre \u0153uvre collective, volontairement ou non. Certains d\u2019entre nous ont tr\u00e8s mal fait, d\u2019autres, par contre, n\u2019ont pas os\u00e9 faire ce \u00e0 quoi ils \u00e9taient oblig\u00e9s, nous sommes donc tous sinon coupables du moins responsables de notre lamentable situation de peuple le plus corrompu et en cons\u00e9quence le plus pauvre. Nos a\u00efeux ont pratiqu\u00e9 le marronnage contre les colons pour nous d\u00e9livrer de l\u2019abrutissement, nous le pratiquons avec nous-m\u00eames esp\u00e9rant nous d\u00e9douaner de notre l\u00e9g\u00e8ret\u00e9 envers la m\u00e8re-patrie. Nous inventons arguties et circonvolutions pour nous convaincre que nous n\u2019avons rien \u00e0 voir dans ce chaos s\u00e9culaire. Peine perdue s\u0153urs et fr\u00e8res, notre conscience sera toujours omnipr\u00e9sente, comme l\u2019\u0153il du ma\u00eetre qui regardait Ca\u00efn.<\/span><\/span><\/p>\n<p align=\"justify\"><span style=\"font-family: 'Times New Roman', serif;\"><span style=\"font-size: large;\">Sur le plan \u00e9conomique, nous avons choisi le mercantilisme en lieu et place de la production, l\u2019acc\u00e8s au cr\u00e9dit est limit\u00e9 \u00e0 environ trois pour cent (03%) de la population active, qui elle-m\u00eame ne repr\u00e9sente que vingt cinq pour cent (25%) de la famille ha\u00eftienne.<\/span><\/span><\/p>\n<p align=\"justify\"><span style=\"font-family: 'Times New Roman', serif;\"><span style=\"font-size: large;\">En cons\u00e9quence, envisager la refondation du pays implique une emphase certaine sur la r\u00e9forme judiciaire et la s\u00e9curit\u00e9 pour tous, la revalorisation des corps socioprofessionnels\u00a0: avocats, m\u00e9decins, ing\u00e9nieurs, professeurs, notaires, arpenteurs, comptables etc., une fonction publique \u00e9pur\u00e9e, une politique de plein emploi \u00e0 partir de nos propres ressources, un encadrement ad\u00e9quat de nos artistes et pour cause, une \u00e9ducation innov\u00e9e qui tienne davantage compte de nos valeurs culturelles, pour une jeunesse saine de corps et d\u2019esprit, la sant\u00e9 \u00e0 la port\u00e9e de tous, sans oublier la c\u00e9l\u00e9rit\u00e9 dans l\u2019urgence\u00a0: \u00e9videmment les logements sociaux pour tous les sinistr\u00e9s et les d\u00e9munis. Tout ce qui pr\u00e9c\u00e8de, il va de soi, \u00e0 partir d\u2019un \u00c9tat structur\u00e9 de mani\u00e8re efficace et efficiente.<\/span><\/span><\/p>\n<p align=\"justify\"><span style=\"font-family: 'Times New Roman', serif;\"><span style=\"font-size: large;\">Nous estimons de notre devoir de joindre notre faible voix \u00e0 toutes celles qui r\u00e9clament \u00e0 cor et \u00e0 cri que nous sortions enfin de l\u2019impasse, car Ha\u00efti c\u2019est nous, en tout temps, et o\u00f9 que nous puissions nous retrouver.<\/span><\/span><\/p>\n<p align=\"justify\">\n<p align=\"justify\">\n<p align=\"justify\">\n<\/div>\n<\/div>\n<script type=\"text\/javascript\">\n\nvar addthis_config = {\"data_track_clickback\":false,\"data_track_addressbar\":false,\"data_track_textcopy\":false};\n<\/script><script type=\"text\/javascript\" src=\"\/\/s7.addthis.com\/js\/250\/addthis_widget.js#pubid=a457a6d63fb9e6ccabdde4110343bd85\"><\/script>","protected":false},"excerpt":{"rendered":"<p><span style=\"font-size: large; font-family: 'Times New Roman', serif;\">\u00ab Ha\u00efti dans l\u2019impasse \u00bb<\/span><\/p>\n<p style=\"text-align: left;\" align=\"center\"><span style=\"color: #800000;\"><\/span><\/p>\n<p style=\"text-align: left;\" align=\"center\">\n<p style=\"text-align: left;\" align=\"center\">\n<p style=\"text-align: left;\" align=\"center\">\n<p style=\"text-align: left;\" align=\"center\">\n<p style=\"text-align: left;\" align=\"center\"><span style=\"color: #800000;\">par\u00a0Me Serge H. Mo\u00efse av.<\/span><\/p>\n<p align=\"justify\"><span style=\"font-family: 'Times New Roman', serif;\"><span style=\"font-size: large;\">Deux si\u00e8cles d\u2019histoire au cours desquels la fiction semble plus vraie que la r\u00e9alit\u00e9. Christophe Colomb se rendant aux Indes par la route de l\u2019est \u00e9choue <\/span><\/span>&hellip;<\/p>\n","protected":false},"author":1,"featured_media":0,"comment_status":"open","ping_status":"open","sticky":false,"template":"","format":"standard","meta":{"footnotes":""},"categories":[1],"tags":[],"class_list":["post-11749","post","type-post","status-publish","format-standard","hentry","category-accueil"],"_links":{"self":[{"href":"http:\/\/www.lecarrefourdesopinions.ca\/index.php?rest_route=\/wp\/v2\/posts\/11749","targetHints":{"allow":["GET"]}}],"collection":[{"href":"http:\/\/www.lecarrefourdesopinions.ca\/index.php?rest_route=\/wp\/v2\/posts"}],"about":[{"href":"http:\/\/www.lecarrefourdesopinions.ca\/index.php?rest_route=\/wp\/v2\/types\/post"}],"author":[{"embeddable":true,"href":"http:\/\/www.lecarrefourdesopinions.ca\/index.php?rest_route=\/wp\/v2\/users\/1"}],"replies":[{"embeddable":true,"href":"http:\/\/www.lecarrefourdesopinions.ca\/index.php?rest_route=%2Fwp%2Fv2%2Fcomments&post=11749"}],"version-history":[{"count":2,"href":"http:\/\/www.lecarrefourdesopinions.ca\/index.php?rest_route=\/wp\/v2\/posts\/11749\/revisions"}],"predecessor-version":[{"id":11751,"href":"http:\/\/www.lecarrefourdesopinions.ca\/index.php?rest_route=\/wp\/v2\/posts\/11749\/revisions\/11751"}],"wp:attachment":[{"href":"http:\/\/www.lecarrefourdesopinions.ca\/index.php?rest_route=%2Fwp%2Fv2%2Fmedia&parent=11749"}],"wp:term":[{"taxonomy":"category","embeddable":true,"href":"http:\/\/www.lecarrefourdesopinions.ca\/index.php?rest_route=%2Fwp%2Fv2%2Fcategories&post=11749"},{"taxonomy":"post_tag","embeddable":true,"href":"http:\/\/www.lecarrefourdesopinions.ca\/index.php?rest_route=%2Fwp%2Fv2%2Ftags&post=11749"}],"curies":[{"name":"wp","href":"https:\/\/api.w.org\/{rel}","templated":true}]}}