{"id":11722,"date":"2015-09-01T11:10:34","date_gmt":"2015-09-01T15:10:34","guid":{"rendered":"http:\/\/www.lecarrefourdesopinions.ca\/?p=11722"},"modified":"2015-09-01T11:10:34","modified_gmt":"2015-09-01T15:10:34","slug":"le-cri-dalarme2","status":"publish","type":"post","link":"http:\/\/www.lecarrefourdesopinions.ca\/?p=11722","title":{"rendered":"Le Cri d\u2019Alarme(2)"},"content":{"rendered":"<p align=\"CENTER\"><span><strong>Le Cri d\u2019Alarme.<\/strong><\/span><\/p>\n<p style=\"text-align: left;\" align=\"CENTER\"><span style=\"color: #800000;\"><em><strong>Chronique d\u2019\u00c9ric E.G. NOGARD<\/strong><\/em><\/span><\/p>\n<p align=\"CENTER\"><span style=\"color: #000000;\"><span><strong>De l\u2019Ex. Martinique Province Fran\u00e7aise d\u2019Am\u00e9rique Amie du Canada (1061 Titres).<\/strong><\/span><\/span><\/p>\n<p align=\"CENTER\">\n<p align=\"CENTER\"><span style=\"color: #c00000;\"><em><strong>==========<\/strong><\/em><\/span><\/p>\n<p align=\"CENTER\"><span style=\"color: #000099;\"><span style=\"font-family: Arial, sans-serif;\"><span style=\"font-size: x-large;\"><em><strong>Il n\u2019y a de pire sourd..<\/strong><\/em><\/span><\/span><\/span><span style=\"color: #000099;\"><span style=\"font-size: x-large;\"><em><strong>.<\/strong><\/em><\/span><\/span><\/p>\n<p align=\"CENTER\">\n<p align=\"CENTER\"><span style=\"color: #000099;\"><span><strong>=====<\/strong><\/span><\/span><\/p>\n<p align=\"JUSTIFY\"><span style=\"color: #632423;\"><span style=\"font-family: 'Comic Sans MS', cursive;\"><span style=\"font-size: large;\">C\u2019est du moins ce qu\u2019on dit\u00a0:<\/span><\/span><\/span><\/p>\n<p align=\"JUSTIFY\">\u00a0<img loading=\"lazy\" decoding=\"async\" class=\"alignleft size-thumbnail wp-image-11439\" title=\"Eric\" src=\"http:\/\/www.lecarrefourdesopinions.ca\/wp-content\/uploads\/2015\/04\/Eric-134x107.jpg\" alt=\"\" width=\"134\" height=\"107\" \/><\/p>\n<p align=\"JUSTIFY\"><span style=\"color: #632423;\"><span style=\"font-family: 'Comic Sans MS', cursive;\"><span style=\"font-size: large;\">\u00ab\u00a0<\/span><\/span><\/span><span style=\"color: #632423;\"><span style=\"font-family: 'Comic Sans MS', cursive;\"><span style=\"font-size: large;\"><em><strong>Il n\u2019y a de pire sourd que celui qui ne veut pas entendre<\/strong><\/em><\/span><\/span><\/span><span style=\"color: #632423;\"><span style=\"font-family: 'Comic Sans MS', cursive;\"><span style=\"font-size: large;\">\u00a0\u00bb.<\/span><\/span><\/span><\/p>\n<p align=\"JUSTIFY\">\n<p align=\"JUSTIFY\"><span style=\"color: #632423;\"><span style=\"font-family: 'Comic Sans MS', cursive;\"><span style=\"font-size: large;\">C\u2019est qu\u2019il a ses raisons\u00a0!&#8230; Qu\u2019elles soient fra\u00eeches, rassises ou pressenties.<\/span><\/span><\/span><\/p>\n<p align=\"JUSTIFY\">\n<p align=\"JUSTIFY\"><span style=\"color: #632423;\"><span style=\"font-family: 'Comic Sans MS', cursive;\"><span style=\"font-size: large;\">\u00c9ric E.G. NOGARD<\/span><\/span><\/span><\/p>\n<p align=\"JUSTIFY\"><span style=\"color: #c00000;\"><span style=\"font-size: large;\"><em>Chroniqueur<\/em><\/span><\/span><span style=\"color: #c00000;\"><span style=\"font-size: large;\">.<\/span><\/span><\/p>\n<p align=\"JUSTIFY\">\n<p align=\"CENTER\"><span style=\"font-size: large;\">*** *** ***<\/span><\/p>\n<p>&nbsp;<\/p>\n<p align=\"JUSTIFY\"><span style=\"font-family: 'Comic Sans MS', cursive;\"><span style=\"font-size: large;\">Certains Europ\u00e9ens, certains Pays d\u2019Europe semblent illustrer cet adage, pour ceci bien souvent, pour cela parfois, en tout cas, s\u2019agissant des migrants dont la<\/span><\/span><span style=\"font-family: Arial, sans-serif;\"><span style=\"font-size: large;\"><em>Mare-Nostrum<\/em><\/span><\/span><span style=\"font-family: 'Comic Sans MS', cursive;\"><span style=\"font-size: large;\">prolif\u00e8re chaque jour d\u2019avantage<\/span><\/span><span style=\"font-size: large;\">.<\/span><\/p>\n<p align=\"JUSTIFY\">\n<p align=\"JUSTIFY\">\u00a0 \u00a0 \u00a0 \u00a0 \u00a0 \u00a0 \u00a0 \u00a0 \u00a0 \u00a0 \u00a0 \u00a0 \u00a0 \u00a0 \u00a0 \u00a0 \u00a0 \u00a0 \u00a0 \u00a0 \u00a0 \u00a0 \u00a0 \u00a0 \u00a0 \u00a0<img loading=\"lazy\" decoding=\"async\" class=\"alignnone size-medium wp-image-11723\" title=\"Er1\" src=\"http:\/\/www.lecarrefourdesopinions.ca\/wp-content\/uploads\/2015\/08\/Er1-300x155.jpg\" alt=\"\" width=\"300\" height=\"155\" srcset=\"http:\/\/www.lecarrefourdesopinions.ca\/wp-content\/uploads\/2015\/08\/Er1-300x155.jpg 300w, http:\/\/www.lecarrefourdesopinions.ca\/wp-content\/uploads\/2015\/08\/Er1-400x207.jpg 400w, http:\/\/www.lecarrefourdesopinions.ca\/wp-content\/uploads\/2015\/08\/Er1.jpg 770w\" sizes=\"auto, (max-width: 300px) 100vw, 300px\" \/><\/p>\n<p align=\"JUSTIFY\">\u00a0 \u00a0 \u00a0 \u00a0 \u00a0 \u00a0 \u00a0 \u00a0 \u00a0 \u00a0 \u00a0 \u00a0 \u00a0 \u00a0 \u00a0 \u00a0 \u00a0 \u00a0 \u00a0 \u00a0 \u00a0 \u00a0 \u00a0 \u00a0 \u00a0 \u00a0<img loading=\"lazy\" decoding=\"async\" class=\"alignnone size-full wp-image-11727\" title=\"ER1A\" src=\"http:\/\/www.lecarrefourdesopinions.ca\/wp-content\/uploads\/2015\/08\/ER1A.jpg\" alt=\"\" width=\"300\" height=\"300\" \/><\/p>\n<p align=\"CENTER\"><span style=\"font-size: large;\"><strong>F1\u00a0:<\/strong><\/span><span style=\"color: #c00000;\"><span style=\"font-size: large;\"><em>Selon quel rythme, pour quelle dur\u00e9e<\/em><\/span><\/span><span style=\"font-size: large;\">.<\/span><\/p>\n<p align=\"JUSTIFY\">\n<p align=\"JUSTIFY\"><span style=\"font-size: large;\">Comme si ces migrants \u2013 il convient mieux de dire ces r\u00e9fugi\u00e9s \u2013 pleuvaient de nulle part, sans ma\u00eetre ni collier et surtout sans danger pour ceux chez qui ils atterrissent.<\/span><\/p>\n<p align=\"JUSTIFY\">\n<p align=\"JUSTIFY\">\n<p align=\"JUSTIFY\"><span style=\"font-size: large;\">Sans compter, on a beau dire, que tous ces Pays et Gouvernants d\u00e9verseurs de r\u00e9fugi\u00e9s semblent ignorer qu\u2019ils ont chacun leurs Alli\u00e9s, que le propre de l\u2019Alli\u00e9, autrement \u00e0 quoi bon, est d\u2019\u00eatre le recours, le refuge, le soutien par excellence.<\/span><\/p>\n<p align=\"JUSTIFY\">\n<p align=\"JUSTIFY\">\n<p align=\"JUSTIFY\"><span style=\"font-size: large;\">Rappelons-nous la France dans ses heures les plus sombres.<\/span><\/p>\n<p align=\"JUSTIFY\">\n<p align=\"JUSTIFY\"><span style=\"font-size: large;\">Rappelons-nous quelles routes ont suivi les Fran\u00e7ais.<\/span><\/p>\n<p align=\"JUSTIFY\">\n<p align=\"JUSTIFY\"><span style=\"font-size: large;\">Rappelons-nous de quels Tributs se sont alors acquitt\u00e9s les Alli\u00e9s de la France.<\/span><\/p>\n<p align=\"JUSTIFY\">\n<p align=\"JUSTIFY\"><span style=\"font-size: large;\">Rappelons-nous que nul de ces n\u00e9o-migrants n\u2019ignore quels sont les Alli\u00e9s du Pays dont ils ressortent et qui, <\/span><span style=\"font-family: Arial, sans-serif;\"><span style=\"font-size: large;\"><em>ipso facto<\/em><\/span><\/span><span style=\"font-size: large;\">, devraient \u00eatre les premiers \u00e0 leur tendre une main secourable.<\/span><\/p>\n<p align=\"JUSTIFY\">\n<p align=\"JUSTIFY\">\n<p align=\"JUSTIFY\"><span style=\"font-size: large;\">Or, qu\u2019en est-il, du moins \u00e0 ce qu\u2019il semble.<\/span><\/p>\n<p align=\"JUSTIFY\">\n<p align=\"JUSTIFY\">\u00a0 \u00a0 \u00a0 \u00a0 \u00a0 \u00a0 \u00a0 \u00a0 \u00a0 \u00a0 \u00a0 \u00a0 \u00a0 \u00a0 \u00a0 \u00a0 \u00a0 \u00a0 \u00a0 \u00a0 \u00a0 \u00a0 \u00a0 \u00a0 \u00a0\u00a0<img loading=\"lazy\" decoding=\"async\" class=\"alignnone size-medium wp-image-11724\" title=\"ER2\" src=\"http:\/\/www.lecarrefourdesopinions.ca\/wp-content\/uploads\/2015\/08\/ER2-300x192.jpg\" alt=\"\" width=\"300\" height=\"192\" srcset=\"http:\/\/www.lecarrefourdesopinions.ca\/wp-content\/uploads\/2015\/08\/ER2-300x192.jpg 300w, http:\/\/www.lecarrefourdesopinions.ca\/wp-content\/uploads\/2015\/08\/ER2-400x256.jpg 400w, http:\/\/www.lecarrefourdesopinions.ca\/wp-content\/uploads\/2015\/08\/ER2.jpg 1000w\" sizes=\"auto, (max-width: 300px) 100vw, 300px\" \/><\/p>\n<p align=\"CENTER\"><span style=\"font-size: large;\"><strong>F2\u00a0:<\/strong><\/span><span style=\"color: #c00000;\"><span style=\"font-size: large;\"><em>Ne vous d\u00e9plaise\u00a0!..<\/em><\/span><\/span><\/p>\n<p align=\"JUSTIFY\"><span style=\"font-size: large;\">Il est vrai \u2013 h\u00e9las ou Dieu merci \u2013 Monsieur Fran\u00e7ois HOLLANDE s\u2019est voulu faire le redresseur, au nom de la France, donc de l\u2019Europe, de tous les torts et mis\u00e8res du Monde, <\/span><span style=\"font-family: Arial, sans-serif;\"><span style=\"font-size: large;\"><em>and so did he<\/em><\/span><\/span><span style=\"font-size: large;\">.<\/span><\/p>\n<p align=\"JUSTIFY\">\n<p align=\"JUSTIFY\"><span style=\"font-size: large;\">Comprendra-t-on d\u00e8s-lors que, ni Chinois, ni Russes, ni <\/span><span style=\"font-family: Arial, sans-serif;\"><span style=\"font-size: large;\"><em>Black-Gold Kings<\/em><\/span><\/span><span style=\"font-size: large;\"> ne sauraient aujourd\u2019hui tenter de lui voler la Vedette dans ce Moulin aux R\u00e9fugi\u00e9s o\u00f9 l\u2019Europe risque, comme le Minotier, de se faire submerger par le grain.<\/span><\/p>\n<p align=\"JUSTIFY\">\n<p align=\"JUSTIFY\"><span style=\"font-size: large;\">L\u2019Europe a bien cherch\u00e9 ce qui lui donne maintenant des cheveux blancs, n\u2019en d\u00e9plaise \u00e0 qui on devine ais\u00e9ment.<\/span><\/p>\n<p align=\"JUSTIFY\">\n<p align=\"JUSTIFY\">\n<p align=\"JUSTIFY\"><span style=\"font-size: large;\">Certes, fuyant la mis\u00e8re et tout\u2019autre calamit\u00e9, ces cherche-refuge engagent leur vie et endurent les pires mis\u00e8res.<\/span><\/p>\n<p align=\"JUSTIFY\">\n<p align=\"JUSTIFY\"><span style=\"font-size: large;\">Certes, aucun \u00eatre humain ne doit demeurer insensible \u00e0 leur cas digne de Compassion.<\/span><\/p>\n<p align=\"JUSTIFY\">\n<p align=\"JUSTIFY\"><span style=\"font-size: large;\">Encore que, n\u2019allons pas jusqu\u2019\u00e0 le dire, il y a ceux qui ont les moyens p\u00e9cuniaires d\u2019\u00e9migrer malgr\u00e9 les risques, et ceux qui, faute de <\/span><span style=\"font-family: Arial, sans-serif;\"><span style=\"font-size: large;\"><em>one penny to their name nor one cent in their pocket<\/em><\/span><\/span><span style=\"font-size: large;\"> sont condamn\u00e9s \u00e0 l\u2019enfer.<\/span><\/p>\n<p align=\"JUSTIFY\">\n<p align=\"JUSTIFY\">\n<p align=\"JUSTIFY\"><span style=\"font-size: large;\">Cependant, leur cas ne serait-il pas symptomatique d\u2019un fl\u00e9au non encore estim\u00e9 \u00e0 sa juste importance et clairement identifi\u00e9 \u00e0 cause d\u2019int\u00e9r\u00eats non avou\u00e9s (parce que non avouables), au grand dam de donneurs d\u2019alerte qui, malheureusement pour eux, ne trouvent ni \u00e9coute, ni gr\u00e2ce, ni merci, au sein de nos <\/span><span style=\"font-family: Arial, sans-serif;\"><span style=\"font-size: large;\"><em>today societies<\/em><\/span><\/span><span style=\"font-size: large;\">.<\/span><\/p>\n<p align=\"JUSTIFY\">\n<p align=\"JUSTIFY\">\u00a0 \u00a0 \u00a0 \u00a0 \u00a0 \u00a0 \u00a0 \u00a0 \u00a0 \u00a0 \u00a0 \u00a0 \u00a0 \u00a0 \u00a0 \u00a0 \u00a0 \u00a0 \u00a0 \u00a0 \u00a0 \u00a0 \u00a0 \u00a0 \u00a0<img loading=\"lazy\" decoding=\"async\" class=\"alignnone size-full wp-image-11725\" title=\"ER3\" src=\"http:\/\/www.lecarrefourdesopinions.ca\/wp-content\/uploads\/2015\/08\/ER3.jpg\" alt=\"\" width=\"300\" height=\"225\" \/><\/p>\n<p align=\"JUSTIFY\"><span style=\"font-size: large;\"><strong>\u00a0 \u00a0 \u00a0 \u00a0 \u00a0 \u00a0 \u00a0 \u00a0 \u00a0 \u00a0 \u00a0 \u00a0 \u00a0F3\u00a0:<\/strong><\/span><span style=\"color: #c00000;\"><span style=\"font-size: large;\"><em>Muraille de Chine et Pont Levis n\u2019y feront rien.<\/em><\/span><\/span><\/p>\n<p align=\"JUSTIFY\">\n<p align=\"JUSTIFY\"><span style=\"font-size: large;\">Ainsi.<\/span><\/p>\n<p align=\"JUSTIFY\">\n<p align=\"JUSTIFY\"><span style=\"font-size: large;\">La Gr\u00e8ce et l\u2019Italie tiendront-elles encore le coup quand les coups de boutoir de leur \u00e9conomie justifieraient d\u00e9j\u00e0 une migration dangereuse de leurs populations.<\/span><\/p>\n<p align=\"JUSTIFY\">\n<p align=\"JUSTIFY\"><span style=\"font-size: large;\">Certains Pays d\u2019Europe qui, \u00e0 tort ou \u00e0 raison se sentent menac\u00e9s, se mettront-ils \u00e0 construire leur \u00ab\u00a0mur de Chine\u00a0\u00bb et actionner leur Pont Levis\u2026 autrement qu\u2019en vain.<\/span><\/p>\n<p align=\"JUSTIFY\">\n<p align=\"JUSTIFY\"><span style=\"font-size: large;\">En tout cas, l\u2019heure nous semble plut\u00f4t sombre pour l\u2019Europe.<\/span><\/p>\n<p align=\"JUSTIFY\">\n<p align=\"JUSTIFY\"><span style=\"font-size: large;\">Tournera-t-elle encore longtemps autour du pot au lieu de prendre le fait au s\u00e9rieux\u2026 jusqu\u2019\u00e0 ce que la Tour de Babel lui tombe sur le bec et lui jette dans les pattes assez de \u00ab\u00a0rescap\u00e9s\u00a0\u00bb pour que ni poule ni cane n\u2019y reconnaisse plus ses poussins.<\/span><\/p>\n<p align=\"JUSTIFY\">\n<p align=\"JUSTIFY\"><span style=\"font-size: large;\"><em><strong>Les d\u00e9s pip\u00e9s sont \u00e0 redouter\u2026<\/strong><\/em><\/span><\/p>\n<p align=\"JUSTIFY\"><span style=\"font-size: large;\"><em><strong> R\u00e9apprenons \u00e0 jouer franc-jeu<\/strong><\/em><\/span><span style=\"font-size: large;\">.<\/span><\/p>\n<p align=\"JUSTIFY\">\n<ul>\n<li>\n<p align=\"JUSTIFY\"><span style=\"font-size: large;\">Il se peut que ce ph\u00e9nom\u00e8ne migratoire qui risque de faire Tsunami soit une bonne chose\u2026<\/span><\/p>\n<\/li>\n<\/ul>\n<p align=\"JUSTIFY\">\n<p align=\"JUSTIFY\"><span style=\"font-size: large;\"><em>En ce cas, encourageons-le, encadrons-le, aidons-le\u2026 sans pleurnicher l\u00e0-dessus<\/em><\/span><span style=\"font-size: large;\">.<\/span><\/p>\n<p align=\"JUSTIFY\">\n<p align=\"JUSTIFY\">\n<ul>\n<li>\n<p align=\"JUSTIFY\"><span style=\"font-size: large;\">Il se peut que nous y perdions notre \u00e2me pour l\u2019avoir perfidement ou b\u00e9atement sous-\u00e9valu\u00e9.<\/span><\/p>\n<\/li>\n<\/ul>\n<p align=\"JUSTIFY\">\n<p align=\"JUSTIFY\"><span style=\"font-size: large;\"><em>En ce cas, n\u2019est-il pas temps de convenir que tout migrant \u2013 \u00e0 moins d\u2019\u00eatre un E.T. \u2013 ressort d\u2019un Pays qui, avec ses Alli\u00e9s est de toute \u00e9vidence le <\/em><\/span><span style=\"font-family: Arial, sans-serif;\"><span style=\"font-size: large;\"><em>Number One<\/em><\/span><\/span><span style=\"font-size: large;\"><em> \u00e0 interpeller au risque d\u2019en venir aux mains, s\u2019il en est encore temps<\/em><\/span><span style=\"font-size: large;\">.<\/span><\/p>\n<p align=\"JUSTIFY\">\n<p align=\"JUSTIFY\">\u00a0 \u00a0 \u00a0 \u00a0 \u00a0 \u00a0 \u00a0 \u00a0 \u00a0 \u00a0 \u00a0 \u00a0 \u00a0 \u00a0 \u00a0 \u00a0 \u00a0 \u00a0 \u00a0 \u00a0 \u00a0 \u00a0<img loading=\"lazy\" decoding=\"async\" class=\"alignnone size-medium wp-image-11726\" title=\"ER4\" src=\"http:\/\/www.lecarrefourdesopinions.ca\/wp-content\/uploads\/2015\/08\/ER4-300x241.jpg\" alt=\"\" width=\"300\" height=\"241\" srcset=\"http:\/\/www.lecarrefourdesopinions.ca\/wp-content\/uploads\/2015\/08\/ER4-300x241.jpg 300w, http:\/\/www.lecarrefourdesopinions.ca\/wp-content\/uploads\/2015\/08\/ER4-134x107.jpg 134w, http:\/\/www.lecarrefourdesopinions.ca\/wp-content\/uploads\/2015\/08\/ER4.jpg 400w\" sizes=\"auto, (max-width: 300px) 100vw, 300px\" \/><\/p>\n<p align=\"CENTER\"><span style=\"font-size: large;\"><strong>F4\u00a0: <\/strong><\/span><span style=\"color: #c00000;\"><span style=\"font-size: large;\"><em>Dans un cas comme dans l\u2019autre, \u00e0 moins d\u2019un sixi\u00e8me sens\u00a0!..<\/em><\/span><\/span><\/p>\n<p align=\"JUSTIFY\">\n<p align=\"JUSTIFY\"><span style=\"font-family: 'Comic Sans MS', cursive;\"><span style=\"font-size: large;\">Quoi qu\u2019il en soit, libre \u00e0 nous de nous laisser boucher l\u2019oreille comme les compagnons d\u2019Ulysse, \u00e0 condition que nos P\u00e9n\u00e9lope sur leur m\u00e9tier \u00e0 tisser, pensent \u00e0 toutes les larmes que nos yeux auront \u00e0 s\u00e8cher, si nous n\u2019y prenons garde<\/span><\/span><span style=\"font-size: large;\">.<\/span><\/p>\n<p align=\"JUSTIFY\">\n<p align=\"JUSTIFY\"><span style=\"font-family: 'Comic Sans MS', cursive;\"><span style=\"font-size: large;\">Peut-\u00eatre est-il temps que nous activions notre <\/span><\/span><span style=\"font-family: Arial, sans-serif;\"><span style=\"font-size: large;\"><em>fingerspitzengefuhl<\/em><\/span><\/span><span style=\"font-family: 'Comic Sans MS', cursive;\"><span style=\"font-size: large;\">, notre sixi\u00e8me sens, et que nous lui demandions de nous dire ce qu\u2019il en sera de nous, si nous n\u2019y prenons garde\u2026<\/span><\/span><\/p>\n<p align=\"JUSTIFY\">\n<p align=\"JUSTIFY\"><span style=\"font-family: 'Comic Sans MS', cursive;\"><span style=\"font-size: large;\">Ou que Dieu, la <\/span><\/span><span style=\"font-family: Arial, sans-serif;\"><span style=\"font-size: large;\"><em>Vorsehung, the Desteny<\/em><\/span><\/span><span style=\"font-family: 'Comic Sans MS', cursive;\"><span style=\"font-size: large;\"> si on pr\u00e9f\u00e8re, y mette la main.<\/span><\/span><\/p>\n<p align=\"JUSTIFY\">\n<p align=\"JUSTIFY\"><span style=\"font-family: 'Comic Sans MS', cursive;\"><span style=\"font-size: large;\">Alors,<\/span><\/span><\/p>\n<p align=\"JUSTIFY\">\n<p align=\"JUSTIFY\"><span style=\"font-family: 'Comic Sans MS', cursive;\"><span style=\"font-size: large;\">Ne faisons pas la sourde-oreille \u00e0 notre <\/span><\/span><span style=\"font-family: Arial, sans-serif;\"><span style=\"font-size: large;\"><em>fingerspitzengefuhl\u00a0!..<\/em><\/span><\/span><\/p>\n<p align=\"JUSTIFY\">\n<p align=\"JUSTIFY\"><span style=\"font-family: 'Comic Sans MS', cursive;\"><span style=\"font-size: large;\">Et prions le Destin, prions la <\/span><\/span><span style=\"font-family: Arial, sans-serif;\"><span style=\"font-size: large;\"><em>Vorsehung, lets pray GOD<\/em><\/span><\/span><span style=\"font-family: 'Comic Sans MS', cursive;\"><span style=\"font-size: large;\">.<\/span><\/span><\/p>\n<p align=\"JUSTIFY\">\n<p align=\"JUSTIFY\"><span style=\"font-size: large;\">\u00c9ric E.G. NOGARD<\/span><\/p>\n<p align=\"JUSTIFY\"><span style=\"color: #c00000;\"><span style=\"font-size: large;\"><em>Chroniqueur<\/em><\/span><\/span><span style=\"color: #c00000;\"><span style=\"font-size: large;\">.<\/span><\/span><\/p>\n<p align=\"CENTER\">\n<p align=\"CENTER\"><span style=\"font-size: large;\">*** *** ***<\/span><\/p>\n<p><span style=\"color: #ff0000;\"><span style=\"font-size: large;\"><strong>Nota : <\/strong><\/span><\/span><span style=\"color: #000000;\"><span style=\"font-size: large;\">Nous ne traitons que de Faits et de Noms rendus Publics.<\/span><\/span><\/p>\n<p align=\"CENTER\"><span style=\"color: #000000;\"><span style=\"font-size: large;\">*** *** ***<\/span><\/span><\/p>\n<p align=\"CENTER\">\n<p align=\"JUSTIFY\">\n<p align=\"JUSTIFY\"><span style=\"font-size: large;\"><strong>N.B.:<\/strong><\/span><span style=\"font-size: large;\"> &#8211; <\/span><span style=\"color: #c00000;\"><span style=\"font-family: 'Comic Sans MS', cursive;\"><span style=\"font-size: large;\">Nous Recommandons instamment et syst\u00e9matiquement l\u2019ouverture de la (ou des) pi\u00e8ce(s) jointe(s) \u00e0 l\u2019e-mail, sous format Pdf, <\/span><\/span><\/span><span style=\"color: #c00000;\"><span style=\"font-family: 'Comic Sans MS', cursive;\"><span style=\"font-size: large;\"><span style=\"text-decoration: underline;\">les illustrations y sont incluses<\/span><\/span><\/span><\/span><span style=\"color: #c00000;\"><span style=\"font-family: 'Comic Sans MS', cursive;\"><span style=\"font-size: large;\">.<\/span><\/span><\/span><\/p>\n<p align=\"JUSTIFY\">\n<p align=\"CENTER\">\n<p align=\"CENTER\"><span style=\"font-size: large;\"><strong>*** *** ***<\/strong><\/span><\/p>\n<p align=\"JUSTIFY\">\n<p align=\"CENTER\"><span style=\"color: #ff0000;\"><span><strong>Ne Peut \u00eatre reproduit &#8211; m\u00eame partiellement &#8211; sans l\u2019autorisation de l\u2019Auteur.<\/strong><\/span><\/span><\/p>\n<p>&nbsp;<\/p>\n<p align=\"JUSTIFY\">\n<p align=\"JUSTIFY\"><span style=\"text-decoration: underline;\"><strong>Liens Sugg\u00e9r\u00e9s\u00a0:<\/strong><\/span><\/p>\n<p align=\"JUSTIFY\">\n<ul>\n<li>\n<p align=\"JUSTIFY\"><span style=\"color: #0000ff;\"><span style=\"text-decoration: underline;\"><a href=\"http:\/\/www.lecarrefourdesopinions.ca\/\" target=\"_blank\"><span style=\"color: #800080;\">http:\/\/www.lecarrefourdesopinions.ca<\/span><\/a><\/span><\/span><\/p>\n<\/li>\n<li>\n<p align=\"JUSTIFY\"><span style=\"color: #0000ff;\"><span style=\"text-decoration: underline;\"><a href=\"http:\/\/www.lescrutateur.com\/\">http:\/\/www.lescrutateur.com\/<\/a><\/span><\/span><\/p>\n<\/li>\n<li>\n<p align=\"JUSTIFY\"><span style=\"color: #0000ff;\"><span style=\"text-decoration: underline;\"><a href=\"http:\/\/www.etatsgenerauxdeloutremer.fr\/reflexions\">http:\/\/www.etatsgenerauxdeloutremer.fr\/reflexions<\/a><\/span><\/span><\/p>\n<\/li>\n<\/ul>\n<p align=\"CENTER\">\n<script type=\"text\/javascript\">\n\nvar addthis_config = {\"data_track_clickback\":false,\"data_track_addressbar\":false,\"data_track_textcopy\":false};\n<\/script><script type=\"text\/javascript\" src=\"\/\/s7.addthis.com\/js\/250\/addthis_widget.js#pubid=a457a6d63fb9e6ccabdde4110343bd85\"><\/script>","protected":false},"excerpt":{"rendered":"<p align=\"CENTER\"><span>Le Cri d\u2019Alarme.<\/span><\/p>\n<p style=\"text-align: left;\" align=\"CENTER\"><span style=\"color: #800000;\">Chronique d\u2019\u00c9ric E.G. NOGARD<\/span><\/p>\n<p align=\"CENTER\"><span style=\"color: #000000;\"><span>De l\u2019Ex. Martinique Province Fran\u00e7aise d\u2019Am\u00e9rique Amie du Canada (1061 Titres).<\/span><\/span><\/p>\n<p align=\"CENTER\">\n<p align=\"CENTER\"><span style=\"color: #c00000;\">==========<\/span><\/p>\n<p align=\"CENTER\"><span style=\"color: #000099;\"><span style=\"font-family: Arial, sans-serif;\"><span style=\"font-size: x-large;\">Il n\u2019y a de pire sourd..<\/span><\/span><\/span><span style=\"color: #000099;\"><span style=\"font-size: x-large;\">.<\/span><\/span><\/p>\n<p align=\"CENTER\">\n<p align=\"CENTER\"><span style=\"color: #000099;\"><span>=====<\/span><\/span><\/p>\n<p align=\"JUSTIFY\"><span style=\"color: #632423;\"><span style=\"font-family: 'Comic Sans MS', cursive;\"><span style=\"font-size: large;\">C\u2019est du moins ce qu\u2019on dit\u00a0:<\/span><\/span><\/span><\/p>\n<p align=\"JUSTIFY\">\u00a0<\/p>\n<p align=\"JUSTIFY\"><span style=\"color: #632423;\"><span style=\"font-family: 'Comic Sans MS', cursive;\"><span style=\"font-size: large;\">\u00ab\u00a0<\/span><\/span><\/span><span style=\"color: #632423;\"><span style=\"font-family: 'Comic Sans MS', cursive;\"><span style=\"font-size: large;\">Il n\u2019y <\/span><\/span><\/span>&hellip;<\/p>\n","protected":false},"author":1,"featured_media":0,"comment_status":"open","ping_status":"open","sticky":false,"template":"","format":"standard","meta":{"footnotes":""},"categories":[1],"tags":[],"class_list":["post-11722","post","type-post","status-publish","format-standard","hentry","category-accueil"],"_links":{"self":[{"href":"http:\/\/www.lecarrefourdesopinions.ca\/index.php?rest_route=\/wp\/v2\/posts\/11722","targetHints":{"allow":["GET"]}}],"collection":[{"href":"http:\/\/www.lecarrefourdesopinions.ca\/index.php?rest_route=\/wp\/v2\/posts"}],"about":[{"href":"http:\/\/www.lecarrefourdesopinions.ca\/index.php?rest_route=\/wp\/v2\/types\/post"}],"author":[{"embeddable":true,"href":"http:\/\/www.lecarrefourdesopinions.ca\/index.php?rest_route=\/wp\/v2\/users\/1"}],"replies":[{"embeddable":true,"href":"http:\/\/www.lecarrefourdesopinions.ca\/index.php?rest_route=%2Fwp%2Fv2%2Fcomments&post=11722"}],"version-history":[{"count":3,"href":"http:\/\/www.lecarrefourdesopinions.ca\/index.php?rest_route=\/wp\/v2\/posts\/11722\/revisions"}],"predecessor-version":[{"id":11732,"href":"http:\/\/www.lecarrefourdesopinions.ca\/index.php?rest_route=\/wp\/v2\/posts\/11722\/revisions\/11732"}],"wp:attachment":[{"href":"http:\/\/www.lecarrefourdesopinions.ca\/index.php?rest_route=%2Fwp%2Fv2%2Fmedia&parent=11722"}],"wp:term":[{"taxonomy":"category","embeddable":true,"href":"http:\/\/www.lecarrefourdesopinions.ca\/index.php?rest_route=%2Fwp%2Fv2%2Fcategories&post=11722"},{"taxonomy":"post_tag","embeddable":true,"href":"http:\/\/www.lecarrefourdesopinions.ca\/index.php?rest_route=%2Fwp%2Fv2%2Ftags&post=11722"}],"curies":[{"name":"wp","href":"https:\/\/api.w.org\/{rel}","templated":true}]}}