{"id":11716,"date":"2015-09-01T11:11:29","date_gmt":"2015-09-01T15:11:29","guid":{"rendered":"http:\/\/www.lecarrefourdesopinions.ca\/?p=11716"},"modified":"2015-09-01T11:11:29","modified_gmt":"2015-09-01T15:11:29","slug":"gens-daffaires-gens-de-fer-2","status":"publish","type":"post","link":"http:\/\/www.lecarrefourdesopinions.ca\/?p=11716","title":{"rendered":"Gens d\u2019affaires, gens de fer?"},"content":{"rendered":"<p style=\"text-align: center;\"><span style=\"font-size: large;\">Gens d\u2019affaires, gens de fer?<\/span><\/p>\n<p><span style=\"color: #800000;\"><em><img loading=\"lazy\" decoding=\"async\" class=\"alignleft size-thumbnail wp-image-11714\" title=\"photo J.P.Kozminski\" src=\"http:\/\/www.lecarrefourdesopinions.ca\/wp-content\/uploads\/2015\/08\/photo-J.P.Kozminski-134x107.jpg\" alt=\"\" width=\"134\" height=\"107\" \/><\/em><\/span><\/p>\n<p>&nbsp;<\/p>\n<p>&nbsp;<\/p>\n<p>&nbsp;<\/p>\n<p><span style=\"color: #800000;\"><em>par Jean-paul Kozminski<\/em><\/span><\/p>\n<p>On peut se sentir en pleine forme, en plein contr\u00f4le de notre vie et pourtant nous faisons partie des \u2018statistiques\u2019.<\/p>\n<p>Nous connaissons tous une connaissance, un ami, un voisin, un membre de la famille qui a subi une crise cardiaque et qui est rest\u00e9 diminu\u00e9, qui souffre d\u2019un cancer et d\u2019une chimioth\u00e9rapie qui sape son \u00e9nergie, dont la scl\u00e9rose en plaques ou la maladie de Parkinson diminue ses activit\u00e9s. Sans compter une d\u00e9pression majeure qui fait suite \u00e0 un \u00e9v\u00e8nement traumatisant.<\/p>\n<p>D\u2019apr\u00e8s les tables de morbidit\u00e9 une personne de 35 ans et plus aura 50% de malchance et pourrait \u00eatre terrass\u00e9e par une maladie ou un accident avec s\u00e9quelles graves.<\/p>\n<p>Maladie ou accident qui vous rend incapable de gagner votre vie comme \u2018avant\u2019 mais qui n\u2019efface pas vos obligations envers votre famille, vos associ\u00e9s, vos cr\u00e9anciers.<\/p>\n<p>Personne n\u2019aimerait voir fondre ses REER, ses placements ou m\u00eame la valeur de notre maison. Sans compter sur les Imp\u00f4ts et autres \u2018surprises\u2019!<\/p>\n<p>Peut-\u00eatre avez-vous une assurance invalidit\u00e9 de longue dur\u00e9e pr\u00e9vue par l\u2019assurance collective de votre entreprise? Savez-vous que les prestations ne sont pas toujours index\u00e9es et souvent \u2018plafonn\u00e9es\u2019 ou imposables? Savez-vous que la protection relative \u00e0 votre propre emploi est habituellement de 2 ans? Pass\u00e9 ce d\u00e9lai l\u2019assureur, selon le contrat, peut vous forcer \u00e0 trouver un travail li\u00e9 \u00e0 vos \u00e9tudes, vos habilet\u00e9s, vos connaissances\u00a0: un travail que vous \u00eates capable de faire m\u00eame si l\u2019emploi est moins r\u00e9mun\u00e9rateur.<\/p>\n<p>C\u2019est vrai que dans le feu de l\u2019action quotidienne, nous n\u2019y pensons pas, par manque de temps, ou par d\u00e9ni\u00a0: \u00e7a ne m\u2019arrivera pas. Et pourtant nous faisons partie des \u2018statistiques\u2019.<\/p>\n<p>Se renseigner ne co\u00fbte rien. Pouvoir se dire\u00a0: \u2018au moins si \u00e7a m\u2019arrive, je suis prot\u00e9g\u00e9\u2019, n\u2019a pas de prix.<\/p>\n<p>&nbsp;<\/p>\n<script type=\"text\/javascript\">\n\nvar addthis_config = {\"data_track_clickback\":false,\"data_track_addressbar\":false,\"data_track_textcopy\":false};\n<\/script><script type=\"text\/javascript\" src=\"\/\/s7.addthis.com\/js\/250\/addthis_widget.js#pubid=a457a6d63fb9e6ccabdde4110343bd85\"><\/script>","protected":false},"excerpt":{"rendered":"<p style=\"text-align: center;\"><span style=\"font-size: large;\">Gens d\u2019affaires, gens de fer?<\/span><\/p>\n<p><span style=\"color: #800000;\"><\/span><\/p>\n<p>&nbsp;<\/p>\n<p>&nbsp;<\/p>\n<p>&nbsp;<\/p>\n<p><span style=\"color: #800000;\">par Jean-paul Kozminski<\/span><\/p>\n<p>On peut se sentir en pleine forme, en plein contr\u00f4le de notre vie et pourtant nous faisons partie des \u2018statistiques\u2019.<\/p>\n<p>Nous connaissons tous une connaissance, un &hellip;<\/p>\n","protected":false},"author":1,"featured_media":0,"comment_status":"open","ping_status":"open","sticky":false,"template":"","format":"standard","meta":{"footnotes":""},"categories":[1],"tags":[],"class_list":["post-11716","post","type-post","status-publish","format-standard","hentry","category-accueil"],"_links":{"self":[{"href":"http:\/\/www.lecarrefourdesopinions.ca\/index.php?rest_route=\/wp\/v2\/posts\/11716","targetHints":{"allow":["GET"]}}],"collection":[{"href":"http:\/\/www.lecarrefourdesopinions.ca\/index.php?rest_route=\/wp\/v2\/posts"}],"about":[{"href":"http:\/\/www.lecarrefourdesopinions.ca\/index.php?rest_route=\/wp\/v2\/types\/post"}],"author":[{"embeddable":true,"href":"http:\/\/www.lecarrefourdesopinions.ca\/index.php?rest_route=\/wp\/v2\/users\/1"}],"replies":[{"embeddable":true,"href":"http:\/\/www.lecarrefourdesopinions.ca\/index.php?rest_route=%2Fwp%2Fv2%2Fcomments&post=11716"}],"version-history":[{"count":3,"href":"http:\/\/www.lecarrefourdesopinions.ca\/index.php?rest_route=\/wp\/v2\/posts\/11716\/revisions"}],"predecessor-version":[{"id":11734,"href":"http:\/\/www.lecarrefourdesopinions.ca\/index.php?rest_route=\/wp\/v2\/posts\/11716\/revisions\/11734"}],"wp:attachment":[{"href":"http:\/\/www.lecarrefourdesopinions.ca\/index.php?rest_route=%2Fwp%2Fv2%2Fmedia&parent=11716"}],"wp:term":[{"taxonomy":"category","embeddable":true,"href":"http:\/\/www.lecarrefourdesopinions.ca\/index.php?rest_route=%2Fwp%2Fv2%2Fcategories&post=11716"},{"taxonomy":"post_tag","embeddable":true,"href":"http:\/\/www.lecarrefourdesopinions.ca\/index.php?rest_route=%2Fwp%2Fv2%2Ftags&post=11716"}],"curies":[{"name":"wp","href":"https:\/\/api.w.org\/{rel}","templated":true}]}}