{"id":11710,"date":"2015-08-24T17:27:41","date_gmt":"2015-08-24T21:27:41","guid":{"rendered":"http:\/\/www.lecarrefourdesopinions.ca\/?p=11710"},"modified":"2015-08-24T17:29:18","modified_gmt":"2015-08-24T21:29:18","slug":"les-zones-franches","status":"publish","type":"post","link":"http:\/\/www.lecarrefourdesopinions.ca\/?p=11710","title":{"rendered":"les Zones franches."},"content":{"rendered":"<p>Cette conf\u00e9rence, organis\u00e9e par le Carrefour des nombreux Communaut\u00e9s du Qu\u00e9bec, sous le patronage de la Caisse Desjardins et avec l\u2019appui d\u2019une dizaine de collaborateurs, se tiendra le<strong>\u00a025 septembre 2015\u00a0<\/strong>au<strong>\u00a0Holiday INN Select,\u00a0<\/strong>99 rue Viger \u00e0 Montr\u00e9al \u00e0 partir de 9h30 \u00e0 14h15 (accueil 9h).<\/p>\n<p><a href=\"http:\/\/ccqc.npradines.ca\/wp-content\/uploads\/2015\/08\/Programme_ZF-2015.pdf\" target=\"_blank\">Programme<\/a><\/p>\n<p><a href=\"http:\/\/ccqc.npradines.ca\/wp-content\/uploads\/2015\/08\/Inscription_ZF2015.pdf\" target=\"_blank\">Fiche d\u2019inscription<\/a><\/p>\n<p><strong><span style=\"text-decoration: underline;\">Historique<\/span><\/strong><\/p>\n<p><strong>En octobre 2005<\/strong>, nous avions pr\u00e9sent\u00e9 un m\u00e9moire au Gouvernement du Qu\u00e9bec intitul\u00e9: \u00ab\u00a0<a href=\"http:\/\/ccqc.npradines.ca\/wp-content\/uploads\/2015\/08\/Memoire_CFI_Final.pdf\" target=\"_blank\"><em>M\u00e9moire<\/em><em>\u00a0pour le soutien aux Centres financiers internationaux<\/em><\/a>\u00ab\u00a0, dans lequel nous formulions d\u00e9j\u00e0 la n\u00e9cessit\u00e9 d\u2019implanter une zone franche au Qu\u00e9bec.<\/p>\n<p><strong>En 2010\u00a0<\/strong>nous avons relanc\u00e9 la question de la Zone Franche lors de notre 5e tribune sur les enjeux \u00e9conomique du Qu\u00e9bec qui avait \u00e9t\u00e9 suivi d\u2019un congr\u00e8s de r\u00e9seautage<strong>.<\/strong><\/p>\n<p><strong>En ao\u00fbt 2014,\u00a0<\/strong>conscients que cet enjeu rev\u00eatait une grande importance pour le Qu\u00e9bec, , les dirigeants de CCQ &amp; AMCEQ organisaient, sur le sujet, une rencontre avec le d\u00e9put\u00e9 provincial de Mont-Royal Pierre Arcand<em>.<\/em><\/p>\n<p><strong><em>Le 16 septembre 2014<\/em><\/strong><em>,\u00a0<\/em>\u00e0 la cl\u00f4ture de la 10e tribune interactive sur l\u2019agroalimentaire et ses enjeux, le pr\u00e9sident Christian Martin, alors Pr\u00e9sident du CCQ &amp; de l\u2019AMCEQ annon\u00e7ait la tenue d\u2019une conf\u00e9rence sur les Zones franches. Le mois suivant, il faisait parvenir au bureau du Ministre Pierre Arcand (nomm\u00e9 alors Ministre de l\u2019\u00c9nergie et des Ressources naturelles et du plan Nord) une documentation sur les Zones franches.<\/p>\n<p>Actuellement, les deux paliers gouvernementaux (f\u00e9d\u00e9ral et provincial) sont favorables \u00e0 la cr\u00e9ation de zones franches. Vous pouvez consulter \u00e0 cet effet le\u00a0<a href=\"http:\/\/www.fin.gc.ca\/ftz-zf\/index-fra.asp\">site web du f\u00e9d\u00e9ral<\/a>\u00a0qui d\u00e9taille les programmes d\u2019exon\u00e9ration des droits ainsi\u00a0 tous les avantages d\u2019une zone franche.<\/p>\n<p>Le f\u00e9d\u00e9ral envisage la cr\u00e9ation d\u2019une zone franche \u00e0 Halifax. Le provincial officiellement a r\u00e9cemment annonc\u00e9 la cr\u00e9ation de deux p\u00f4les de distribution: Vaudreuil-Soulanges et Contrecoeur.<\/p>\n<p>Compte tenu du contexte actuel des n\u00e9gociations du libre-\u00e9change avec l\u2019Europe et par surcro\u00eet de certaines Zones Franches du Moyen -Orient qui se placent en leadership du march\u00e9 de la cong\u00e9lation, la zone franche du Qu\u00e9bec devrait plut\u00f4t s\u2019installer dans une zone situ\u00e9e entre Longueuil et Saint-Hyacinthe afin de b\u00e9n\u00e9ficier d\u2019une activit\u00e9 importante: l\u2019agroalimentaire, un march\u00e9 d\u2019environ 23 Milliards de dollars.<\/p>\n<p>Il est bon de noter que les banques s\u2019implantent actuellement dans les Zones Franches<\/p>\n<p><a href=\"http:\/\/french.peopledaily.com.cn\/Economie\/8398292.html\">http:\/\/french.peopledaily.com.cn\/Economie\/8398292.htmlVoici le lien \u00e0 notre site web qui annonce Le D\u00e9bat conf\u00e9rence sur la zone franche de commerce international<br \/><\/a><a href=\"http:\/\/ccqc.npradines.ca\/nouvelles-recentes\/\">http:\/\/ccqc.npradines.ca\/nouvelles-recentes\/<\/a><\/p>\n<p>&nbsp;<\/p>\n<div>\n<div><a href=\"mailto:?subject=ANNONCE%20DE%20LA%20CONF%C3%89RENCE-D%C3%89BAT%20SUR%20LES%20ZONES%20FRANCHES&amp;body=%20http:\/\/ccqc.npradines.ca\/annonce-de-la-conference-debat-sur-les-zones-franches\/\"><img decoding=\"async\" title=\"Email\" src=\"http:\/\/ccqc.npradines.ca\/wp-content\/plugins\/simple-share-buttons-adder\/buttons\/ribbons\/email.png\" alt=\"Email this to someone\" \/><\/a><a href=\"https:\/\/plus.google.com\/share?url=http:\/\/ccqc.npradines.ca\/annonce-de-la-conference-debat-sur-les-zones-franches\/\" target=\"_blank\"><img decoding=\"async\" title=\"Google+\" src=\"http:\/\/ccqc.npradines.ca\/wp-content\/plugins\/simple-share-buttons-adder\/buttons\/ribbons\/google.png\" alt=\"Share on Google+\" \/><\/a><a href=\"http:\/\/www.linkedin.com\/shareArticle?mini=true&amp;url=http:\/\/ccqc.npradines.ca\/annonce-de-la-conference-debat-sur-les-zones-franches\/\" target=\"_blank\"><img decoding=\"async\" title=\"LinkedIn\" src=\"http:\/\/ccqc.npradines.ca\/wp-content\/plugins\/simple-share-buttons-adder\/buttons\/ribbons\/linkedin.png\" alt=\"Share on LinkedIn\" \/><\/a><a href=\"http:\/\/www.facebook.com\/sharer.php?u=http:\/\/ccqc.npradines.ca\/annonce-de-la-conference-debat-sur-les-zones-franches\/\" target=\"_blank\"><img decoding=\"async\" title=\"Facebook\" src=\"http:\/\/ccqc.npradines.ca\/wp-content\/plugins\/simple-share-buttons-adder\/buttons\/ribbons\/facebook.png\" alt=\"Share on Facebook\" \/><\/a><\/div>\n<\/div>\n<script type=\"text\/javascript\">\n\nvar addthis_config = {\"data_track_clickback\":false,\"data_track_addressbar\":false,\"data_track_textcopy\":false};\n<\/script><script type=\"text\/javascript\" src=\"\/\/s7.addthis.com\/js\/250\/addthis_widget.js#pubid=a457a6d63fb9e6ccabdde4110343bd85\"><\/script>","protected":false},"excerpt":{"rendered":"<p>Cette conf\u00e9rence, organis\u00e9e par le Carrefour des nombreux Communaut\u00e9s du Qu\u00e9bec, sous le patronage de la Caisse Desjardins et avec l\u2019appui d\u2019une dizaine de collaborateurs, se tiendra le\u00a025 septembre 2015\u00a0au\u00a0Holiday INN Select,\u00a099 rue &hellip;<\/p>\n","protected":false},"author":1,"featured_media":0,"comment_status":"open","ping_status":"open","sticky":false,"template":"","format":"standard","meta":{"footnotes":""},"categories":[1],"tags":[],"class_list":["post-11710","post","type-post","status-publish","format-standard","hentry","category-accueil"],"_links":{"self":[{"href":"http:\/\/www.lecarrefourdesopinions.ca\/index.php?rest_route=\/wp\/v2\/posts\/11710","targetHints":{"allow":["GET"]}}],"collection":[{"href":"http:\/\/www.lecarrefourdesopinions.ca\/index.php?rest_route=\/wp\/v2\/posts"}],"about":[{"href":"http:\/\/www.lecarrefourdesopinions.ca\/index.php?rest_route=\/wp\/v2\/types\/post"}],"author":[{"embeddable":true,"href":"http:\/\/www.lecarrefourdesopinions.ca\/index.php?rest_route=\/wp\/v2\/users\/1"}],"replies":[{"embeddable":true,"href":"http:\/\/www.lecarrefourdesopinions.ca\/index.php?rest_route=%2Fwp%2Fv2%2Fcomments&post=11710"}],"version-history":[{"count":2,"href":"http:\/\/www.lecarrefourdesopinions.ca\/index.php?rest_route=\/wp\/v2\/posts\/11710\/revisions"}],"predecessor-version":[{"id":11712,"href":"http:\/\/www.lecarrefourdesopinions.ca\/index.php?rest_route=\/wp\/v2\/posts\/11710\/revisions\/11712"}],"wp:attachment":[{"href":"http:\/\/www.lecarrefourdesopinions.ca\/index.php?rest_route=%2Fwp%2Fv2%2Fmedia&parent=11710"}],"wp:term":[{"taxonomy":"category","embeddable":true,"href":"http:\/\/www.lecarrefourdesopinions.ca\/index.php?rest_route=%2Fwp%2Fv2%2Fcategories&post=11710"},{"taxonomy":"post_tag","embeddable":true,"href":"http:\/\/www.lecarrefourdesopinions.ca\/index.php?rest_route=%2Fwp%2Fv2%2Ftags&post=11710"}],"curies":[{"name":"wp","href":"https:\/\/api.w.org\/{rel}","templated":true}]}}