{"id":11689,"date":"2015-08-18T19:26:06","date_gmt":"2015-08-18T23:26:06","guid":{"rendered":"http:\/\/www.lecarrefourdesopinions.ca\/?p=11689"},"modified":"2015-08-18T19:26:06","modified_gmt":"2015-08-18T23:26:06","slug":"lindependance-entre-deux-chaises-1","status":"publish","type":"post","link":"http:\/\/www.lecarrefourdesopinions.ca\/?p=11689","title":{"rendered":"L\u2019ind\u00e9pendance entre deux chaises (1)"},"content":{"rendered":"<p style=\"text-align: center;\"><span style=\"font-size: large;\"><strong>L\u2019ind\u00e9pendance entre deux chaises (1)<\/strong><\/span><\/p>\n<p><img loading=\"lazy\" decoding=\"async\" class=\"alignleft size-thumbnail wp-image-10396\" title=\"photo Michel Frankland 2\" src=\"http:\/\/www.lecarrefourdesopinions.ca\/wp-content\/uploads\/2013\/12\/photo-Michel-Frankland-2-134x107.jpg\" alt=\"\" width=\"134\" height=\"107\" \/><\/p>\n<p>&nbsp;<\/p>\n<p>&nbsp;<\/p>\n<p>&nbsp;<\/p>\n<p>\u00a0<span style=\"color: #800000;\"><em>par Michel Frankland<\/em><\/span><\/p>\n<p>&nbsp;<\/p>\n<p>Je viens de terminer le livre de Pierre Dubuc sur PKP. L\u2019\u0153uvre pr\u00e9sente deux niveaux soci\u00e9taux, \u00e9videmment entrem\u00eal\u00e9s.<\/p>\n<p>&nbsp;<\/p>\n<p style=\"text-align: justify;\">Le lecteur constate une analyse assez dure du nouveau chef du PQ. Deux caract\u00e9ristiques le d\u00e9crivent. D\u2019une part, l\u2019homme adapte ses sinc\u00e9rit\u00e9s successives au gr\u00e9 de ses int\u00e9r\u00eats. D\u2019autre part, le fils du b\u00e2tisseur de l\u2019empire m\u00e9diatique s\u2019est r\u00e9v\u00e9l\u00e9 d\u2019une comp\u00e9tence assez moche. Je ne suis pas en mesure de jauger l\u2019exactitude de cette double charge. Je consid\u00e8re cependant que des financiers aguerris se sont tromp\u00e9s dans leur jugement sur les m\u00e9dias, n\u2019en ayant pas saisi la nature fluctuante et pleine de rebondissements cr\u00e9ateurs impr\u00e9visibles. \u00c9galement, je me dis que toute vie active apporte son lot de r\u00e9adaptations qu\u2019une plume adverse transforme bient\u00f4t en d\u00e9risoires amas de contradictions. J\u2019y vois une certaine dose de hargne naturelle de la gauche pour une t\u00eate d\u2019affiche aux racines de droite.<\/p>\n<p>&nbsp;<\/p>\n<p style=\"text-align: justify;\">Il demeure que j\u2019ai mal dig\u00e9r\u00e9 certaines men\u00e9es du nouveau chef. La plus spectaculaire porte sur l\u2019affirmation du caract\u00e8re pass\u00e9iste du Bloc, suivi quelques jours plus tard d\u2019une r\u00e9traction toute aussi officielle. On n\u2019imagine pas un Parizeau, un Bouchard se commettre dans une telle volte-face aussi rapide et aussi absolue. De m\u00eame, il a souscrit \u00e0 des affirmations de ses concurrents \u00e0 la chefferie qui m\u2019apparaissent pour le moins fort peu compatibles avec l\u2019ensemble de sa carri\u00e8re financi\u00e8re. Bref, on dirait un chef \u00e0 la remorque de son parti. D\u00e9cevant. Cependant, peut-\u00eatre apprendra-t-il de ses contournements ? L\u2019exp\u00e9rience est apr\u00e8s tout la somme de nos b\u00eatises. Il demeure que j\u2019aimerais un chef dou\u00e9 d\u2019une force plus marqu\u00e9e de solidit\u00e9 et de constance. Un leader naturel.<\/p>\n<p>&nbsp;<\/p>\n<p style=\"text-align: justify;\">Cependant, Dubuc aborde un aspect de la politique qui m\u2019appara\u00eet autrement plus important. C\u2019est le divorce entre le r\u00eave de la gauche et le r\u00e9alisme obstin\u00e9 du monde financier. L\u2019engouement qu\u2019a suscit\u00e9 Fran\u00e7ois Legault en cr\u00e9ant la CAQ nous rappelle \u00e0 la fois l\u2019agacement collectif devant la syndicalisation excessive et la lourdeur r\u00e9sultante pour l\u2019\u00e9tat. Ne serait-ce pas pr\u00e9f\u00e9rable que la syndicalisation d\u2019une entreprise se fasse par vote populaire plut\u00f4t que par signature accumul\u00e9e de cartes de membre ? Dubuc en a contre cette ce qu\u2019il estime une tactique pesante de la droite pour mater le mouvement syndical. Mais le peuple donne majoritairement \u00e0 Legault.<\/p>\n<p>&nbsp;<\/p>\n<p style=\"text-align: justify;\">Voil\u00e0 bien la trag\u00e9die p\u00e9quiste. Une orientation au total clairement vers la gauche. Une attitude maternant envers la population, id\u00e9alisme accompagn\u00e9 presque toujours d\u2019une administration aussi \u00abid\u00e9ale\u00bb, c\u2019est-\u00e0-dire trop charg\u00e9e et trop lente. J\u2019en donne deux exemples.<\/p>\n<p>D\u2019abord, la lenteur des soins de sant\u00e9. Compar\u00e9 \u00e0 la rapidit\u00e9 fran\u00e7aise, c\u2019est franchement g\u00eanant. Alors que les autres provinces, depuis longtemps ont compris la n\u00e9cessit\u00e9 \u00e9conomique des infirmi\u00e8res sp\u00e9cialis\u00e9es, le Qu\u00e9bec, encore l\u00e0, traine de la patte.<\/p>\n<p style=\"text-align: justify;\">Ensuite, le scandale informatique. Je connais un certain nombre de professionnels de la programmation. Ils m\u2019affirment en substance qu\u2019avec des salaires et couts d\u2019op\u00e9ration vingt fois moindres, ils fonctionneraient vingt fois plus vite et feraient des profits \u00e9normes. Un de mes amis a simul\u00e9 sur Access \u2013 donc un logiciel commun \u2013 le syst\u00e8me de sant\u00e9 avec tous ses param\u00e8tres\u00a0: coordonn\u00e9es et historique m\u00e9dicale du patient incluant diagnostique et m\u00e9dicaments consomm\u00e9s, un mot de passe (et des mots de passe pour chaque centre hospitalier), liste des entreprises m\u00e9dicales o\u00f9 il a \u00e9t\u00e9 trait\u00e9, liste de toutes les entreprises m\u00e9dicales et leurs coordonn\u00e9es, incluant internet. Plus quelques autres items du m\u00eame acabit. Le tout sur une base de donn\u00e9es centrale. Tout ce travail ne requiert, \u00e0 mesure qu\u2019il se r\u00e9alise, que les ordinateurs en place dans les centres hospitaliers.<\/p>\n<p>&nbsp;<\/p>\n<p style=\"text-align: justify;\">Ainsi, le m\u00e9decin traitant n\u2019a qu\u2019\u00e0 ouvrir son ordi, communiquer avec la banque de donn\u00e9es, et avec le mot de passe que lui communique le patient er avoir introduit son propre mot de passe, avoir acc\u00e8s pratiquement instantan\u00e9ment au dossier complet du patient. Les co\u00fbts ? Du travail de secr\u00e9taire. La base centrale de donn\u00e9es co\u00fbte trois fois rien. Vous \u00eates bien assis ? Respirez par le nez\u2026 Les chiffres que j\u2019ai vus dans les m\u00e9dias sont dans les trois milliards avanc\u00e9s, et c\u2019est loin d\u2019\u00eatre termin\u00e9 ! J\u2019estime, sans pr\u00e9judice, que c\u2019est l\u00e0 le signe d\u2019une gigantesque escroquerie. Des amis de certains politiciens s\u2019emplissent les poches \u00e0 un rythme hallucinant ! Encore une fois, sans pr\u00e9judice. Mais je ne peux lire autrement la situation.<\/p>\n<p>&nbsp;<\/p>\n<p><a name=\"_GoBack\"><\/a>Dans la deuxi\u00e8me partie de cet article, nous aborderons un niveau beaucoup plus significatif de la trag\u00e9die ind\u00e9pendantiste.<\/p>\n<script type=\"text\/javascript\">\n\nvar addthis_config = {\"data_track_clickback\":false,\"data_track_addressbar\":false,\"data_track_textcopy\":false};\n<\/script><script type=\"text\/javascript\" src=\"\/\/s7.addthis.com\/js\/250\/addthis_widget.js#pubid=a457a6d63fb9e6ccabdde4110343bd85\"><\/script>","protected":false},"excerpt":{"rendered":"<p style=\"text-align: center;\"><span style=\"font-size: large;\">L\u2019ind\u00e9pendance entre deux chaises (1)<\/span><\/p>\n<\/p>\n<p>&nbsp;<\/p>\n<p>&nbsp;<\/p>\n<p>&nbsp;<\/p>\n<p>\u00a0<span style=\"color: #800000;\">par Michel Frankland<\/span><\/p>\n<p>&nbsp;<\/p>\n<p>Je viens de terminer le livre de Pierre Dubuc sur PKP. L\u2019\u0153uvre pr\u00e9sente deux niveaux soci\u00e9taux, \u00e9videmment entrem\u00eal\u00e9s.<\/p>\n<p>&nbsp;<\/p>\n<p style=\"text-align: justify;\">Le lecteur constate une analyse assez &hellip;<\/p>\n","protected":false},"author":1,"featured_media":0,"comment_status":"open","ping_status":"open","sticky":false,"template":"","format":"standard","meta":{"footnotes":""},"categories":[1],"tags":[],"class_list":["post-11689","post","type-post","status-publish","format-standard","hentry","category-accueil"],"_links":{"self":[{"href":"http:\/\/www.lecarrefourdesopinions.ca\/index.php?rest_route=\/wp\/v2\/posts\/11689","targetHints":{"allow":["GET"]}}],"collection":[{"href":"http:\/\/www.lecarrefourdesopinions.ca\/index.php?rest_route=\/wp\/v2\/posts"}],"about":[{"href":"http:\/\/www.lecarrefourdesopinions.ca\/index.php?rest_route=\/wp\/v2\/types\/post"}],"author":[{"embeddable":true,"href":"http:\/\/www.lecarrefourdesopinions.ca\/index.php?rest_route=\/wp\/v2\/users\/1"}],"replies":[{"embeddable":true,"href":"http:\/\/www.lecarrefourdesopinions.ca\/index.php?rest_route=%2Fwp%2Fv2%2Fcomments&post=11689"}],"version-history":[{"count":5,"href":"http:\/\/www.lecarrefourdesopinions.ca\/index.php?rest_route=\/wp\/v2\/posts\/11689\/revisions"}],"predecessor-version":[{"id":11705,"href":"http:\/\/www.lecarrefourdesopinions.ca\/index.php?rest_route=\/wp\/v2\/posts\/11689\/revisions\/11705"}],"wp:attachment":[{"href":"http:\/\/www.lecarrefourdesopinions.ca\/index.php?rest_route=%2Fwp%2Fv2%2Fmedia&parent=11689"}],"wp:term":[{"taxonomy":"category","embeddable":true,"href":"http:\/\/www.lecarrefourdesopinions.ca\/index.php?rest_route=%2Fwp%2Fv2%2Fcategories&post=11689"},{"taxonomy":"post_tag","embeddable":true,"href":"http:\/\/www.lecarrefourdesopinions.ca\/index.php?rest_route=%2Fwp%2Fv2%2Ftags&post=11689"}],"curies":[{"name":"wp","href":"https:\/\/api.w.org\/{rel}","templated":true}]}}