{"id":11687,"date":"2015-08-18T19:25:23","date_gmt":"2015-08-18T23:25:23","guid":{"rendered":"http:\/\/www.lecarrefourdesopinions.ca\/?p=11687"},"modified":"2015-08-18T19:25:23","modified_gmt":"2015-08-18T23:25:23","slug":"limmigration-est-elle-necessaire","status":"publish","type":"post","link":"http:\/\/www.lecarrefourdesopinions.ca\/?p=11687","title":{"rendered":"L\u2019immigration est-elle n\u00e9cessaire?"},"content":{"rendered":"<p style=\"text-align: center;\"><span style=\"font-size: large;\"><strong>L\u2019immigration est-elle n\u00e9cessaire? <\/strong><\/span><\/p>\n<p><span style=\"color: #800000;\"><em><span style=\"font-size: large;\">Recherche Jean-Paul Kozminski<\/span><\/em><\/span><\/p>\n<p>\u00a0<img loading=\"lazy\" decoding=\"async\" class=\"alignleft size-thumbnail wp-image-10547\" title=\"photo J.P.Kozminski\" src=\"http:\/\/www.lecarrefourdesopinions.ca\/wp-content\/uploads\/2014\/01\/photo-J.P.Kozminski-134x107.jpg\" alt=\"\" width=\"134\" height=\"107\" \/><\/p>\n<p>&nbsp;<\/p>\n<p><span style=\"font-family: Arial, sans-serif;\"><span style=\"font-size: small;\">Borjas (2013) avance des arguments \u00e0 l\u2019effet que la croissance dans la taille d\u2019un groupe ethnique aurait plut\u00f4t un effet n\u00e9gatif sur l\u2019int\u00e9gration \u00e9conomique des immigrants issus de ce groupe. En effet, plus le groupe ethnique est grand, plus l\u2019immigrant peut se d\u00e9brouiller avec sa langue maternelle,ce qui r\u00e9duit la n\u00e9cessit\u00e9 d\u2019apprendre une nouvelle langue<\/span><\/span>\u2013<span style=\"font-family: Arial, sans-serif;\"><span style=\"font-size: small;\">une langue officielle dans notre cas. Or, les immigrants qui ne<\/span><\/span><span style=\"font-size: small; font-family: Arial, sans-serif;\">ma\u00eetrisent aucune langue officielle sont moins susceptibles de s\u2019int\u00e9grer dans le march\u00e9 du travail que les autres immigrant.<\/span><\/p>\n<p>&nbsp;<\/p>\n<p><span style=\"font-family: Arial, sans-serif;\"><span style=\"font-size: small;\">Aussi,selon MM<\/span><\/span><span style=\"font-family: Arial, sans-serif;\"><span style=\"font-size: small;\">Brahim Boudarbat chercheur \u00e0 l\u2019UDM et Gilles Grenier Universit\u00e9 Ottawa.<\/span><\/span><\/p>\n<p style=\"text-align: justify;\"><span style=\"font-family: Arial, sans-serif;\"><span style=\"font-size: small;\">O<\/span><\/span><span style=\"font-family: Arial, sans-serif;\">n peut brosser le <\/span><span style=\"font-family: Arial, sans-serif;\"><strong>portrait de l\u2019immigrant au Qu\u00e9bec qui s\u2019int\u00e8gre le mieux<\/strong><\/span><span style=\"font-family: Arial, sans-serif;\">: il est jeune, vient d\u2019Europe, poss\u00e8de un dipl\u00f4me canadien, am\u00e9ricain ou europ\u00e9en, a acquis de l\u2019exp\u00e9rience professionnelle au Canada, parle les deux langues officielles et a d\u00e9j\u00e0 s\u00e9journ\u00e9 au Qu\u00e9bec avant d\u2019immigrer. <\/span><\/p>\n<p>&nbsp;<\/p>\n<p><span style=\"font-family: Arial, sans-serif;\"><strong>Les probl\u00e8mes des immigrants r\u00e9cents ont-ils un co\u00fbt socio\u00e9conomique qui d\u00e9passe celui des avantages d\u00e9coulant de l\u2019int\u00e9gration des immigrants au fil du temps et des g\u00e9n\u00e9rations?<\/strong><\/span><\/p>\n<p style=\"text-align: justify;\"><span style=\"font-family: Arial, sans-serif;\">Il semble que <\/span><span style=\"font-family: Arial, sans-serif;\"><strong>OUI<\/strong><\/span><span style=\"font-family: Arial, sans-serif;\">. Le co\u00fbt des services (\u00e9coles, soins de sant\u00e9, Prestations diverses de Bien-\u00eatre social\u00a0: 42% des nouvelles demandes. Et globalement les immigrants repr\u00e9sentent presque 25% des prestataires d\u2019assurance, etc\u2026) les services re\u00e7us surpassent de beaucoup les imp\u00f4ts pay\u00e9s par les immigrants, et ce depuis les ann\u00e9es 90. Le journal de Montr\u00e9al (R\u00e9gis Caron- 18-06-15) \u00e9valuait un co\u00fbt moyen de 6000$ que doivent payer les contribuables canadiens pour l\u2019accueil de nouveaux concitoyens dont 86% s\u2019\u00e9tablissent dans la r\u00e9gion montr\u00e9alaise. Le taux de ch\u00f4mage de cette population? +- 27% (global 7.5%).<\/span><\/p>\n<p>&nbsp;<\/p>\n<p style=\"text-align: justify;\"><span style=\"font-family: Arial, sans-serif;\">Finalement, selon cette \u00e9tude, <\/span><span style=\"font-family: Arial, sans-serif;\"><strong>rien ne prouve que le Qu\u00e9bec doive maintenir le niveau d\u2019admission des immigrants \u00e0 50000\\an. Une augmentation de l\u2019\u00e2ge de la retraite serait plus r\u00e9aliste pour stimuler l\u2019\u00e9conomie du Qu\u00e9bec. <\/strong><\/span><\/p>\n<p>&nbsp;<\/p>\n<p><span style=\"font-family: Arial, sans-serif;\">http:\/\/www.midi.gouv.qc.ca\/publications\/fr\/recherchesstatistiques\/ETU_ImmigrProsperite_BoudarbatGrenier.pdf<\/span><\/p>\n<p>&nbsp;<\/p>\n<p><span style=\"color: #800000;\"><em><strong>George Jesus Borjas<\/strong>, n\u00e9 le <span style=\"text-decoration: underline;\"><a href=\"https:\/\/fr.wikipedia.org\/wiki\/15_octobre\"><span style=\"color: #800000; text-decoration: underline;\">15<\/span><\/a><\/span><span style=\"text-decoration: underline;\"><a href=\"https:\/\/fr.wikipedia.org\/wiki\/Octobre_1950\"><span style=\"color: #800000; text-decoration: underline;\">octobre<\/span><\/a><\/span><span style=\"text-decoration: underline;\"><a href=\"https:\/\/fr.wikipedia.org\/wiki\/1950\"><span style=\"color: #800000; text-decoration: underline;\">1950<\/span><\/a><\/span> \u00e0 <span style=\"text-decoration: underline;\"><a href=\"https:\/\/fr.wikipedia.org\/wiki\/La_Havane\"><span style=\"color: #800000; text-decoration: underline;\">La Havane<\/span><\/a><\/span><span style=\"text-decoration: underline;\"><a href=\"https:\/\/fr.wikipedia.org\/wiki\/George_J._Borjas#cite_note-WallStreetJournal_260496-1\"><span style=\"color: #800000; text-decoration: underline;\"><sup>1<\/sup><\/span><\/a><\/span>, est un \u00e9conomiste <span style=\"text-decoration: underline;\"><a href=\"https:\/\/fr.wikipedia.org\/wiki\/\u00c9tats-Unis\"><span style=\"color: #800000; text-decoration: underline;\">am\u00e9ricain<\/span><\/a><\/span>, professeur d&rsquo;\u00e9conomie http:\/\/www.midi.gouv.qc.ca\/publications\/fr\/recherches-statistiques\/ETU_ImmigrProsperite_BoudarbatGrenier.pdfet de politique sociale \u00e0 la <span style=\"text-decoration: underline;\"><a href=\"https:\/\/fr.wikipedia.org\/wiki\/John_F._Kennedy_School_of_Government\"><span style=\"color: #800000; text-decoration: underline;\">Harvard Kennedy School<\/span><\/a><\/span>, o\u00f9 il occupe la chaire Robert W. Scrivner<span style=\"text-decoration: underline;\"><a href=\"https:\/\/fr.wikipedia.org\/wiki\/George_J._Borjas#cite_note-HKS_Bio-2\"><span style=\"color: #800000; text-decoration: underline;\"><sup>2<\/sup><\/span><\/a><\/span>. Il est surtout connu pour pr\u00f4ner une r\u00e9duction du taux d&rsquo;immigration aux \u00c9tats-Unis. (source\u00a0<\/em><\/span><\/p>\n<script type=\"text\/javascript\">\n\nvar addthis_config = {\"data_track_clickback\":false,\"data_track_addressbar\":false,\"data_track_textcopy\":false};\n<\/script><script type=\"text\/javascript\" src=\"\/\/s7.addthis.com\/js\/250\/addthis_widget.js#pubid=a457a6d63fb9e6ccabdde4110343bd85\"><\/script>","protected":false},"excerpt":{"rendered":"<p style=\"text-align: center;\"><span style=\"font-size: large;\">L\u2019immigration est-elle n\u00e9cessaire? <\/span><\/p>\n<p><span style=\"color: #800000;\"><span style=\"font-size: large;\">Recherche Jean-Paul Kozminski<\/span><\/span><\/p>\n<p>\u00a0<\/p>\n<p>&nbsp;<\/p>\n<p><span style=\"font-family: Arial, sans-serif;\"><span style=\"font-size: small;\">Borjas (2013) avance des arguments \u00e0 l\u2019effet que la croissance dans la taille d\u2019un groupe ethnique aurait plut\u00f4t un effet n\u00e9gatif sur l\u2019int\u00e9gration \u00e9conomique des immigrants issus de ce groupe. <\/span><\/span>&hellip;<\/p>\n","protected":false},"author":1,"featured_media":0,"comment_status":"open","ping_status":"open","sticky":false,"template":"","format":"standard","meta":{"footnotes":""},"categories":[1],"tags":[],"class_list":["post-11687","post","type-post","status-publish","format-standard","hentry","category-accueil"],"_links":{"self":[{"href":"http:\/\/www.lecarrefourdesopinions.ca\/index.php?rest_route=\/wp\/v2\/posts\/11687","targetHints":{"allow":["GET"]}}],"collection":[{"href":"http:\/\/www.lecarrefourdesopinions.ca\/index.php?rest_route=\/wp\/v2\/posts"}],"about":[{"href":"http:\/\/www.lecarrefourdesopinions.ca\/index.php?rest_route=\/wp\/v2\/types\/post"}],"author":[{"embeddable":true,"href":"http:\/\/www.lecarrefourdesopinions.ca\/index.php?rest_route=\/wp\/v2\/users\/1"}],"replies":[{"embeddable":true,"href":"http:\/\/www.lecarrefourdesopinions.ca\/index.php?rest_route=%2Fwp%2Fv2%2Fcomments&post=11687"}],"version-history":[{"count":2,"href":"http:\/\/www.lecarrefourdesopinions.ca\/index.php?rest_route=\/wp\/v2\/posts\/11687\/revisions"}],"predecessor-version":[{"id":11704,"href":"http:\/\/www.lecarrefourdesopinions.ca\/index.php?rest_route=\/wp\/v2\/posts\/11687\/revisions\/11704"}],"wp:attachment":[{"href":"http:\/\/www.lecarrefourdesopinions.ca\/index.php?rest_route=%2Fwp%2Fv2%2Fmedia&parent=11687"}],"wp:term":[{"taxonomy":"category","embeddable":true,"href":"http:\/\/www.lecarrefourdesopinions.ca\/index.php?rest_route=%2Fwp%2Fv2%2Fcategories&post=11687"},{"taxonomy":"post_tag","embeddable":true,"href":"http:\/\/www.lecarrefourdesopinions.ca\/index.php?rest_route=%2Fwp%2Fv2%2Ftags&post=11687"}],"curies":[{"name":"wp","href":"https:\/\/api.w.org\/{rel}","templated":true}]}}