{"id":11676,"date":"2015-08-18T19:24:26","date_gmt":"2015-08-18T23:24:26","guid":{"rendered":"http:\/\/www.lecarrefourdesopinions.ca\/?p=11676"},"modified":"2015-08-18T19:24:26","modified_gmt":"2015-08-18T23:24:26","slug":"lannee-du-changement","status":"publish","type":"post","link":"http:\/\/www.lecarrefourdesopinions.ca\/?p=11676","title":{"rendered":"\u00ab L\u2019ann\u00e9e du changement \u00bb"},"content":{"rendered":"<div><\/div>\n<div>\n<p align=\"center\"><span style=\"font-family: 'Times New Roman', serif;\"><span style=\"font-size: large;\">\u00ab L\u2019ann\u00e9e du changement \u00bb<\/span><\/span><\/p>\n<p align=\"justify\">\n<p align=\"justify\"><span style=\"color: #800000;\"><em><img loading=\"lazy\" decoding=\"async\" class=\"alignleft size-thumbnail wp-image-11459\" title=\"Serge 1\" src=\"http:\/\/www.lecarrefourdesopinions.ca\/wp-content\/uploads\/2015\/04\/Serge-1-101x107.jpg\" alt=\"\" width=\"101\" height=\"107\" \/><\/em><\/span><\/p>\n<p align=\"justify\">\n<p align=\"justify\">\n<p align=\"justify\">\n<p align=\"justify\">\n<p align=\"justify\"><span style=\"color: #800000;\"><em>Par Me Serge H. Mo\u00efse av.Barreau de P-au-P.<\/em><\/span><\/p>\n<p align=\"center\">\n<p align=\"center\">\n<p align=\"justify\"><span style=\"font-family: 'Times New Roman', serif;\"><span style=\"font-size: large;\">Nous en parlons depuis des lustres de ces changements \u00e0 partir desquels le pays doit rena\u00eetre, nous en parlons tellement et depuis si longtemps que de nos jours, personne n\u2019y croit.<\/span><\/span><\/p>\n<p align=\"justify\"><span style=\"font-family: 'Times New Roman', serif;\"><span style=\"font-size: large;\">Les besoins sont si urgents, nombreux et complexes qu\u2019on a l\u2019impression qu\u2019ils sont devenus insurmontables et que nous sommes condamn\u00e9s au sous-d\u00e9veloppement et \u00e0 la mis\u00e8re pour le reste de nos jours. <\/span><\/span><\/p>\n<p align=\"justify\"><span style=\"font-family: 'Times New Roman', serif;\"><span style=\"font-size: large;\">Nombreux sont les filles et fils du pays qui, de guerre lasse, ont fini par baisser les bras, se disant qu\u2019apr\u00e8s plus de deux cent onze ans d\u2019ind\u00e9pendance, il n\u2019est pas logique qu\u2019on en soit \u00e0 ce stade que tout le monde d\u00e9plore. Recul sur toute la ligne et dans tous les domaines.<\/span><\/span><\/p>\n<p align=\"justify\"><span style=\"font-family: 'Times New Roman', serif;\"><span style=\"font-size: large;\">Les rescap\u00e9s de l\u2019analphab\u00e9tisme, une fois parvenus au pouvoir ont d\u00e9lib\u00e9r\u00e9ment n\u00e9glig\u00e9, sinon d\u00e9t\u00e9rior\u00e9 le syst\u00e8me \u00e9ducatif ha\u00eftien, histoire de conserver leurs privil\u00e8ges dus \u00e0 leur scolarisation et \u00e9liminer toute comp\u00e9tition qui viendrait du plus grand nombre. Il ne s\u2019agit pas d\u2019un accident de parcours mais d\u2019un choix politique d\u00e9lib\u00e9r\u00e9.<\/span><\/span><\/p>\n<p align=\"justify\"><span style=\"font-size: large;\"><span style=\"font-family: 'Times New Roman', serif;\">Et aujourd\u2019hui on fait de l\u2019\u00e9ducation, comme de notre pauvret\u00e9 un pr\u00e9texte de plus pour qu<\/span><span style=\"font-family: Sylfaen, serif;\">\u00e9mander des miettes ici et l\u00e0, sachant fort bien que le d\u00e9veloppement durable ne peut venir d\u2019ailleurs, et pour r\u00e9p\u00e9ter encore une fois le docteur Volvick R\u00e9my Joseph\u00a0: \u00ab\u00a0Le d\u00e9veloppement d\u2019Ha\u00efti sera endog\u00e8ne ou ne sera pas.\u00a0\u00bb<\/span><\/span><\/p>\n<p align=\"justify\"><span style=\"font-size: large;\"><span style=\"font-family: 'Times New Roman', serif;\">Il nous a fallu trois si\u00e8cles apr\u00e8s le d\u00e9barquement des premiers Bossales \u00e0 Hispaniola pour parvenir \u00e0 r\u00e9aliser notre ind\u00e9pendance et encore, peu ou prou sur le plan politique. Il n\u2019est pas dit qu\u2019il faudra attendre aussi longtemps pour que nous d\u00e9cidions enfin de prendre notre destin en main. Personne ne le fera \u00e0 notre place, les couches saines de la nation le savent, la communaut\u00e9 internationale nous le rappelle r\u00e9guli<\/span><span style=\"font-family: Sylfaen, serif;\">\u00e8rement<\/span><span style=\"font-family: 'Times New Roman', serif;\">, toutes les conditions objectives de cette prise en main sont \u00e0 toutes fins pratiques r\u00e9unies. Il ne nous manque que la ferme volont\u00e9 de vivre ensemble en tenant compte des int\u00e9r\u00eats de toutes les composantes sociales.<\/span><\/span><\/p>\n<p align=\"justify\"><span style=\"font-family: 'Times New Roman', serif;\"><span style=\"font-size: large;\">Nous sommes donc condamn\u00e9s \u00e0 cultiver ce vivre-ensemble dans la fraternit\u00e9, la convivialit\u00e9 et la solidarit\u00e9. L\u2019indiff\u00e9rence l\u2019\u00e9go\u00efsme, l\u2019individualisme sont \u00e0 bannir \u00e0 tout jamais de notre paysage. Par nos fa\u00e7ons de faire qui autorisent n\u2019importe quel blanc-bec \u00e0 nous traiter d\u2019incapables, de corrompus g\u00e9n\u00e9tiques, nous projetons une image d\u2019une laideur d\u00e9shumanisante.<\/span><\/span><\/p>\n<p align=\"justify\"><span style=\"font-family: 'Times New Roman', serif;\"><span style=\"font-size: large;\">Nous avons eu notre quota de d\u00e9boires, nous en avons ras le bol et nous en sommes les premiers responsables. D\u2019autres ont su profiter de nos faiblesses, il n\u2019y a rien de plus normal car, le g\u00e9n\u00e9ral de Gaulle l\u2019a dit \u00e0 qui voulait l\u2019entendre\u00a0: \u00ab\u00a0Les puissances n\u2019ont pas d\u2019amis, elles n\u2019ont que des int\u00e9r\u00eats\u00a0\u00bb.<\/span><\/span><\/p>\n<p align=\"justify\"><span style=\"font-family: 'Times New Roman', serif;\"><span style=\"font-size: large;\">Nous ne pouvons nous permettre aucun recul, un pas de plus dans la mauvaise direction et c\u2019en est fait de nous, la faillite devient totale, l\u2019explosion sociale aux cons\u00e9quences impr\u00e9visibles et n\u00e9fastes s\u2019av\u00e8re in\u00e9vitable. Ceux qui pr\u00e9tendent qu\u2019un peuple ne meurt pas, connaissent mal l\u2019histoire de l\u2019humanit\u00e9. Point n\u2019est besoin de chercher midi \u00e0 quatorze heures, la disparition des Arawaks, des Azt\u00e8ques, des Incas et des Ta\u00efnos qui peuplaient notre \u00eele \u00e0 l\u2019arriv\u00e9e de Colomb en est une preuve qui devrait nous interpeller et nous ramener \u00e0 la r\u00e9alit\u00e9 des faits.<\/span><\/span><\/p>\n<p align=\"justify\"><span style=\"font-family: 'Times New Roman', serif;\"><span style=\"font-size: large;\">D\u00e9j\u00e0 en mil huit cent quatre-vingt treize (1893) Frederick Douglas, ancien repr\u00e9sentant am\u00e9ricain au pays, nous mettait en garde contre nos propres pulsions morbides. Ant\u00e9nor Firmin, que nous v\u00e9n\u00e9rons tous, m\u00eame sur sa terre d\u2019exil \u00e0 l\u2019\u00eele St-Thomas n\u2019a eu de cesse de nous exhorter \u00e0 plus de transcendance et d\u2019unit\u00e9 dans la perspective des int\u00e9r\u00eats sup\u00e9rieurs de la nation.<\/span><\/span><\/p>\n<p align=\"justify\"><span style=\"font-size: large;\"><span style=\"font-family: 'Times New Roman', serif;\">Dans notre jargon juridique nous r\u00e9p\u00e9tons constamment que\u00a0: \u00ab\u00a0Les d\u00e9faites du droit sont toujours \u00e9ph\u00e9m\u00e8res\u00a0\u00bb Serions-nous l\u2019exception qui confirme la r\u00e8gle? G\u00e9n\u00e9ration apr\u00e8s g\u00e9n\u00e9ration, nous commettons les m\u00eames erreurs, avec les m\u00eames cons\u00e9quences et nous avons pers\u00e9v\u00e9r\u00e9 dans la m\u00eame veine suicidaire jusqu\u2019\u00e0 aujourd\u2019hui. L\u2019espoir d\u2019un changement r\u00e9el demeure encore al\u00e9atoire s\u2019il faut tenir compte des r\u00e9cents atermoiements entre le l\u00e9gislatif et l\u2019ex\u00e9cutif pour former un gouvernement devant s\u2019attaquer aux urgences de l\u2019heure et jeter les bases de la refondation et de la reconstruction du pays.<\/span><\/span><\/p>\n<p align=\"justify\"><span style=\"font-family: 'Times New Roman', serif;\"><span style=\"font-size: large;\">Le s\u00e9isme du douze janvier deux mille dix (2010) et les \u00e9lections du vingt-huit novembre de la m\u00eame ann\u00e9e, les quatres derni\u00e8res ann\u00e9es de laxisme et de gabegie \u00e0 outrance devraient suffire \u00e0 insuffler \u00e0 chaque fille et fils du pays assez d\u2019\u00e9nergie et de courage pour que deux mille onze (2015) soit plus que jamais l\u2019ann\u00e9e du changement, car plus tard, sera certainement trop tard.<\/span><\/span><\/p>\n<p align=\"justify\">\n<p align=\"justify\">\n<p align=\"justify\">\n<\/div>\n<script type=\"text\/javascript\">\n\nvar addthis_config = {\"data_track_clickback\":false,\"data_track_addressbar\":false,\"data_track_textcopy\":false};\n<\/script><script type=\"text\/javascript\" src=\"\/\/s7.addthis.com\/js\/250\/addthis_widget.js#pubid=a457a6d63fb9e6ccabdde4110343bd85\"><\/script>","protected":false},"excerpt":{"rendered":"<p align=\"center\"><span style=\"font-family: 'Times New Roman', serif;\"><span style=\"font-size: large;\">\u00ab L\u2019ann\u00e9e du changement \u00bb<\/span><\/span><\/p>\n<p align=\"justify\">\n<p align=\"justify\"><span style=\"color: #800000;\"><\/span><\/p>\n<p align=\"justify\">\n<p align=\"justify\">\n<p align=\"justify\">\n<p align=\"justify\">\n<p align=\"justify\"><span style=\"color: #800000;\">Par Me Serge H. Mo\u00efse av.Barreau de P-au-P.<\/span><\/p>\n<p align=\"center\">\n<p align=\"center\">\n<p align=\"justify\"><span style=\"font-family: 'Times New Roman', serif;\"><span style=\"font-size: large;\">Nous en parlons depuis des lustres de ces changements \u00e0 partir desquels le pays doit rena\u00eetre, nous en parlons tellement et depuis si longtemps <\/span><\/span>&hellip;<\/p>\n","protected":false},"author":1,"featured_media":0,"comment_status":"open","ping_status":"open","sticky":false,"template":"","format":"standard","meta":{"footnotes":""},"categories":[1],"tags":[],"class_list":["post-11676","post","type-post","status-publish","format-standard","hentry","category-accueil"],"_links":{"self":[{"href":"http:\/\/www.lecarrefourdesopinions.ca\/index.php?rest_route=\/wp\/v2\/posts\/11676","targetHints":{"allow":["GET"]}}],"collection":[{"href":"http:\/\/www.lecarrefourdesopinions.ca\/index.php?rest_route=\/wp\/v2\/posts"}],"about":[{"href":"http:\/\/www.lecarrefourdesopinions.ca\/index.php?rest_route=\/wp\/v2\/types\/post"}],"author":[{"embeddable":true,"href":"http:\/\/www.lecarrefourdesopinions.ca\/index.php?rest_route=\/wp\/v2\/users\/1"}],"replies":[{"embeddable":true,"href":"http:\/\/www.lecarrefourdesopinions.ca\/index.php?rest_route=%2Fwp%2Fv2%2Fcomments&post=11676"}],"version-history":[{"count":2,"href":"http:\/\/www.lecarrefourdesopinions.ca\/index.php?rest_route=\/wp\/v2\/posts\/11676\/revisions"}],"predecessor-version":[{"id":11703,"href":"http:\/\/www.lecarrefourdesopinions.ca\/index.php?rest_route=\/wp\/v2\/posts\/11676\/revisions\/11703"}],"wp:attachment":[{"href":"http:\/\/www.lecarrefourdesopinions.ca\/index.php?rest_route=%2Fwp%2Fv2%2Fmedia&parent=11676"}],"wp:term":[{"taxonomy":"category","embeddable":true,"href":"http:\/\/www.lecarrefourdesopinions.ca\/index.php?rest_route=%2Fwp%2Fv2%2Fcategories&post=11676"},{"taxonomy":"post_tag","embeddable":true,"href":"http:\/\/www.lecarrefourdesopinions.ca\/index.php?rest_route=%2Fwp%2Fv2%2Ftags&post=11676"}],"curies":[{"name":"wp","href":"https:\/\/api.w.org\/{rel}","templated":true}]}}