{"id":11665,"date":"2015-08-05T19:46:35","date_gmt":"2015-08-05T23:46:35","guid":{"rendered":"http:\/\/www.lecarrefourdesopinions.ca\/?p=11665"},"modified":"2015-08-05T19:46:35","modified_gmt":"2015-08-05T23:46:35","slug":"pourquoi-nos-premieres-nations-doivent-elles-toujours-se-battre","status":"publish","type":"post","link":"http:\/\/www.lecarrefourdesopinions.ca\/?p=11665","title":{"rendered":"Pourquoi nos premi\u00e8res nations doivent-elles toujours se battre?"},"content":{"rendered":"<p style=\"text-align: center;\"><span style=\"font-family: 'Times New Roman', serif;\"><span style=\"font-size: large;\">Pourquoi nos premi\u00e8res nations doivent-elles toujours se battre?<\/span><\/span><\/p>\n<p style=\"text-align: left;\"><span style=\"color: #800000;\"><em><img loading=\"lazy\" decoding=\"async\" class=\"alignleft size-thumbnail wp-image-10547\" title=\"photo J.P.Kozminski\" src=\"http:\/\/www.lecarrefourdesopinions.ca\/wp-content\/uploads\/2014\/01\/photo-J.P.Kozminski-134x107.jpg\" alt=\"\" width=\"134\" height=\"107\" \/><\/em><\/span><\/p>\n<p style=\"text-align: left;\">\n<p style=\"text-align: left;\">\n<p style=\"text-align: left;\">\n<p style=\"text-align: left;\">\n<p style=\"text-align: left;\"><span style=\"color: #800000;\"><em>par Jean-Paul Kozminski<\/em><\/span><\/p>\n<p>&nbsp;<\/p>\n<p>&nbsp;<\/p>\n<p><span style=\"font-family: 'Times New Roman', serif;\"><span style=\"font-size: medium;\">Pourquoi \u00e9riger des barrages, des barricades de pneus, de troncs d\u2019arbres, sur des routes de terre, lointaines et porteuses futures de camions charg\u00e9s des mati\u00e8res premi\u00e8res arrach\u00e9es du sous-sol des territoires dont la juridiction est volontairement mal d\u00e9finie?<\/span><\/span><\/p>\n<p style=\"text-align: center;\"><img loading=\"lazy\" decoding=\"async\" class=\"aligncenter size-full wp-image-11666\" title=\"Mamit\" src=\"http:\/\/www.lecarrefourdesopinions.ca\/wp-content\/uploads\/2015\/07\/Mamit.jpg\" alt=\"\" width=\"230\" height=\"138\" \/><\/p>\n<p><span style=\"font-family: 'Times New Roman', serif;\"><span style=\"font-size: medium;\">Comme le dit Rodrigue Wapistan\u00a0\u00e0 la presse canadienne (Pierre Saint-Arnaud)\u00a0: \u2018ce n\u2019est pas des millions qu\u2019on recherche; c\u2019est le respect de nos droits et de notre site\u2019.<\/span><\/span><\/p>\n<p><span style=\"font-family: 'Times New Roman', serif;\"><span style=\"font-size: medium;\">Les Innus demandent le respect de leurs droits et titres ancestraux sur le territoire o\u00f9 est situ\u00e9 le complexe hydro\u00e9lectrique de la Romaine. Ils estiment qu&rsquo;Hydro-Qu\u00e9bec bafoue l&rsquo;entente sign\u00e9e en 2008, ce que nie la Soci\u00e9t\u00e9\u00a0d&rsquo;\u00c9tat. <\/span><\/span><\/p>\n<p><span style=\"font-family: 'Times New Roman', serif;\"><span style=\"font-size: medium;\">La communaut\u00e9 souhaite aussi discuter des contrats de d\u00e9boisement et des questions de contamination des eaux de la rivi\u00e8re Romaine au\u00a0mercure. <\/span><\/span><\/p>\n<p><span style=\"font-family: 'Times New Roman', serif;\"><span style=\"font-size: medium;\">Les Innus invoquent le non-respect de l&rsquo;entente Nanemessu-Nutashkuan conclue en 2008. Ils reprochent ainsi \u00e0 Hydro-Qu\u00e9bec d&rsquo;avoir inond\u00e9 les bassins 1 et 2 sans les avoir avertis et, surtout, en y laissant la moiti\u00e9 du bois, contrairement \u00e0 ce que pr\u00e9voyait l&rsquo;\u00e9valuation\u00a0environnementale. Ce n\u2019est pas la premi\u00e8re fois que les promesses faites ne sont pas tenues. Normal que les repr\u00e9sentants des nations soient sur leur garde.<\/span><\/span><\/p>\n<p><span style=\"font-family: 'Times New Roman', serif;\"><span style=\"font-size: medium;\">Outre la perte de la r\u00e9colte, les Innus signalent que cette fa\u00e7on de proc\u00e9der entra\u00eene de fortes augmentations des taux de mercure dans l&rsquo;eau, portant atteinte \u00e0 la faune et, cons\u00e9quemment, \u00e0 leurs activit\u00e9s de chasse et de\u00a0p\u00eache. <\/span><\/span><\/p>\n<p>Tous les paliers gouvernementaux soulignent l\u2019importance du dialogue pour d\u00e9nouer les enjeux li\u00e9s \u00e0 l\u2019exploitation des ressources situ\u00e9es en territoire autochtone. Trop souvent les ententes ont \u00e9t\u00e9 contourn\u00e9es ou non respect\u00e9es.<\/p>\n<p>Il est temps d\u2019ench\u00e2sser les droits des premi\u00e8res nations dans des textes l\u00e9gaux; car si elles se fient \u00e0 la parole donn\u00e9e par nos dirigeants, elles peuvent \u00eatre d\u00e9\u00e7ues. L\u2019histoire le prouve\u00a0: regardons les r\u00e9sultats du non-respect des diff\u00e9rents trait\u00e9s et du soin apport\u00e9 \u00e0 vouloir \u00e9radiquer toute culture des premiers habitants de ce continent.<\/p>\n<p>L\u2019espoir de la commission v\u00e9rit\u00e9 et r\u00e9conciliation promet-elle un meilleur avenir?<\/p>\n<script type=\"text\/javascript\">\n\nvar addthis_config = {\"data_track_clickback\":false,\"data_track_addressbar\":false,\"data_track_textcopy\":false};\n<\/script><script type=\"text\/javascript\" src=\"\/\/s7.addthis.com\/js\/250\/addthis_widget.js#pubid=a457a6d63fb9e6ccabdde4110343bd85\"><\/script>","protected":false},"excerpt":{"rendered":"<p style=\"text-align: center;\"><span style=\"font-family: 'Times New Roman', serif;\"><span style=\"font-size: large;\">Pourquoi nos premi\u00e8res nations doivent-elles toujours se battre?<\/span><\/span><\/p>\n<p style=\"text-align: left;\"><span style=\"color: #800000;\"><\/span><\/p>\n<p style=\"text-align: left;\">\n<p style=\"text-align: left;\">\n<p style=\"text-align: left;\">\n<p style=\"text-align: left;\">\n<p style=\"text-align: left;\"><span style=\"color: #800000;\">par Jean-Paul Kozminski<\/span><\/p>\n<p>&nbsp;<\/p>\n<p>&nbsp;<\/p>\n<p><span style=\"font-family: 'Times New Roman', serif;\"><span style=\"font-size: medium;\">Pourquoi \u00e9riger des barrages, des barricades de pneus, de troncs d\u2019arbres, sur des routes de terre, lointaines et porteuses futures de camions charg\u00e9s des <\/span><\/span>&hellip;<\/p>\n","protected":false},"author":1,"featured_media":0,"comment_status":"open","ping_status":"open","sticky":false,"template":"","format":"standard","meta":{"footnotes":""},"categories":[1],"tags":[],"class_list":["post-11665","post","type-post","status-publish","format-standard","hentry","category-accueil"],"_links":{"self":[{"href":"http:\/\/www.lecarrefourdesopinions.ca\/index.php?rest_route=\/wp\/v2\/posts\/11665","targetHints":{"allow":["GET"]}}],"collection":[{"href":"http:\/\/www.lecarrefourdesopinions.ca\/index.php?rest_route=\/wp\/v2\/posts"}],"about":[{"href":"http:\/\/www.lecarrefourdesopinions.ca\/index.php?rest_route=\/wp\/v2\/types\/post"}],"author":[{"embeddable":true,"href":"http:\/\/www.lecarrefourdesopinions.ca\/index.php?rest_route=\/wp\/v2\/users\/1"}],"replies":[{"embeddable":true,"href":"http:\/\/www.lecarrefourdesopinions.ca\/index.php?rest_route=%2Fwp%2Fv2%2Fcomments&post=11665"}],"version-history":[{"count":3,"href":"http:\/\/www.lecarrefourdesopinions.ca\/index.php?rest_route=\/wp\/v2\/posts\/11665\/revisions"}],"predecessor-version":[{"id":11680,"href":"http:\/\/www.lecarrefourdesopinions.ca\/index.php?rest_route=\/wp\/v2\/posts\/11665\/revisions\/11680"}],"wp:attachment":[{"href":"http:\/\/www.lecarrefourdesopinions.ca\/index.php?rest_route=%2Fwp%2Fv2%2Fmedia&parent=11665"}],"wp:term":[{"taxonomy":"category","embeddable":true,"href":"http:\/\/www.lecarrefourdesopinions.ca\/index.php?rest_route=%2Fwp%2Fv2%2Fcategories&post=11665"},{"taxonomy":"post_tag","embeddable":true,"href":"http:\/\/www.lecarrefourdesopinions.ca\/index.php?rest_route=%2Fwp%2Fv2%2Ftags&post=11665"}],"curies":[{"name":"wp","href":"https:\/\/api.w.org\/{rel}","templated":true}]}}