{"id":11663,"date":"2015-07-23T19:23:18","date_gmt":"2015-07-23T23:23:18","guid":{"rendered":"http:\/\/www.lecarrefourdesopinions.ca\/?p=11663"},"modified":"2015-07-23T19:23:18","modified_gmt":"2015-07-23T23:23:18","slug":"il-faut-le-dire","status":"publish","type":"post","link":"http:\/\/www.lecarrefourdesopinions.ca\/?p=11663","title":{"rendered":"IL FAUT LE DIRE"},"content":{"rendered":"<p style=\"text-align: center;\"><span style=\"font-size: large;\"><strong>IL FAUT LE DIRE<\/strong><\/span><\/p>\n<p><img loading=\"lazy\" decoding=\"async\" class=\"alignleft size-thumbnail wp-image-10547\" title=\"photo J.P.Kozminski\" src=\"http:\/\/www.lecarrefourdesopinions.ca\/wp-content\/uploads\/2014\/01\/photo-J.P.Kozminski-134x107.jpg\" alt=\"\" width=\"134\" height=\"107\" \/><\/p>\n<p>&nbsp;<\/p>\n<p>&nbsp;<\/p>\n<p>&nbsp;<\/p>\n<p>&nbsp;<\/p>\n<p><span style=\"color: #800000;\"><em>Par Jean-Paul Kozminski<\/em><\/span><\/p>\n<p>Le Canada a tent\u00e9 de commettre un \u00ab\u00a0g\u00e9nocide culturel\u00a0\u00bb visant les populations autochtones du pays aux 19e et 20e\u00a0si\u00e8cles, estime la juge en chef de la Cour supr\u00eame du\u00a0Canada.<\/p>\n<p style=\"text-align: justify;\">\u00ab\u00a0La tache la plus flagrante de notre histoire canadienne porte sur notre traitement des Premi\u00e8res Nations qui ont v\u00e9cu ici au temps de la colonisation\u00a0\u00bb, a-t-elle affirm\u00e9. Apr\u00e8s une p\u00e9riode marqu\u00e9e par la cohabitation et l&rsquo;\u00e9galit\u00e9, a-t-elle ajout\u00e9, le gouvernement canadien a d\u00e9velopp\u00e9 une \u00ab\u00a0philosophie d&rsquo;exclusion et d&rsquo;annihilation\u00a0culturelle\u00a0\u00bb.<\/p>\n<p>\u00ab\u00a0L&rsquo;objectif &#8211; je cite Sir John A. MacDonald, &#8211; \u00e9tait de \u00ab\u00a0sortir l&rsquo;Indien de l&rsquo;enfant\u00a0\u00bb\u00a0et de r\u00e9soudre ainsi ce qu&rsquo;on appelait le probl\u00e8me indien. L'\u00a0\u00bbindianit\u00e9\u00a0\u00bb\u00a0ne devait pas \u00eatre tol\u00e9r\u00e9e; elle devait plut\u00f4t \u00eatre\u00a0\u00e9limin\u00e9e.\u00a0\u00bb<\/p>\n<p><span style=\"font-family: 'Times New Roman', serif;\"><span style=\"font-size: medium;\">Quelques politiques qui ont \u00e9t\u00e9 pr\u00e9conis\u00e9es au fil du temps par le gouvernement canadien : les lois emp\u00eachant les Autochtones de quitter leur r\u00e9serve, de voter, de pratiquer leurs traditions religieuses et\u00a0sociales.<\/span><\/span><\/p>\n<p>&nbsp;<\/p>\n<p><span style=\"font-family: 'Times New Roman', serif;\"><span style=\"font-size: medium;\">Elle est aussi revenue sur l&rsquo;\u00e9pisode des pensionnats autochtones, o\u00f9 l&rsquo;on interdisait aux enfants de parler leur langue et de porter des habits traditionnels, et o\u00f9 on les for\u00e7ait \u00e0 suivre les traditions\u00a0chr\u00e9tiennes. <\/span><\/span><\/p>\n<p align=\"CENTER\"><span style=\"font-family: Arial, sans-serif;\"><span>Bas du formulaire<\/span><\/span><\/p>\n<p style=\"text-align: justify;\"><span style=\"font-family: 'Times New Roman', serif;\"><span style=\"font-size: medium;\">La juge McLachlin estime que le Canada a appris de ses erreurs depuis. Elle a notamment rappel\u00e9 que le premier ministre Stephen Harper a pr\u00e9sent\u00e9 ses excuses aux Premi\u00e8res Nations en 2008 pour les s\u00e9vices subis dans les pensionnats\u00a0autochtones. <\/span><\/span><\/p>\n<p><span style=\"font-family: 'Times New Roman', serif;\"><span style=\"font-size: medium;\">Il est peu fr\u00e9quent que des responsables canadiens de si haut rang assimilent le traitement r\u00e9serv\u00e9 aux autochtones \u00e0 un \u00ab\u00a0g\u00e9nocide culturel\u00a0\u00bb. L&rsquo;ex-premier ministre Paul Martin est l&rsquo;un des rares \u00e0 avoir utilis\u00e9 l&rsquo;expression lors de son t\u00e9moignage devant la Commission de v\u00e9rit\u00e9 et r\u00e9conciliation.<\/span><\/span><\/p>\n<p>Quel sera l\u2019impact du rapport de la <strong>Commission de v\u00e9rit\u00e9 et r\u00e9conciliation du\u00a0Canada?<\/strong><\/p>\n<p>&nbsp;<\/p>\n<p><span style=\"font-family: 'Times New Roman', serif;\"><span style=\"font-size: medium;\"><strong>Voil\u00e0, c\u2019est dit; nous connaissons la triste r\u00e9alit\u00e9 v\u00e9cue par nos premi\u00e8res nations depuis la conf\u00e9d\u00e9ration (1867). Il est certes impossible d\u2019effacer les crimes et la douleur caus\u00e9s volontairement par nos gouvernements. Mais nous pouvons et devons permettre aux enfants Algonquins, Crees, Wendats, Montagnais, Atikamegh, Malecite, Innus et \u00e0 tous nos concitoyens de vivre en fonction de leurs<\/strong><\/span><\/span><\/p>\n<script type=\"text\/javascript\">\n\nvar addthis_config = {\"data_track_clickback\":false,\"data_track_addressbar\":false,\"data_track_textcopy\":false};\n<\/script><script type=\"text\/javascript\" src=\"\/\/s7.addthis.com\/js\/250\/addthis_widget.js#pubid=a457a6d63fb9e6ccabdde4110343bd85\"><\/script>","protected":false},"excerpt":{"rendered":"<p style=\"text-align: center;\"><span style=\"font-size: large;\">IL FAUT LE DIRE<\/span><\/p>\n<\/p>\n<p>&nbsp;<\/p>\n<p>&nbsp;<\/p>\n<p>&nbsp;<\/p>\n<p>&nbsp;<\/p>\n<p><span style=\"color: #800000;\">Par Jean-Paul Kozminski<\/span><\/p>\n<p>Le Canada a tent\u00e9 de commettre un \u00ab\u00a0g\u00e9nocide culturel\u00a0\u00bb visant les populations autochtones du pays aux 19e et 20e\u00a0si\u00e8cles, estime la juge en &hellip;<\/p>\n","protected":false},"author":1,"featured_media":0,"comment_status":"open","ping_status":"open","sticky":false,"template":"","format":"standard","meta":{"footnotes":""},"categories":[1],"tags":[],"class_list":["post-11663","post","type-post","status-publish","format-standard","hentry","category-accueil"],"_links":{"self":[{"href":"http:\/\/www.lecarrefourdesopinions.ca\/index.php?rest_route=\/wp\/v2\/posts\/11663","targetHints":{"allow":["GET"]}}],"collection":[{"href":"http:\/\/www.lecarrefourdesopinions.ca\/index.php?rest_route=\/wp\/v2\/posts"}],"about":[{"href":"http:\/\/www.lecarrefourdesopinions.ca\/index.php?rest_route=\/wp\/v2\/types\/post"}],"author":[{"embeddable":true,"href":"http:\/\/www.lecarrefourdesopinions.ca\/index.php?rest_route=\/wp\/v2\/users\/1"}],"replies":[{"embeddable":true,"href":"http:\/\/www.lecarrefourdesopinions.ca\/index.php?rest_route=%2Fwp%2Fv2%2Fcomments&post=11663"}],"version-history":[{"count":2,"href":"http:\/\/www.lecarrefourdesopinions.ca\/index.php?rest_route=\/wp\/v2\/posts\/11663\/revisions"}],"predecessor-version":[{"id":11669,"href":"http:\/\/www.lecarrefourdesopinions.ca\/index.php?rest_route=\/wp\/v2\/posts\/11663\/revisions\/11669"}],"wp:attachment":[{"href":"http:\/\/www.lecarrefourdesopinions.ca\/index.php?rest_route=%2Fwp%2Fv2%2Fmedia&parent=11663"}],"wp:term":[{"taxonomy":"category","embeddable":true,"href":"http:\/\/www.lecarrefourdesopinions.ca\/index.php?rest_route=%2Fwp%2Fv2%2Fcategories&post=11663"},{"taxonomy":"post_tag","embeddable":true,"href":"http:\/\/www.lecarrefourdesopinions.ca\/index.php?rest_route=%2Fwp%2Fv2%2Ftags&post=11663"}],"curies":[{"name":"wp","href":"https:\/\/api.w.org\/{rel}","templated":true}]}}