{"id":11637,"date":"2015-07-16T18:18:26","date_gmt":"2015-07-16T22:18:26","guid":{"rendered":"http:\/\/www.lecarrefourdesopinions.ca\/?p=11637"},"modified":"2015-07-16T18:18:26","modified_gmt":"2015-07-16T22:18:26","slug":"comite-vietnam-pour-la-defense-des-droits-de-lhomme1","status":"publish","type":"post","link":"http:\/\/www.lecarrefourdesopinions.ca\/?p=11637","title":{"rendered":"Comit\u00e9 Vietnam pour la D\u00e9fense des Droits de l\u2019Homme(1)"},"content":{"rendered":"<p><span style=\"color: #000000;\"><span style=\"font-family: Verdana, Arial, Helvetica, sans-serif;\"><span><strong>Comit\u00e9 Vietnam pour la D\u00e9fense des Droits de l\u2019Homme(1)<\/strong><\/span><\/span><\/span><\/p>\n<p><img loading=\"lazy\" decoding=\"async\" class=\"alignleft size-full wp-image-10248\" title=\"photo Tho 2\" src=\"http:\/\/www.lecarrefourdesopinions.ca\/wp-content\/uploads\/2013\/10\/photo-Tho-2.jpg\" alt=\"\" width=\"77\" height=\"91\" \/><\/p>\n<p>&nbsp;<\/p>\n<p>&nbsp;<\/p>\n<p>&nbsp;<\/p>\n<p><span style=\"color: #800000;\"><em>Envoy\u00e9 par Lam Cham Tho<\/em><\/span><\/p>\n<p align=\"CENTER\"><span style=\"color: #333333;\"><span style=\"font-family: Verdana, Arial, Helvetica, sans-serif;\"><span>GENEVE, 9 juillet 2015 (CVDDH) \u2013 Alors que le Comit\u00e9 de lONU pour l\u00e9limination de la discrimination \u00e0 l\u00e9gard de la femme (<\/span><\/span><\/span><a href=\"http:\/\/tbinternet.ohchr.org\/_layouts\/treatybodyexternal\/SessionDetails1.aspx?SessionID=944&amp;Lang=en\" target=\"_blank\"><span style=\"color: #3e89cf;\"><span style=\"font-family: Verdana, Arial, Helvetica, sans-serif;\"><span>CEDAW<\/span><\/span><\/span><\/a><span style=\"color: #333333;\"><span style=\"font-family: Verdana, Arial, Helvetica, sans-serif;\"><span>) doit examiner le cas du Vietnam, M. Vo Van Ai, Pr\u00e9sident du Comit\u00e9 Vietnam pour la D\u00e9fense des Droits de lHomme (CVDDH), sadresse aujourdhui aux experts du CEDAW, au Palais des Nations \u00e0 Gen\u00e8ve, pour rendre public son\u00a0<\/span><\/span><\/span><a href=\"http:\/\/www.queme.net\/eng\/doc\/VCHR-FIDH-Alternative-Report-on-CEDAW-Vietnam-2015.pdf\" target=\"_blank\"><span style=\"color: #3e89cf;\"><span style=\"font-family: Verdana, Arial, Helvetica, sans-serif;\"><span>rapport alternatif<\/span><\/span><\/span><\/a><span style=\"color: #333333;\"><span style=\"font-family: Verdana, Arial, Helvetica, sans-serif;\"><span>\u00a0pr\u00e9par\u00e9 conjointement avec la F\u00e9d\u00e9ration Internationale des Ligues des Droits de lHomme (FIDH) et exprimer ses pr\u00e9occupations face aux graves violations des droits des femmes au Vietnam.<\/p>\n<p>Le Vietnam a acc\u00e9d\u00e9 \u00e0 la Convention sur l\u00e9limination de la discrimination \u00e0 l\u00e9gard des femmes en 1982, il y a plus de trois d\u00e9cennies. M. Ai regrette que<\/span><\/span><\/span><em><span style=\"color: #333333;\"><span style=\"font-family: Verdana, Arial, Helvetica, sans-serif;\"><span>\u00ab\u00a0trente-trois ans apr\u00e8s, les Vietnamiennes ne sont toujours pas conscientes de leurs libert\u00e9s et droits fondamentaux\u00a0\u00bb<\/span><\/span><\/span><\/em><span style=\"color: #333333;\"><span style=\"font-family: Verdana, Arial, Helvetica, sans-serif;\"><span>.<\/p>\n<p><\/span><\/span><\/span><em><span style=\"color: #333333;\"><span style=\"font-family: Verdana, Arial, Helvetica, sans-serif;\"><span>\u00ab\u00a0A lire le rapport du Vietnam, le gouvernement fait un sans-faute pour promouvoir les femmes et les manquements ne sont dus qu\u00e0 un manque de moyens\u00a0\u00bb<\/span><\/span><\/span><\/em><span style=\"color: #333333;\"><span style=\"font-family: Verdana, Arial, Helvetica, sans-serif;\"><span>, a dit Vo Van Ai.\u00a0<\/span><\/span><\/span><em><span style=\"color: #333333;\"><span style=\"font-family: Verdana, Arial, Helvetica, sans-serif;\"><span>\u00ab\u00a0Notre rapport montre un tout autre visage, une situation d\u00e9plorable o\u00f9 les femmes sont les grandes perdantes du m\u00e9lange de lib\u00e9ralisation \u00e9conomique et de r\u00e9pression politique au Vietnam. Il r\u00e8gne aujourdhui un climat de terreur qui emp\u00eache toute protection efficace des droits des femmes. Non seulement le gouvernement se d\u00e9sint\u00e9resse des populations les plus vuln\u00e9rables mais en plus il r\u00e9prime celles qui voudraient promouvoir les droits des femmes\u00a0\u00bb.<\/span><\/span><\/span><\/em><span style=\"color: #333333;\"><span style=\"font-family: Verdana, Arial, Helvetica, sans-serif;\"><span><\/p>\n<p>Selon le rapport alternatif du CVDDH et de la FIDH, bien que le Vietnam se cache derri\u00e8re son sous-d\u00e9veloppement et ses maigres ressources pour expliquer ses pi\u00e8tres r\u00e9sultats dans le domaine des droits des femmes, cest en r\u00e9alit\u00e9 toute sa structure politique, qui ne souffre aucun contre-pouvoir ni aucun pluralisme, qui emp\u00eache toute am\u00e9lioration du sort des femmes. En effet, les lois fourre-tout sur la \u00abs\u00e9curit\u00e9 nationale\u00bb punissent tr\u00e8s s\u00e9v\u00e8rement tout comportement pouvant<\/span><\/span><\/span><em><span style=\"color: #333333;\"><span style=\"font-family: Verdana, Arial, Helvetica, sans-serif;\"><span>\u00ab\u00a0porter atteinte aux int\u00e9r\u00eats de l\u00c9tat\u00a0\u00bb<\/span><\/span><\/span><\/em><span style=\"color: #333333;\"><span style=\"font-family: Verdana, Arial, Helvetica, sans-serif;\"><span>, comme faire valoir ses droits fondamentaux ou critiquer les politiques gouvernementales. Les femmes sont ainsi dissuad\u00e9es de porter plainte ou de sengager dans la d\u00e9fense des droits des femmes. En outre, les autorit\u00e9s recourent maintenant \u00e0 la violence contre les femmes d\u00e9fenseurs des droits de lHomme, les blogueuses et autres militantes. En effet, les agressions, y compris sexuelles, commises par la police se multiplient contre elles, et les conditions de d\u00e9tention sont particuli\u00e8rement dures pour celles qui sont emprisonn\u00e9es.<\/span><\/span><\/span><\/p>\n<script type=\"text\/javascript\">\n\nvar addthis_config = {\"data_track_clickback\":false,\"data_track_addressbar\":false,\"data_track_textcopy\":false};\n<\/script><script type=\"text\/javascript\" src=\"\/\/s7.addthis.com\/js\/250\/addthis_widget.js#pubid=a457a6d63fb9e6ccabdde4110343bd85\"><\/script>","protected":false},"excerpt":{"rendered":"<p><span style=\"color: #000000;\"><span style=\"font-family: Verdana, Arial, Helvetica, sans-serif;\"><span>Comit\u00e9 Vietnam pour la D\u00e9fense des Droits de l\u2019Homme(1)<\/span><\/span><\/span><\/p>\n<\/p>\n<p>&nbsp;<\/p>\n<p>&nbsp;<\/p>\n<p>&nbsp;<\/p>\n<p><span style=\"color: #800000;\">Envoy\u00e9 par Lam Cham Tho<\/span><\/p>\n<p align=\"CENTER\"><span style=\"color: #333333;\"><span style=\"font-family: Verdana, Arial, Helvetica, sans-serif;\"><span>GENEVE, 9 juillet 2015 (CVDDH) \u2013 Alors que le Comit\u00e9 de lONU pour l\u00e9limination de la discrimination \u00e0 l\u00e9gard de <\/span><\/span><\/span>&hellip;<\/p>\n","protected":false},"author":1,"featured_media":0,"comment_status":"open","ping_status":"open","sticky":false,"template":"","format":"standard","meta":{"footnotes":""},"categories":[1],"tags":[],"class_list":["post-11637","post","type-post","status-publish","format-standard","hentry","category-accueil"],"_links":{"self":[{"href":"http:\/\/www.lecarrefourdesopinions.ca\/index.php?rest_route=\/wp\/v2\/posts\/11637","targetHints":{"allow":["GET"]}}],"collection":[{"href":"http:\/\/www.lecarrefourdesopinions.ca\/index.php?rest_route=\/wp\/v2\/posts"}],"about":[{"href":"http:\/\/www.lecarrefourdesopinions.ca\/index.php?rest_route=\/wp\/v2\/types\/post"}],"author":[{"embeddable":true,"href":"http:\/\/www.lecarrefourdesopinions.ca\/index.php?rest_route=\/wp\/v2\/users\/1"}],"replies":[{"embeddable":true,"href":"http:\/\/www.lecarrefourdesopinions.ca\/index.php?rest_route=%2Fwp%2Fv2%2Fcomments&post=11637"}],"version-history":[{"count":2,"href":"http:\/\/www.lecarrefourdesopinions.ca\/index.php?rest_route=\/wp\/v2\/posts\/11637\/revisions"}],"predecessor-version":[{"id":11645,"href":"http:\/\/www.lecarrefourdesopinions.ca\/index.php?rest_route=\/wp\/v2\/posts\/11637\/revisions\/11645"}],"wp:attachment":[{"href":"http:\/\/www.lecarrefourdesopinions.ca\/index.php?rest_route=%2Fwp%2Fv2%2Fmedia&parent=11637"}],"wp:term":[{"taxonomy":"category","embeddable":true,"href":"http:\/\/www.lecarrefourdesopinions.ca\/index.php?rest_route=%2Fwp%2Fv2%2Fcategories&post=11637"},{"taxonomy":"post_tag","embeddable":true,"href":"http:\/\/www.lecarrefourdesopinions.ca\/index.php?rest_route=%2Fwp%2Fv2%2Ftags&post=11637"}],"curies":[{"name":"wp","href":"https:\/\/api.w.org\/{rel}","templated":true}]}}