{"id":11635,"date":"2015-08-05T19:48:58","date_gmt":"2015-08-05T23:48:58","guid":{"rendered":"http:\/\/www.lecarrefourdesopinions.ca\/?p=11635"},"modified":"2015-08-05T19:48:58","modified_gmt":"2015-08-05T23:48:58","slug":"dignite-dabord","status":"publish","type":"post","link":"http:\/\/www.lecarrefourdesopinions.ca\/?p=11635","title":{"rendered":"\u00ab Dignit\u00e9 d\u2019abord \u00bb"},"content":{"rendered":"<div dir=\"ltr\">\n<div><\/div>\n<div><\/div>\n<div>\n<p align=\"center\"><span style=\"font-family: 'Times New Roman', serif;\"><span style=\"font-size: medium;\">\u00ab Dignit\u00e9 d\u2019abord \u00bb<\/span><\/span><\/p>\n<p style=\"text-align: center;\" align=\"center\">\n<p style=\"text-align: left;\" align=\"center\"><img loading=\"lazy\" decoding=\"async\" class=\"alignleft size-thumbnail wp-image-11459\" title=\"Serge 1\" src=\"http:\/\/www.lecarrefourdesopinions.ca\/wp-content\/uploads\/2015\/04\/Serge-1-101x107.jpg\" alt=\"\" width=\"101\" height=\"107\" \/><\/p>\n<p align=\"justify\">\n<p align=\"justify\">\n<p align=\"justify\">\n<p align=\"justify\"><span style=\"color: #800000;\"><em>par Me Serge H. Mo\u00efse av.Barreau de P-au-P.<\/em><\/span><\/p>\n<p align=\"center\">\n<p align=\"center\">\n<p align=\"justify\"><span style=\"font-family: 'Times New Roman', serif;\"><span style=\"font-size: medium;\">L\u2019oisivet\u00e9 est la m\u00e8re de tous les vices, dit le vieil adage. Un peuple qui n\u2019est pas mis au travail et ce, dans les meilleures conditions humaines, est condamn\u00e9 \u00e0 sombrer dans les affres du vice et de la d\u00e9linquance sous toutes ses formes.<\/span><\/span><\/p>\n<p align=\"justify\"><span style=\"font-family: 'Times New Roman', serif;\"><span style=\"font-size: medium;\">C\u2019est par le travail que l\u2019homme trouve sa dignit\u00e9, caresse ses ambitions et se permet de r\u00eaver. Parce qu\u2019il travaille, il peut \u00eatre utile \u00e0 lui-m\u00eame, \u00e0 sa famille et par voie de cons\u00e9quence \u00e0 sa communaut\u00e9.<\/span><\/span><\/p>\n<p align=\"justify\"><span style=\"font-family: 'Times New Roman', serif;\"><span style=\"font-size: medium;\">Incapable de travailler, il devient malgr\u00e9 lui complex\u00e9 encombrant, et par la force des choses, rus\u00e9, malin jusqu\u2019\u00e0 devenir violent pour simplement survivre.<\/span><\/span><\/p>\n<p align=\"justify\"><span style=\"font-family: 'Times New Roman', serif;\"><span style=\"font-size: medium;\">Il doit satisfaire ses besoins primaires qui se r\u00e9sument \u00e0 se nourrir, se loger et se v\u00eatir d\u00e9cemment. Ses premi\u00e8res exigences, une fois combl\u00e9es, il est donc en sant\u00e9 et en mesure de s\u2019adonner \u00e0 l\u2019activit\u00e9 de son choix en vue de subvenir aux autres besoins que sont \u00e9videmment l\u2019\u00e9ducation, les loisirs, la spiritualit\u00e9. Il r\u00e9unit finalement toutes les qualit\u00e9s requises pour \u00eatre un citoyen \u00e0 part enti\u00e8re, car \u00ab\u00a0 pour pratiquer la vertu, il faut un minimum de bien \u00eatre\u00a0\u00bb.<\/span><\/span><\/p>\n<p align=\"justify\"><span style=\"font-family: 'Times New Roman', serif;\"><span style=\"font-size: medium;\">L\u2019\u00c9tat, la soci\u00e9t\u00e9 a pour obligation de cr\u00e9er les conditions, conform\u00e9ment \u00e0 l\u2019article 35 de la constitution en vigueur qui stipule\u00a0ce qui suit\u00a0:<\/span><\/span><\/p>\n<p align=\"justify\"><span style=\"font-family: 'Times New Roman', serif;\"><span style=\"font-size: medium;\">\u00ab\u00a0La libert\u00e9 du travail est garantie. Tout citoyen a pour obligation de se consacrer \u00e0 un travail de son choix en vue de subvenir \u00e0 ses besoins et \u00e0 ceux de sa famille, de coop\u00e9rer avec l\u2019\u00c9tat \u00e0 l\u2019\u00e9tablissement d\u2019un syst\u00e8me de s\u00e9curit\u00e9 sociale\u00a0\u00bb. <\/span><\/span><\/p>\n<p align=\"justify\"><span style=\"font-family: 'Times New Roman', serif;\"><span style=\"font-size: medium;\">Il s\u2019\u00e9vidente que cette obligation du citoyen a pour corollaire celui de l\u2019\u00c9tat.<\/span><\/span><\/p>\n<p align=\"justify\"><span style=\"font-size: medium;\"><span style=\"font-family: 'Times New Roman', serif;\">Or, ce dernier, d\u00e9sincarn\u00e9 depuis belle lurette a \u00e9t\u00e9 incapable de livrer la marchandise. Les r\u00e9sultats sautent aux yeux\u00a0: taux de ch\u00f4mage aux environs de soixante cinq pour cent (65%) de la population, taux d\u2019analphab\u00e9tisme, idem, et en cons\u00e9quence, un niveau de criminalit\u00e9 jamais constat\u00e9 au pays.<\/span><\/span><\/p>\n<p align=\"justify\"><span style=\"font-family: 'Times New Roman', serif;\"><span style=\"font-size: medium;\">La tache \u00e0 accomplir est immense, titanesque et il ne revient pas au gouvernement \u00e0 lui seul de tout faire. Le voudrait-il qu\u2019il en serait incapable, aussi anim\u00e9 qu\u2019il puisse \u00eatre des meilleures volont\u00e9s du monde.<\/span><\/span><\/p>\n<p align=\"justify\"><span style=\"font-family: 'Times New Roman', serif;\"><span style=\"font-size: medium;\">Environs soixante pour cent du budget national est fourni par la communaut\u00e9 internationale. Quoi de plus normal puisque personne ne travaille, il n\u2019y a pas de payeur de taxes, pas de recette fiscale. C\u2019est la faillite!<\/span><\/span><\/p>\n<p align=\"justify\"><span style=\"font-family: 'Times New Roman', serif;\"><span style=\"font-size: medium;\">Peut-on y rem\u00e9dier? <\/span><\/span><\/p>\n<p align=\"justify\"><span style=\"font-family: 'Times New Roman', serif;\"><span style=\"font-size: medium;\">Tr\u00e8s certainement, en s\u2019attaquant aux v\u00e9ritables causes de nos probl\u00e8mes et non \u00e0 leurs effets. En tenant compte de notre sp\u00e9cificit\u00e9 de peuple du quart-monde avec des moyens plus que limit\u00e9s, raison de plus pour faire appel \u00e0 tous et \u00e0 chacun des enfants du pays, vivant tant \u00e0 l\u2019int\u00e9rieur que dans la diaspora.<\/span><\/span><\/p>\n<p align=\"justify\"><span style=\"font-family: 'Times New Roman', serif;\"><span style=\"font-size: medium;\">Ils sont tous pr\u00eats \u00e0 mettre la main \u00e0 la p\u00e2te en toute transparence \u00e0 travers une large concertation qui tienne compte des int\u00e9r\u00eats sup\u00e9rieurs de la nation. <\/span><\/span><\/p>\n<p align=\"justify\"><span style=\"font-family: 'Times New Roman', serif;\"><span style=\"font-size: medium;\">Les comp\u00e9tences et talents ne manquent, la bonne volont\u00e9 non plus. Ils n\u2019attendent que le signal du grand rassemblement en vue de l\u2019incontournable \u00ab\u00a0koumbite nationale\u00a0\u00bb. <\/span><\/span><\/p>\n<p align=\"justify\"><span style=\"font-size: medium;\"><span style=\"font-family: 'Times New Roman', serif;\">\u00ab\u00a0First thing first\u00a0\u00bb. Mettons le cap sur les nouvelles r\u00e8gles du jeu. En effet, une organisation quelle qu\u2019elle soit, pour fonctionner de fa\u00e7on harmonieuse doit ob\u00e9ir \u00e0 un code de r\u00e8glements clairement \u00e9tablis et respect\u00e9s \u00e0 la lettre. S\u2019agissant d\u2019une soci\u00e9t\u00e9 comme la n\u00f4tre o\u00f9 au fil du temps, nous avons d\u00e9velopp\u00e9 une culture de non droit, la pente \u00e0 remonter est certes abrupte mais pas impossible. Les solutions y relatives ne sont pas compliqu\u00e9es non plus, \u00e0 condition que la volont\u00e9 politique se fasse sentir d\u2019une part et de faire appel \u00e0 ceux qui r\u00e9unissent l\u2019exp\u00e9rience, la maturit\u00e9 et l\u2019expertise requises en la mati\u00e8re, d\u2019autre part. La r\u00e9forme en profondeur de notre syst\u00e8me judiciaire demeure un paradigme incontournable. Nos codes import\u00e9s, obsol\u00e8tes et d\u00e9suets doivent \u00eatre mis \u00e0 jour de mani\u00e8re scientifique afin de doter le pays de lois et r\u00e8glements efficaces et efficients<\/span><\/span><\/p>\n<p align=\"justify\"><span style=\"font-family: 'Times New Roman', serif;\"><span style=\"font-size: medium;\">De mani\u00e8re concomitante, l\u2019emphase devra \u00eatre mise dans les plus brefs d\u00e9lais sur la cr\u00e9ation d\u2019emplois \u00e0 partir du (FHS) pour un d\u00e9veloppement endog\u00e8ne du pays, sans renoncer \u00e9videmment \u00e0 l\u2019aide internationale. Et comme dirait Ant\u00e9nor Firmin\u00a0: l\u2019\u00e9ducation, toujours l\u2019\u00e9ducation, encore l\u2019\u00e9ducation pour les g\u00e9n\u00e9rations qui pourront concourir au d\u00e9veloppement du pays au lieu de fuir comme des rats en diaspora, ne pouvant gagner honorablement leur vie dans le pays qui les a vu na\u00eetre et qui les a \u00e9duqu\u00e9s.<\/span><\/span><\/p>\n<p align=\"justify\"><span style=\"font-family: 'Times New Roman', serif;\"><span style=\"font-size: medium;\">Se faisant, l\u2019Ha\u00eftien pourra r\u00e9cup\u00e9rer sa fiert\u00e9 perdue et chanter haut et fort\u00a0:\u00a0\u00ab\u00a0 Du sol, soyons seuls ma\u00eetres\u00a0\u00bb, sans faux-fuyant, sans faire semblant et en toute dignit\u00e9.<\/span><\/span><\/p>\n<p align=\"justify\">\n<p align=\"justify\">\n<\/div>\n<\/div>\n<script type=\"text\/javascript\">\n\nvar addthis_config = {\"data_track_clickback\":false,\"data_track_addressbar\":false,\"data_track_textcopy\":false};\n<\/script><script type=\"text\/javascript\" src=\"\/\/s7.addthis.com\/js\/250\/addthis_widget.js#pubid=a457a6d63fb9e6ccabdde4110343bd85\"><\/script>","protected":false},"excerpt":{"rendered":"<p align=\"center\"><span style=\"font-family: 'Times New Roman', serif;\"><span style=\"font-size: medium;\">\u00ab Dignit\u00e9 d\u2019abord \u00bb<\/span><\/span><\/p>\n<p style=\"text-align: center;\" align=\"center\">\n<p style=\"text-align: left;\" align=\"center\">\n<p align=\"justify\">\n<p align=\"justify\">\n<p align=\"justify\">\n<p align=\"justify\"><span style=\"color: #800000;\">par Me Serge H. Mo\u00efse av.Barreau de P-au-P.<\/span><\/p>\n<p align=\"center\">\n<p align=\"center\">\n<p align=\"justify\"><span style=\"font-family: 'Times New Roman', serif;\"><span style=\"font-size: medium;\">L\u2019oisivet\u00e9 est la m\u00e8re de tous les vices, dit le vieil adage. Un peuple qui n\u2019est pas mis au travail et ce, dans les meilleures <\/span><\/span>&hellip;<\/p>\n","protected":false},"author":1,"featured_media":0,"comment_status":"open","ping_status":"open","sticky":false,"template":"","format":"standard","meta":{"footnotes":""},"categories":[1],"tags":[],"class_list":["post-11635","post","type-post","status-publish","format-standard","hentry","category-accueil"],"_links":{"self":[{"href":"http:\/\/www.lecarrefourdesopinions.ca\/index.php?rest_route=\/wp\/v2\/posts\/11635","targetHints":{"allow":["GET"]}}],"collection":[{"href":"http:\/\/www.lecarrefourdesopinions.ca\/index.php?rest_route=\/wp\/v2\/posts"}],"about":[{"href":"http:\/\/www.lecarrefourdesopinions.ca\/index.php?rest_route=\/wp\/v2\/types\/post"}],"author":[{"embeddable":true,"href":"http:\/\/www.lecarrefourdesopinions.ca\/index.php?rest_route=\/wp\/v2\/users\/1"}],"replies":[{"embeddable":true,"href":"http:\/\/www.lecarrefourdesopinions.ca\/index.php?rest_route=%2Fwp%2Fv2%2Fcomments&post=11635"}],"version-history":[{"count":2,"href":"http:\/\/www.lecarrefourdesopinions.ca\/index.php?rest_route=\/wp\/v2\/posts\/11635\/revisions"}],"predecessor-version":[{"id":11682,"href":"http:\/\/www.lecarrefourdesopinions.ca\/index.php?rest_route=\/wp\/v2\/posts\/11635\/revisions\/11682"}],"wp:attachment":[{"href":"http:\/\/www.lecarrefourdesopinions.ca\/index.php?rest_route=%2Fwp%2Fv2%2Fmedia&parent=11635"}],"wp:term":[{"taxonomy":"category","embeddable":true,"href":"http:\/\/www.lecarrefourdesopinions.ca\/index.php?rest_route=%2Fwp%2Fv2%2Fcategories&post=11635"},{"taxonomy":"post_tag","embeddable":true,"href":"http:\/\/www.lecarrefourdesopinions.ca\/index.php?rest_route=%2Fwp%2Fv2%2Ftags&post=11635"}],"curies":[{"name":"wp","href":"https:\/\/api.w.org\/{rel}","templated":true}]}}