{"id":11591,"date":"2015-07-16T18:19:23","date_gmt":"2015-07-16T22:19:23","guid":{"rendered":"http:\/\/www.lecarrefourdesopinions.ca\/?p=11591"},"modified":"2015-07-16T18:19:23","modified_gmt":"2015-07-16T22:19:23","slug":"des-candidats-sans-peche","status":"publish","type":"post","link":"http:\/\/www.lecarrefourdesopinions.ca\/?p=11591","title":{"rendered":"Des candidats sans p\u00e9ch\u00e9"},"content":{"rendered":"<h2 align=\"JUSTIFY\">Des candidats sans p\u00e9ch\u00e9<\/h2>\n<p align=\"JUSTIFY\"><span style=\"color: #800000;\"><em><span style=\"font-family: 'Times New Roman', serif;\"><span style=\"font-size: medium;\">Par Rulx Valm\u00e9<\/span><\/span><\/em><\/span><\/p>\n<p align=\"JUSTIFY\"><span style=\"font-family: 'Times New Roman', serif;\"><span style=\"font-size: medium;\">\u00abQue celui qui n\u2019a jamais p\u00e9ch\u00e9 jette la premi\u00e8re pierre!\u00bb disait J\u00e9sus. D\u2019aucuns se demandent qui parmi cette longue liste de candidats au scrutin \u00e9lectoral de 2015 en Ha\u00efti serait fiable, voire sans faute, car nombreux sont ceux qui ont \u00e9t\u00e9 rejet\u00e9s pour absence de certificats de d\u00e9charge \u00e0 titre de comptables ou ordonnateurs de deniers publics, d\u2019autres pour la double nationalit\u00e9 ou des activit\u00e9s criminelles.<\/span><\/span><\/p>\n<p align=\"JUSTIFY\"><span style=\"font-family: 'Times New Roman', serif;\"><span style=\"font-size: medium;\">En effet, sur 70 candidats \u00e0 la pr\u00e9sidence, seulement 58 sont agr\u00e9\u00e9s par le Conseil \u00e9lectoral provisoire (CEP), organisme charg\u00e9 d\u2019organiser les \u00e9lections \u00e0 tous les niveaux en Ha\u00efti : pr\u00e9sidentielle, l\u00e9gislatives, municipales, et territoriales. Jour apr\u00e8s jour, ce nombre ne fait que diminuer.<\/span><\/span><\/p>\n<p align=\"JUSTIFY\"><span style=\"font-family: 'Times New Roman', serif;\"><span style=\"font-size: medium;\">Le fait que l\u2019organisme passe au peigne fin certains candidats aux diff\u00e9rents postes \u00e9lectifs n\u2019est pas mauvais en soi. N\u00e9anmoins, cela devrait s\u2019appliquer pour tous les candidats sans exception. En agissant comme ils le font en ce moment, les conseillers \u00e9lectoraux font preuve de favoritisme. Certains des candidats retenus n\u2019ont m\u00eame pas de certificats de d\u00e9charge, tandis que d\u2019autres sont exclus de la course \u00e9lectorale pour le m\u00eame motif. En clair, les conseillers \u00e9lectoraux voient la paille qui est dans les yeux de certains candidats et n\u2019aper\u00e7oivent pas la poutre dans les leurs.<\/span><\/span><\/p>\n<p align=\"JUSTIFY\"><span style=\"font-family: 'Times New Roman', serif;\"><span style=\"font-size: medium;\">Dans ce contexte \u00e9lectoral, plus d\u2019un se demande si on devrait s\u2019attendre \u00e0 des \u00e9lections libres, honn\u00eates, d\u00e9mocratiques et inclusives dans le pays, quand on sait que non seulement ces \u00e9lections, qui co\u00fbteraient entre 50 et 60 millions de dollars, seront financ\u00e9es en grande partie par la communaut\u00e9 internationale, mais aussi quand on constate le probl\u00e8me d\u2019ind\u00e9pendance des conseillers \u00e9lectoraux.<\/span><\/span><\/p>\n<p align=\"JUSTIFY\"><span style=\"font-family: 'Times New Roman', serif;\"><span style=\"font-size: medium;\">De plus en plus, on assiste \u00e0 une diminution de l\u2019exercice du droit de vote par la majorit\u00e9 des citoyens ha\u00eftiens en \u00e2ge de voter. Ceux qui vont voter ne le font pas en fonction d\u2019un programme politique, mais bien selon leurs accointances politiques afin de tirer leur \u00e9pingle du jeu. En fait, c\u2019est le sauve-qui-peut qui pr\u00e9vaut au d\u00e9triment de l\u2019int\u00e9r\u00eat national. Le pays est consid\u00e9r\u00e9 comme une vache \u00e0 lait o\u00f9 chaque pr\u00e9sident devient multimillionnaire. D\u2019o\u00f9 le mal du pays et l\u2019affluence record de tous ces candidats \u00e0 la pr\u00e9sidence.<\/span><\/span><\/p>\n<p align=\"JUSTIFY\"><span style=\"font-family: 'Times New Roman', serif;\"><span style=\"font-size: medium;\">Le peuple ha\u00eftien est convoqu\u00e9 dans ses comices afin d\u2019\u00e9lire au suffrage universel, pour une nouvelle fois, son pr\u00e9sident et ses repr\u00e9sentants aux deux chambres le 9 ao\u00fbt prochain, pour le premier tour des l\u00e9gislatives, et le 25 octobre pour le deuxi\u00e8me tour, ainsi que le premier tour de la pr\u00e9sidentielle et des collectivit\u00e9s territoriales. Le second tour de l\u2019\u00e9lection pr\u00e9sidentielle se tiendra le 27 d\u00e9cembre 2015. Entre-temps, la diaspora ha\u00eftienne qui contribue financi\u00e8rement \u00e0 l\u2019\u00e9conomie du pays n\u2019est pas en mesure de voter.<\/span><\/span><\/p>\n<p>&nbsp;<\/p>\n<script type=\"text\/javascript\">\n\nvar addthis_config = {\"data_track_clickback\":false,\"data_track_addressbar\":false,\"data_track_textcopy\":false};\n<\/script><script type=\"text\/javascript\" src=\"\/\/s7.addthis.com\/js\/250\/addthis_widget.js#pubid=a457a6d63fb9e6ccabdde4110343bd85\"><\/script>","protected":false},"excerpt":{"rendered":"<p>Des candidats sans p\u00e9ch\u00e9<\/p>\n<p align=\"JUSTIFY\"><span style=\"color: #800000;\"><span style=\"font-family: 'Times New Roman', serif;\"><span style=\"font-size: medium;\">Par Rulx Valm\u00e9<\/span><\/span><\/span><\/p>\n<p align=\"JUSTIFY\"><span style=\"font-family: 'Times New Roman', serif;\"><span style=\"font-size: medium;\">\u00abQue celui qui n\u2019a jamais p\u00e9ch\u00e9 jette la premi\u00e8re pierre!\u00bb disait J\u00e9sus. D\u2019aucuns se demandent qui parmi cette longue liste de candidats au scrutin \u00e9lectoral de 2015 en Ha\u00efti serait <\/span><\/span>&hellip;<\/p>\n","protected":false},"author":1,"featured_media":0,"comment_status":"open","ping_status":"open","sticky":false,"template":"","format":"standard","meta":{"footnotes":""},"categories":[1],"tags":[],"class_list":["post-11591","post","type-post","status-publish","format-standard","hentry","category-accueil"],"_links":{"self":[{"href":"http:\/\/www.lecarrefourdesopinions.ca\/index.php?rest_route=\/wp\/v2\/posts\/11591","targetHints":{"allow":["GET"]}}],"collection":[{"href":"http:\/\/www.lecarrefourdesopinions.ca\/index.php?rest_route=\/wp\/v2\/posts"}],"about":[{"href":"http:\/\/www.lecarrefourdesopinions.ca\/index.php?rest_route=\/wp\/v2\/types\/post"}],"author":[{"embeddable":true,"href":"http:\/\/www.lecarrefourdesopinions.ca\/index.php?rest_route=\/wp\/v2\/users\/1"}],"replies":[{"embeddable":true,"href":"http:\/\/www.lecarrefourdesopinions.ca\/index.php?rest_route=%2Fwp%2Fv2%2Fcomments&post=11591"}],"version-history":[{"count":3,"href":"http:\/\/www.lecarrefourdesopinions.ca\/index.php?rest_route=\/wp\/v2\/posts\/11591\/revisions"}],"predecessor-version":[{"id":11646,"href":"http:\/\/www.lecarrefourdesopinions.ca\/index.php?rest_route=\/wp\/v2\/posts\/11591\/revisions\/11646"}],"wp:attachment":[{"href":"http:\/\/www.lecarrefourdesopinions.ca\/index.php?rest_route=%2Fwp%2Fv2%2Fmedia&parent=11591"}],"wp:term":[{"taxonomy":"category","embeddable":true,"href":"http:\/\/www.lecarrefourdesopinions.ca\/index.php?rest_route=%2Fwp%2Fv2%2Fcategories&post=11591"},{"taxonomy":"post_tag","embeddable":true,"href":"http:\/\/www.lecarrefourdesopinions.ca\/index.php?rest_route=%2Fwp%2Fv2%2Ftags&post=11591"}],"curies":[{"name":"wp","href":"https:\/\/api.w.org\/{rel}","templated":true}]}}