{"id":11577,"date":"2015-07-02T10:49:35","date_gmt":"2015-07-02T14:49:35","guid":{"rendered":"http:\/\/www.lecarrefourdesopinions.ca\/?p=11577"},"modified":"2015-07-02T10:49:35","modified_gmt":"2015-07-02T14:49:35","slug":"quelle-politique-energetique-pour-le-quebec","status":"publish","type":"post","link":"http:\/\/www.lecarrefourdesopinions.ca\/?p=11577","title":{"rendered":"Quelle politique \u00e9nerg\u00e9tique pour le Qu\u00e9bec?"},"content":{"rendered":"<p style=\"text-align: center;\">Quelle politique \u00e9nerg\u00e9tique pour le Qu\u00e9bec?<\/p>\n<p style=\"text-align: left;\"><span style=\"color: #800000;\"><em>\u00a0<img loading=\"lazy\" decoding=\"async\" class=\"alignleft size-thumbnail wp-image-10846\" title=\"Louise Morand\" src=\"http:\/\/www.lecarrefourdesopinions.ca\/wp-content\/uploads\/2014\/07\/Louise-Morand-134x107.png\" alt=\"\" width=\"134\" height=\"107\" \/><\/em><\/span><\/p>\n<p style=\"text-align: left;\">\n<p style=\"text-align: left;\">\n<p style=\"text-align: left;\"><span style=\"color: #800000;\"><em>\u00a0 \u00a0 \u00a0 \u00a0 \u00a0 par\u00a0Louise Morand<\/em><\/span><\/p>\n<p style=\"text-align: justify;\">Aux \u00c9tats-Unis, le d\u00e9veloppement de la fili\u00e8re du gaz de schiste n&rsquo;a pas permis de diminuer la d\u00e9pendance aux hydrocarbures, au contraire. Les gaz \u00e0 effet de serre (GES) continuent d&rsquo;augmenter, et cela, malgr\u00e9 l&rsquo;urgence de lutter contre le r\u00e9chauffement climatique. Il est \u00e9vident qu&rsquo;il en sera de m\u00eame pour le Qu\u00e9bec advenant le d\u00e9veloppement des \u00e9nergies fossiles sur son territoire. Selon le directeur de l&rsquo;Agence internationale de l&rsquo;\u00e9nergie, M. Fatih Birol, le budget de carbone disponible nous permettant d&rsquo;\u00e9viter de d\u00e9passer le seuil de r\u00e9chauffement global de 2 degr\u00e9s Celsius devrait \u00eatre atteint en 2017<sup><a name=\"sdfootnote1anc\" href=\"#sdfootnote1sym\"><\/a><sup>1<\/sup><\/sup>. C&rsquo;est pourquoi les pays du G7 ont reconnu r\u00e9cemment l&rsquo;urgence de <em>d\u00e9carboniser<\/em> l&rsquo;\u00e9conomie et visent une r\u00e9duction jusqu\u2019\u00e0 70% des \u00e9missions de GES d&rsquo;ici 2050<sup><a name=\"sdfootnote2anc\" href=\"#sdfootnote2sym\"><\/a><sup>2<\/sup><\/sup>. Le gouvernement qu\u00e9b\u00e9cois doit lui aussi participer \u00e0 ce mouvement international de lutte contre les changements climatiques. Sa politique \u00e9nerg\u00e9tique doit favoriser la mise en \u0153uvre d&rsquo;un plan de sortie des hydrocarbures dans un d\u00e9lai rapide.<\/p>\n<p style=\"text-align: justify;\">\n<p style=\"text-align: justify;\">Le rapport de 60 universitaires canadiens intitul\u00e9 <em>Agir sur les changements climatiques<\/em><sup><a name=\"sdfootnote3anc\" href=\"#sdfootnote3sym\"><\/a><sup>3<\/sup><\/sup> mentionne que le Canada pourrait \u00eatre aliment\u00e9 \u00e0 100% d&rsquo;\u00e9nergie faible en carbone d&rsquo;ici 2035. Le Qu\u00e9bec peut \u00eatre exemplaire dans la transition \u00e9nerg\u00e9tique. En faisant la promotion de projets de d\u00e9veloppement d&rsquo;hydrocarbures, le gouvernement qu\u00e9b\u00e9cois actuel nuit \u00e0 la transition \u00e9nerg\u00e9tique, banalise la crise environnementale li\u00e9e aux changements climatiques et fait preuve soit d&rsquo;une profonde ignorance face \u00e0 la gravit\u00e9 de la crise climatique, soit d\u2019un s\u00e9rieux d\u00e9ficit moral.<\/p>\n<p style=\"text-align: justify;\">\n<p style=\"text-align: justify;\">L&rsquo;argument voulant que le d\u00e9veloppement des \u00e9nergies fossiles cr\u00e9e de la richesse est trompeur. Une \u00e9tude men\u00e9e en 2012 par le Centre canadien de politiques alternatives d\u00e9montre que pour le m\u00eame montant investi, le nombre d\u2019emplois cr\u00e9\u00e9s dans les transports en commun, la modernisation des immeubles et les \u00e9nergies renouvelables est de 3 \u00e0 34 fois plus important que dans le secteur des hydrocarbures<sup><a name=\"sdfootnote4anc\" href=\"#sdfootnote4sym\"><\/a><sup>4<\/sup><\/sup>.<\/p>\n<p style=\"text-align: justify;\">\n<p style=\"text-align: justify;\">\n<p style=\"text-align: justify;\">De plus, les co\u00fbts anticip\u00e9s li\u00e9s aux probl\u00e8mes de sant\u00e9 publique, \u00e0 la d\u00e9gradation de l&rsquo;environnement, \u00e0 la baisse des rendements agricoles et des p\u00eacheries, \u00e0 la perte des activit\u00e9s r\u00e9cr\u00e9otouristiques, aux \u00e9v\u00e9nements climatiques extr\u00eames dus aux gaz \u00e0 effet de serre et \u00e0 la crise climatique qu&rsquo;ils engendrent d\u00e9passent largement les retomb\u00e9es \u00e9conomiques positives de cette industrie. Dans le cas du p\u00e9trole d&rsquo;Anticosti, il est d\u00e9montr\u00e9 que la rentabilit\u00e9 serait nulle. Le Qu\u00e9bec se dirigerait plut\u00f4t vers un gouffre financier<sup><a name=\"sdfootnote5anc\" href=\"#sdfootnote5sym\"><\/a><sup>5<\/sup><\/sup>.<\/p>\n<p style=\"text-align: justify;\">\n<p style=\"text-align: justify;\">\n<p style=\"text-align: justify;\">L\u2019accueil du p\u00e9trole et du gaz non conventionnels des \u00c9tats-Unis et de l\u2019Ouest canadien, et le d\u00e9veloppement des hydrocarbures au Qu\u00e9bec, que ce soit \u00e0 Anticosti, en Gasp\u00e9sie, dans l&rsquo;estuaire du Saint-Laurent ou ailleurs sur le territoire va \u00e0 contresens de l&rsquo;exigence historique \u00e0 laquelle nous sommes collectivement confront\u00e9s. Il existe un consensus scientifique sur le fait qu&rsquo;au moins les deux tiers des r\u00e9serves connues hydrocarbures doivent demeurer dans le sol si nous voulons \u00e9viter de perdre compl\u00e8tement le contr\u00f4le de la crise climatique. Le gouvernement du Qu\u00e9bec est tenu d&rsquo;agir de fa\u00e7on responsable en tenant compte de ces donn\u00e9es de la science pour les orientations de sa politique \u00e9nerg\u00e9tique. Le Qu\u00e9bec doit se tourner vers l&rsquo;avenir et travailler de fa\u00e7on \u00e9nergique \u00e0 r\u00e9duire sa d\u00e9pendance aux \u00e9nergies fossiles au lieu de chercher \u00e0 en favoriser le d\u00e9veloppement.<\/p>\n<p style=\"text-align: justify;\" lang=\"fr-CA\">\n<div id=\"sdfootnote1\" style=\"text-align: justify;\">\n<p><a name=\"sdfootnote1sym\" href=\"#sdfootnote1anc\"><\/a>1 Klein, N. (2015). <em>Tout peut changer. Capitalisme et changement climatique.<\/em> Paris\u00a0: Acte Sud, p.\u00a036<\/p>\n<\/div>\n<div id=\"sdfootnote2\" style=\"text-align: justify;\">\n<p><a name=\"sdfootnote2sym\" href=\"#sdfootnote2anc\"><\/a>2 Alexandre Shields. Le Canada se rallie \u00e0 la position \u00abambitieuse\u00bb du G7 en faveur du climat. <em>Le Devoir<\/em>, 9 juin 2015.<\/p>\n<\/div>\n<div id=\"sdfootnote3\" style=\"text-align: justify;\">\n<p><a name=\"sdfootnote3sym\" href=\"#sdfootnote3anc\"><\/a>3 Catherine Potvin et coll. (2015). <em>Agir sur les changements climatiques<\/em>. Chaire UNESCO-McGill-Dialogues pour un Canada vert.<\/p>\n<\/div>\n<div id=\"sdfootnote4\" style=\"text-align: justify;\">\n<p><a name=\"sdfootnote4sym\" href=\"#sdfootnote4anc\"><\/a>4 Klein, op.cit., p.\u00a0452.<\/p>\n<\/div>\n<div id=\"sdfootnote5\">\n<p style=\"text-align: justify;\"><a name=\"sdfootnote5sym\" href=\"#sdfootnote5anc\"><\/a>5 Voir la vid\u00e9o de l\u2019ing\u00e9nieur g\u00e9ologue Marc Durand sur rochemere.blogspot ou https:\/\/youtu.be\/N3AcxxVAzgY<\/p>\n<\/div>\n<script type=\"text\/javascript\">\n\nvar addthis_config = {\"data_track_clickback\":false,\"data_track_addressbar\":false,\"data_track_textcopy\":false};\n<\/script><script type=\"text\/javascript\" src=\"\/\/s7.addthis.com\/js\/250\/addthis_widget.js#pubid=a457a6d63fb9e6ccabdde4110343bd85\"><\/script>","protected":false},"excerpt":{"rendered":"<p style=\"text-align: center;\">Quelle politique \u00e9nerg\u00e9tique pour le Qu\u00e9bec?<\/p>\n<p style=\"text-align: left;\"><span style=\"color: #800000;\">\u00a0<\/span><\/p>\n<p style=\"text-align: left;\">\n<p style=\"text-align: left;\">\n<p style=\"text-align: left;\"><span style=\"color: #800000;\">\u00a0 \u00a0 \u00a0 \u00a0 \u00a0 par\u00a0Louise Morand<\/span><\/p>\n<p style=\"text-align: justify;\">Aux \u00c9tats-Unis, le d\u00e9veloppement de la fili\u00e8re du gaz de schiste n&rsquo;a pas permis de diminuer la d\u00e9pendance aux hydrocarbures, au contraire. Les gaz \u00e0 effet de serre &hellip;<\/p>\n","protected":false},"author":1,"featured_media":0,"comment_status":"open","ping_status":"open","sticky":false,"template":"","format":"standard","meta":{"footnotes":""},"categories":[1],"tags":[],"class_list":["post-11577","post","type-post","status-publish","format-standard","hentry","category-accueil"],"_links":{"self":[{"href":"http:\/\/www.lecarrefourdesopinions.ca\/index.php?rest_route=\/wp\/v2\/posts\/11577","targetHints":{"allow":["GET"]}}],"collection":[{"href":"http:\/\/www.lecarrefourdesopinions.ca\/index.php?rest_route=\/wp\/v2\/posts"}],"about":[{"href":"http:\/\/www.lecarrefourdesopinions.ca\/index.php?rest_route=\/wp\/v2\/types\/post"}],"author":[{"embeddable":true,"href":"http:\/\/www.lecarrefourdesopinions.ca\/index.php?rest_route=\/wp\/v2\/users\/1"}],"replies":[{"embeddable":true,"href":"http:\/\/www.lecarrefourdesopinions.ca\/index.php?rest_route=%2Fwp%2Fv2%2Fcomments&post=11577"}],"version-history":[{"count":2,"href":"http:\/\/www.lecarrefourdesopinions.ca\/index.php?rest_route=\/wp\/v2\/posts\/11577\/revisions"}],"predecessor-version":[{"id":11588,"href":"http:\/\/www.lecarrefourdesopinions.ca\/index.php?rest_route=\/wp\/v2\/posts\/11577\/revisions\/11588"}],"wp:attachment":[{"href":"http:\/\/www.lecarrefourdesopinions.ca\/index.php?rest_route=%2Fwp%2Fv2%2Fmedia&parent=11577"}],"wp:term":[{"taxonomy":"category","embeddable":true,"href":"http:\/\/www.lecarrefourdesopinions.ca\/index.php?rest_route=%2Fwp%2Fv2%2Fcategories&post=11577"},{"taxonomy":"post_tag","embeddable":true,"href":"http:\/\/www.lecarrefourdesopinions.ca\/index.php?rest_route=%2Fwp%2Fv2%2Ftags&post=11577"}],"curies":[{"name":"wp","href":"https:\/\/api.w.org\/{rel}","templated":true}]}}