{"id":11566,"date":"2015-06-19T07:56:18","date_gmt":"2015-06-19T11:56:18","guid":{"rendered":"http:\/\/www.lecarrefourdesopinions.ca\/?p=11566"},"modified":"2015-06-19T07:56:18","modified_gmt":"2015-06-19T11:56:18","slug":"la-lutte-pour-leau","status":"publish","type":"post","link":"http:\/\/www.lecarrefourdesopinions.ca\/?p=11566","title":{"rendered":"La lutte pour l\u2019eau"},"content":{"rendered":"<p style=\"text-align: center;\"><span style=\"font-size: large;\"><strong>La lutte pour l\u2019eau<\/strong><\/span><\/p>\n<p><span style=\"color: #800000;\"><em><img loading=\"lazy\" decoding=\"async\" class=\"alignleft size-thumbnail wp-image-10846\" title=\"Louise Morand\" src=\"http:\/\/www.lecarrefourdesopinions.ca\/wp-content\/uploads\/2014\/07\/Louise-Morand-134x107.png\" alt=\"\" width=\"134\" height=\"107\" \/><\/em><\/span><\/p>\n<p>&nbsp;<\/p>\n<p><span style=\"color: #800000;\"><em>\u00a0par\u00a0Louise Morand<\/em><\/span><\/p>\n<p>La collusion entre les gouvernements et les entreprises dans le secteur des combustibles fossiles atteint des sommets au pays. Les citoyens qui ont \u00e0 c\u0153ur la protection de l\u2019eau potable, de l\u2019air, des sols et du climat assistent \u00e0 la mise en place de r\u00e8glementations aberrantes taill\u00e9es sur mesure pour l\u2019industrie au d\u00e9triment de la protection de l\u2019environnement et de la sant\u00e9 publique.<\/p>\n<p>Le <em>R\u00e8glement sur le pr\u00e9l\u00e8vement des eaux et leur protection<\/em>, adopt\u00e9 en ao\u00fbt 2014<sup><a name=\"sdfootnote1anc\" href=\"#sdfootnote1sym\"><\/a><sup>1<\/sup><\/sup> par le gouvernement du Qu\u00e9bec, s\u2019inscrit dans cette logique antid\u00e9mocratique de d\u00e9tournement du r\u00f4le de l\u2019\u00c9tat au profit des int\u00e9r\u00eats priv\u00e9s. Ce r\u00e8glement vient en effet r\u00e9duire les normes de protection des puits et des sources d\u2019eau potable pour la population et les \u00e9levages afin d\u2019avantager les industries extractives, notamment les p\u00e9troli\u00e8res qui pratiquent la fracturation hydraulique<sup><a name=\"sdfootnote2anc\" href=\"#sdfootnote2sym\"><\/a><sup>2<\/sup><\/sup>.<\/p>\n<p>Il est bien connu que les techniques de fracturation hydraulique, comme celles qu\u2019on veut utiliser \u00e0 Anticosti et en Gasp\u00e9sie, provoquent des fuites de produits toxiques et radioactifs qui contaminent l\u2019eau, l\u2019air et les sols bien au-del\u00e0 des distances s\u00e9paratrices des sources d\u2019eau potable jug\u00e9es acceptables par le gouvernement lib\u00e9ral<sup><a name=\"sdfootnote3anc\" href=\"#sdfootnote3sym\"><\/a><sup>3<\/sup><\/sup>. M\u00eame si l\u2019industrie et le gouvernement font l\u2019\u00e9loge d\u2019un d\u00e9veloppement \u00ab\u00a0bien fait\u00a0\u00bb des hydrocarbures au Qu\u00e9bec, c\u2019est \u00e0 une contamination annonc\u00e9e de nos aquif\u00e8res que nous sommes convi\u00e9s, avec en bout de ligne un gouffre financier pour les contribuables.<\/p>\n<p>Face \u00e0 l\u2019irresponsabilit\u00e9 de nos gouvernements et aux pressions d\u2019un lobby p\u00e9trolier tout puissant, des municipalit\u00e9s et des citoyens de partout au Qu\u00e9bec ont choisi de faire valoir leur droit \u00e0 un environnement sain. Le 11\u00a0juin 2015, les mairesses et maires de Saint-Edmond-de-Grantham, de Ristigouche Sud-Est, de Sorel-Tracy et de Mercier se sont fait les porte-parole de 165\u00a0municipalit\u00e9s qui ont d\u00e9pos\u00e9 une requ\u00eate commune au ministre du D\u00e9veloppement durable, de l\u2019Environnement et de la Lutte aux changements climatiques afin qu\u2019une d\u00e9rogation leur soit octroy\u00e9e pour qu\u2019elles puissent imposer des normes plus s\u00e9v\u00e8res que celles qui pr\u00e9valent actuellement pour la protection de leurs sources d\u2019eau potable<sup><a name=\"sdfootnote4anc\" href=\"#sdfootnote4sym\"><\/a><sup>4<\/sup><\/sup>. Appuy\u00e9s par un groupe d\u2019experts ind\u00e9pendants, les \u00e9lu-e-s ont d\u00e9pos\u00e9 un document d\u2019analyse tr\u00e8s critique envers les normes r\u00e9glementaires actuelles.<\/p>\n<p>Alors que le gouvernement de Philippe Couillard \u00e9labore des sc\u00e9narios permettant de forer jusqu\u2019\u00e0 6\u00a0500\u00a0puits de fracturation hydraulique \u00e0 Anticosti<sup><a name=\"sdfootnote5anc\" href=\"#sdfootnote5sym\"><\/a><sup>5<\/sup><\/sup> et se montre favorable au transport du p\u00e9trole provenant de l\u2019Ouest canadien au Qu\u00e9bec<sup><a name=\"sdfootnote6anc\" href=\"#sdfootnote6sym\"><\/a><sup>6<\/sup><\/sup> en d\u00e9pit du contexte de crise climatique, la question de l\u2019eau appara\u00eet d\u00e9sormais au c\u0153ur de la lutte des citoyens qui veulent assurer la protection du territoire pour les g\u00e9n\u00e9rations \u00e0 venir.<\/p>\n<p><span style=\"color: #000000;\"><span style=\"font-family: Calibri, sans-serif;\"><span>Louise Morand<\/span><\/span><\/span><\/p>\n<p><span style=\"color: #000000;\"><span style=\"font-family: Calibri, sans-serif;\"><span>Comit\u00e9 Vigilance hydrocarbures de L\u2019Assomption<\/span><\/span><\/span><\/p>\n<p><span style=\"color: #000000;\"><span style=\"font-family: Calibri, sans-serif;\"><span>13 juin 2015<\/span><\/span><\/span><\/p>\n<div id=\"sdfootnote1\">\n<h2><a name=\"sdfootnote1sym\" href=\"#sdfootnote1anc\"><\/a>1<span style=\"color: #000000;\"><span style=\"font-family: Calibri, sans-serif;\"><span style=\"font-size: small;\"><em>R\u00e8glement sur le pr\u00e9l\u00e8vement des eaux et leur protection<\/em><\/span><\/span><\/span><span style=\"color: #000000;\"><span style=\"font-family: Calibri, sans-serif;\"><span style=\"font-size: small;\">. Minist\u00e8re du d\u00e9veloppement durable de l\u2019environnement et de la lutte contre les changements climatiques.<\/span><\/span><\/span> <span style=\"color: #000000;\"><span style=\"font-family: Calibri, sans-serif;\"><span style=\"font-size: small;\">http:\/\/www.mddelcc.gouv.qc.ca\/eau\/prelevements\/reglement-prelevement-protection\/index.htm<\/span><\/span><\/span><\/h2>\n<p>&nbsp;<\/p>\n<\/div>\n<div id=\"sdfootnote2\">\n<p><span style=\"color: #000000;\"><span style=\"font-family: Calibri, sans-serif;\"><span style=\"font-size: small;\"><a name=\"sdfootnote2sym\" href=\"#sdfootnote2anc\"><\/a>2<span style=\"font-size: small;\"> Marc Durand, <\/span><span style=\"color: #0000ff;\"><a href=\"http:\/\/rochemere.blogspot.ca\/\"><span style=\"color: #000000;\"><span style=\"font-size: small;\"><em>Gisements non conventionnels d&rsquo;hydrocarbures<\/em><\/span><\/span><\/a><\/span><span style=\"font-size: small;\">. M\u00e9moire pour l\u2019\u00c9ES Anticosti. Rochemere.blogspot.<\/span><\/span><\/span><\/span><\/p>\n<p>&nbsp;<\/p>\n<\/div>\n<div id=\"sdfootnote3\">\n<p><span style=\"color: #000000;\"><span style=\"font-family: Calibri, sans-serif;\"><span style=\"font-size: small;\"><a name=\"sdfootnote3sym\" href=\"#sdfootnote3anc\"><\/a>3<span style=\"font-size: small;\"> Marc Durand, op.cit.<\/span><\/span><\/span><\/span><\/p>\n<\/div>\n<div id=\"sdfootnote4\">\n<p><a name=\"sdfootnote4sym\" href=\"#sdfootnote4anc\"><\/a>4<span style=\"font-size: small;\"><em>R\u00e8glement sur le pr\u00e9l\u00e8vement des eaux\u00a0: 165 municipalit\u00e9s exigent une meilleure protection de leur source d\u2019eau potable<\/em><\/span><span style=\"font-size: small;\">. Eau secours, 11 juin 2015. <\/span><span style=\"color: #0000ff;\"><span style=\"text-decoration: underline;\"><a href=\"http:\/\/goo.gl\/AKu3lq\"><span style=\"font-size: small;\">http:\/\/goo.gl\/AKu3lq<\/span><\/a><\/span><\/span><\/p>\n<p>&nbsp;<\/p>\n<\/div>\n<div id=\"sdfootnote5\">\n<p><a name=\"sdfootnote5sym\" href=\"#sdfootnote5anc\"><\/a>5 Alexandre Shields. Jusqu\u2019\u00e0 6\u00a0500 puits de p\u00e9trole \u00e0 Anticosti. <em>Le Devoir<\/em>. 21 mai 2015.<\/p>\n<\/div>\n<div id=\"sdfootnote6\">\n<p><a name=\"sdfootnote6sym\" href=\"#sdfootnote6anc\"><\/a>6 Alexandre Shields. Transport p\u00e9trolier vers Belledune. La motion du PQ est rejet\u00e9e. Le Devoir. 11\u00a0juin 2015.<\/p>\n<\/div>\n<script type=\"text\/javascript\">\n\nvar addthis_config = {\"data_track_clickback\":false,\"data_track_addressbar\":false,\"data_track_textcopy\":false};\n<\/script><script type=\"text\/javascript\" src=\"\/\/s7.addthis.com\/js\/250\/addthis_widget.js#pubid=a457a6d63fb9e6ccabdde4110343bd85\"><\/script>","protected":false},"excerpt":{"rendered":"<p style=\"text-align: center;\"><span style=\"font-size: large;\">La lutte pour l\u2019eau<\/span><\/p>\n<p><span style=\"color: #800000;\"><\/span><\/p>\n<p>&nbsp;<\/p>\n<p><span style=\"color: #800000;\">\u00a0par\u00a0Louise Morand<\/span><\/p>\n<p>La collusion entre les gouvernements et les entreprises dans le secteur des combustibles fossiles atteint des sommets au pays. Les citoyens qui ont \u00e0 c\u0153ur la protection de l\u2019eau &hellip;<\/p>\n","protected":false},"author":1,"featured_media":0,"comment_status":"open","ping_status":"open","sticky":false,"template":"","format":"standard","meta":{"footnotes":""},"categories":[1],"tags":[],"class_list":["post-11566","post","type-post","status-publish","format-standard","hentry","category-accueil"],"_links":{"self":[{"href":"http:\/\/www.lecarrefourdesopinions.ca\/index.php?rest_route=\/wp\/v2\/posts\/11566","targetHints":{"allow":["GET"]}}],"collection":[{"href":"http:\/\/www.lecarrefourdesopinions.ca\/index.php?rest_route=\/wp\/v2\/posts"}],"about":[{"href":"http:\/\/www.lecarrefourdesopinions.ca\/index.php?rest_route=\/wp\/v2\/types\/post"}],"author":[{"embeddable":true,"href":"http:\/\/www.lecarrefourdesopinions.ca\/index.php?rest_route=\/wp\/v2\/users\/1"}],"replies":[{"embeddable":true,"href":"http:\/\/www.lecarrefourdesopinions.ca\/index.php?rest_route=%2Fwp%2Fv2%2Fcomments&post=11566"}],"version-history":[{"count":2,"href":"http:\/\/www.lecarrefourdesopinions.ca\/index.php?rest_route=\/wp\/v2\/posts\/11566\/revisions"}],"predecessor-version":[{"id":11572,"href":"http:\/\/www.lecarrefourdesopinions.ca\/index.php?rest_route=\/wp\/v2\/posts\/11566\/revisions\/11572"}],"wp:attachment":[{"href":"http:\/\/www.lecarrefourdesopinions.ca\/index.php?rest_route=%2Fwp%2Fv2%2Fmedia&parent=11566"}],"wp:term":[{"taxonomy":"category","embeddable":true,"href":"http:\/\/www.lecarrefourdesopinions.ca\/index.php?rest_route=%2Fwp%2Fv2%2Fcategories&post=11566"},{"taxonomy":"post_tag","embeddable":true,"href":"http:\/\/www.lecarrefourdesopinions.ca\/index.php?rest_route=%2Fwp%2Fv2%2Ftags&post=11566"}],"curies":[{"name":"wp","href":"https:\/\/api.w.org\/{rel}","templated":true}]}}