{"id":11560,"date":"2015-06-19T07:57:14","date_gmt":"2015-06-19T11:57:14","guid":{"rendered":"http:\/\/www.lecarrefourdesopinions.ca\/?p=11560"},"modified":"2015-06-19T07:57:14","modified_gmt":"2015-06-19T11:57:14","slug":"communiques","status":"publish","type":"post","link":"http:\/\/www.lecarrefourdesopinions.ca\/?p=11560","title":{"rendered":"Communiqu\u00e9s"},"content":{"rendered":"<h1 style=\"text-align: center;\">Communiqu\u00e9s<\/h1>\n<h2 style=\"text-align: center;\">Lutte \u00e0 la radicalisation<\/h2>\n<p align=\"left\"><strong>Le gouvernement du Qu\u00e9bec d\u00e9voile son plan d&rsquo;action pour lutter contre la radicalisation menant \u00e0 la violence et renforcer le vivre-ensemble<\/strong><\/p>\n<p><strong>Montr\u00e9al, le mercredi 10 juin 2015\u00a0<\/strong>\u2013\u00a0La vice-premi\u00e8re ministre et ministre de la S\u00e9curit\u00e9 publique, M<sup>me<\/sup>\u00a0Lise Th\u00e9riault, ainsi que la ministre de l&rsquo;Immigration, de la Diversit\u00e9 et de l&rsquo;Inclusion, M<sup>me<\/sup>\u00a0Kathleen Weil, ont pr\u00e9sent\u00e9 aujourd&rsquo;hui le Plan d&rsquo;action gouvernemental 2015-2018\u00a0<em>La radicalisation au Qu\u00e9bec\u00a0: agir, pr\u00e9venir, d\u00e9tecter et vivre ensemble<\/em>, en pr\u00e9sence du maire de Montr\u00e9al, M. Denis Coderre. Le plan vise \u00e0 apporter une r\u00e9ponse concert\u00e9e au ph\u00e9nom\u00e8ne de la radicalisation menant \u00e0 la violence et pr\u00e9voit des mesures qui permettront d\u2019assurer la s\u00e9curit\u00e9 des Qu\u00e9b\u00e9coises et Qu\u00e9b\u00e9cois et \u00e0 favoriser la coh\u00e9sion sociale en mati\u00e8re de diversit\u00e9 ethnoculturelle.<\/p>\n<p>\u00ab\u00a0La radicalisation menant \u00e0 la violence est une pr\u00e9occupation de premi\u00e8re importance pour notre gouvernement. C&rsquo;est un ph\u00e9nom\u00e8ne complexe qui n\u00e9cessite une compr\u00e9hension approfondie et une grande concertation de tous les acteurs sociaux pour assurer la s\u00e9curit\u00e9 des Qu\u00e9b\u00e9coises et Qu\u00e9b\u00e9cois. Nos mesures visent \u00e0 la fois \u00e0 enrichir nos connaissances et \u00e0 outiller le personnel qui intervient dans le domaine de la s\u00e9curit\u00e9 publique, de l\u2019enseignement, et de la sant\u00e9 et des services sociaux, entre autres, afin qu&rsquo;il puisse agir efficacement et au moment opportun\u00a0\u00bb, a d\u00e9clar\u00e9 la ministre Lise Th\u00e9riault.<\/p>\n<p>Le plan d\u2019action comprend 59\u00a0mesures regroup\u00e9es sous quatre axes d\u2019intervention\u00a0: agir, pr\u00e9venir, d\u00e9tecter et vivre ensemble.<\/p>\n<h2><strong>Agir<\/strong><\/h2>\n<p>Les mesures de cet axe visent \u00e0 permettre au personnel des divers secteurs concern\u00e9s d\u2019intervenir promptement lorsqu&rsquo;une situation l\u2019exige en raison des risques pour la s\u00e9curit\u00e9 nationale ou la s\u00e9curit\u00e9 des personnes.<\/p>\n<h2><strong>Pr\u00e9venir<\/strong><\/h2>\n<p>Les mesures comprises dans cet axe permettront notamment aux familles et \u00e0 leurs proches, aux \u00e9ducateurs et intervenants scolaires, aux intervenants du r\u00e9seau de la sant\u00e9 et des services sociaux ainsi qu\u2019aux corps policiers et aux intervenants des services correctionnels d\u2019\u00eatre outill\u00e9s davantage pour reconna\u00eetre les signaux de la radicalisation.<\/p>\n<p>Afin de comprendre davantage le ph\u00e9nom\u00e8ne, mieux le reconna\u00eetre et, ultimement, le contrer plus efficacement, des partenariats de recherche seront instaur\u00e9s pour documenter la probl\u00e9matique. D\u2019ailleurs, le gouvernement du Qu\u00e9bec contribuera financi\u00e8rement \u00e0 une recherche-action en partenariat avec le Coll\u00e8ge de Maisonneuve, dont l\u2019objectif sera d\u2019identifier les facteurs de radicalisation chez les jeunes qui sont \u00e0 risque.<\/p>\n<p>Par ailleurs, une ligne t\u00e9l\u00e9phonique sans frais (<img loading=\"lazy\" decoding=\"async\" src=\"chrome-extension:\/\/lifbcibllhkdhoafpjfnlhfpfgnpldfl\/call_skype_logo.png\" alt=\"\" width=\"0\" height=\"0\" \/>514\u00a0687-7141\u00a0et\u00a0<img loading=\"lazy\" decoding=\"async\" src=\"chrome-extension:\/\/lifbcibllhkdhoafpjfnlhfpfgnpldfl\/call_skype_logo.png\" alt=\"\" width=\"0\" height=\"0\" \/>1\u00a0877\u00a0687-7141\u00a0FREE), soutenue par des ressources multidisciplinaires, sera mise en service sur l\u2019ensemble du territoire qu\u00e9b\u00e9cois, en partenariat avec le Centre de pr\u00e9vention de la radicalisation menant \u00e0 la violence de la Ville de Montr\u00e9al. La contribution du gouvernement du Qu\u00e9bec pour sa mise en \u0153uvre s\u2019\u00e9l\u00e8ve \u00e0 un million de dollars.<\/p>\n<h2><strong>D\u00e9tecter<\/strong><\/h2>\n<p>Des moyens seront mis en place pour permettre au public et aux\u00a0 intervenants de d\u00e9tecter rapidement, de fa\u00e7on pr\u00e9coce, les signes de comportements radicaux pr\u00f4nant la violence ainsi que les propos haineux et de les signaler aux autorit\u00e9s comp\u00e9tentes. Parmi les mesures, mentionnons notamment l\u2019instauration d\u2019une vigie des m\u00e9dias sociaux. Nous souhaitons aussi augmenter la capacit\u00e9 de d\u00e9tection et d&rsquo;anticipation des menaces afin d&rsquo;identifier les personnes qui pourraient causer un risque pour la s\u00e9curit\u00e9.<\/p>\n<h2><strong>Vivre ensemble<\/strong><\/h2>\n<p>Bien que la radicalisation soit influenc\u00e9e par plusieurs facteurs, elle semble toucher en particulier les jeunes n\u00e9s au Qu\u00e9bec de parents immigrants, qui d\u00e9veloppent un sentiment d\u2019impuissance, individuelle ou collective, \u00e0 l\u2019\u00e9gard de l\u2019exclusion qu&rsquo;eux et leurs proches vivent dans la soci\u00e9t\u00e9 qu\u00e9b\u00e9coise.<\/p>\n<p>Par cons\u00e9quent, il est important de lutter contre les pr\u00e9jug\u00e9s, la discrimination et le racisme, de renforcer l\u2019estime de soi, le sentiment d\u2019appartenance et la participation \u00e0 la soci\u00e9t\u00e9 qu\u00e9b\u00e9coise des personnes immigrantes et des minorit\u00e9s ethnoculturelles. Cet axe du plan d\u2019action comporte donc des mesures visant notamment la promotion des droits et libert\u00e9s et l\u2019\u00e9dification d\u2019une soci\u00e9t\u00e9 inclusive, exempte de pr\u00e9jug\u00e9s, de discrimination et de racisme.<\/p>\n<p>\u00ab\u00a0Les familles, les parents et les jeunes sont au c\u0153ur de nos pr\u00e9occupations. Notre plan, en s&rsquo;appuyant sur une concertation de tous les acteurs des milieux concern\u00e9s, tant au sein du secteur public que de la soci\u00e9t\u00e9 civile, aidera \u00e0 pr\u00e9venir la radicalisation menant \u00e0 la violence et \u00e0 renforcer la lutte contre les pr\u00e9jug\u00e9s, la discrimination et le racisme. Nous nous devons d&rsquo;agir pour intervenir et informer les personnes touch\u00e9es par ce ph\u00e9nom\u00e8ne nouveau. Nous travaillerons pour aider nos jeunes, nos familles \u00e0 vivre ensemble dans une soci\u00e9t\u00e9 moderne, pluraliste et ouverte sur le monde\u00a0\u00bb, a ajout\u00e9 la ministre Kathleen Weil.<\/p>\n<p>Parall\u00e8lement, la ministre de la Justice, procureure g\u00e9n\u00e9rale et ministre responsable de la Condition f\u00e9minine, M<sup>me<\/sup>\u00a0St\u00e9phanie Vall\u00e9e, a d\u00e9pos\u00e9 ce matin \u00e0 l&rsquo;Assembl\u00e9e nationale un projet de loi portant sur les propos haineux et les r\u00e8gles renfor\u00e7ant la protection des personnes. Ce projet comprend des dispositions l\u00e9gislatives qui, conditionnellement \u00e0 son adoption par l\u2019Assembl\u00e9e nationale, permettraient d&rsquo;assurer la protection des personnes et de sanctionner la diffusion de propos haineux ou incitant \u00e0 la violence. Les dispositions propos\u00e9es visent notamment \u00e0\u00a0:<\/p>\n<ul>\n<li>lutter contre le mariage forc\u00e9;<\/li>\n<li>pr\u00e9venir les crimes bas\u00e9s sur une conception de l\u2019honneur;<\/li>\n<li>implanter un outil de protection imm\u00e9diate pour les personnes dont la s\u00e9curit\u00e9 pourrait \u00eatre menac\u00e9e;<\/li>\n<li>et mieux prot\u00e9ger les \u00e9l\u00e8ves dans les \u00e9tablissements d\u2019enseignement subventionn\u00e9s.<\/li>\n<\/ul>\n<p>&nbsp;<\/p>\n<p>Le Plan d&rsquo;action 2015-2018\u00a0<em>La radicalisation au Qu\u00e9bec\u00a0: agir, pr\u00e9venir, d\u00e9tecter et vivre ensemble<\/em>\u00a0est le r\u00e9sultat du travail d&rsquo;un comit\u00e9 interminist\u00e9riel mis sur pied par le premier ministre du Qu\u00e9bec, M.\u00a0Philippe Couillard, afin de r\u00e9pondre efficacement au ph\u00e9nom\u00e8ne de la radicalisation menant \u00e0 la violence. Coordonn\u00e9 par le minist\u00e8re de l&rsquo;Immigration, de la Diversit\u00e9 et de l&rsquo;Inclusion, le comit\u00e9 comprend aussi huit minist\u00e8res, en plus de la Commission des droits de la personne et des droits de la jeunesse et du Secr\u00e9tariat \u00e0 la condition f\u00e9minine. Les minist\u00e8res et organismes gouvernementaux poursuivront leur engagement dans le but de r\u00e9aliser les mesures qui concernent plus particuli\u00e8rement leur champ d&rsquo;expertise.<\/p>\n<p>Pour prendre connaissance du Plan d&rsquo;action gouvernemental 2015-2018\u00a0<em>La radicalisation au Qu\u00e9bec\u00a0: agir, pr\u00e9venir, d\u00e9tecter et vivre ensemble\u00a0<\/em>:<a href=\"http:\/\/www.radicalisation.gouv.qc.ca\/\" target=\"_blank\">www.radicalisation.gouv.qc.ca<\/a>.<\/p>\n<p align=\"center\">&#8211;<\/p>\n<script type=\"text\/javascript\">\n\nvar addthis_config = {\"data_track_clickback\":false,\"data_track_addressbar\":false,\"data_track_textcopy\":false};\n<\/script><script type=\"text\/javascript\" src=\"\/\/s7.addthis.com\/js\/250\/addthis_widget.js#pubid=a457a6d63fb9e6ccabdde4110343bd85\"><\/script>","protected":false},"excerpt":{"rendered":"<p>Communiqu\u00e9s<br \/>\nLutte \u00e0 la radicalisation<\/p>\n<p align=\"left\">Le gouvernement du Qu\u00e9bec d\u00e9voile son plan d&rsquo;action pour lutter contre la radicalisation menant \u00e0 la violence et renforcer le vivre-ensemble<\/p>\n<p>Montr\u00e9al, le mercredi 10 juin 2015\u00a0\u2013\u00a0La vice-premi\u00e8re ministre et &hellip;<\/p>\n","protected":false},"author":1,"featured_media":0,"comment_status":"open","ping_status":"open","sticky":false,"template":"","format":"standard","meta":{"footnotes":""},"categories":[1],"tags":[],"class_list":["post-11560","post","type-post","status-publish","format-standard","hentry","category-accueil"],"_links":{"self":[{"href":"http:\/\/www.lecarrefourdesopinions.ca\/index.php?rest_route=\/wp\/v2\/posts\/11560","targetHints":{"allow":["GET"]}}],"collection":[{"href":"http:\/\/www.lecarrefourdesopinions.ca\/index.php?rest_route=\/wp\/v2\/posts"}],"about":[{"href":"http:\/\/www.lecarrefourdesopinions.ca\/index.php?rest_route=\/wp\/v2\/types\/post"}],"author":[{"embeddable":true,"href":"http:\/\/www.lecarrefourdesopinions.ca\/index.php?rest_route=\/wp\/v2\/users\/1"}],"replies":[{"embeddable":true,"href":"http:\/\/www.lecarrefourdesopinions.ca\/index.php?rest_route=%2Fwp%2Fv2%2Fcomments&post=11560"}],"version-history":[{"count":2,"href":"http:\/\/www.lecarrefourdesopinions.ca\/index.php?rest_route=\/wp\/v2\/posts\/11560\/revisions"}],"predecessor-version":[{"id":11574,"href":"http:\/\/www.lecarrefourdesopinions.ca\/index.php?rest_route=\/wp\/v2\/posts\/11560\/revisions\/11574"}],"wp:attachment":[{"href":"http:\/\/www.lecarrefourdesopinions.ca\/index.php?rest_route=%2Fwp%2Fv2%2Fmedia&parent=11560"}],"wp:term":[{"taxonomy":"category","embeddable":true,"href":"http:\/\/www.lecarrefourdesopinions.ca\/index.php?rest_route=%2Fwp%2Fv2%2Fcategories&post=11560"},{"taxonomy":"post_tag","embeddable":true,"href":"http:\/\/www.lecarrefourdesopinions.ca\/index.php?rest_route=%2Fwp%2Fv2%2Ftags&post=11560"}],"curies":[{"name":"wp","href":"https:\/\/api.w.org\/{rel}","templated":true}]}}