{"id":11552,"date":"2015-06-06T08:28:15","date_gmt":"2015-06-06T12:28:15","guid":{"rendered":"http:\/\/www.lecarrefourdesopinions.ca\/?p=11552"},"modified":"2015-06-06T08:28:15","modified_gmt":"2015-06-06T12:28:15","slug":"serge-h-moise-un-homme-de-loi-et-de-lettres","status":"publish","type":"post","link":"http:\/\/www.lecarrefourdesopinions.ca\/?p=11552","title":{"rendered":"Serge H. Mo\u00efse&#8230; un homme de loi, et de lettres !"},"content":{"rendered":"<table width=\"100%\" cellspacing=\"0\" cellpadding=\"0\">\n<tbody>\n<tr>\n<td height=\"14\"><\/td>\n<\/tr>\n<tr>\n<td>\n<table width=\"100%\" cellspacing=\"0\" cellpadding=\"0\">\n<tbody>\n<tr>\n<td>\n<table cellspacing=\"0\" cellpadding=\"0\">\n<tbody>\n<tr>\n<td><a href=\"https:\/\/www.facebook.com\/mblherisson\" target=\"_blank\"><img loading=\"lazy\" decoding=\"async\" title=\"https:\/\/www.facebook.com\/mblherisson\nCTRL + Cliquez ici pour suivre le lien\" src=\"https:\/\/fbcdn-profile-a.akamaihd.net\/hprofile-ak-xap1\/v\/t1.0-1\/p100x100\/10940522_10205894112376482_990700546138633820_n.jpg?oh=0f871991799bd267e36398af5d2c96ab&amp;oe=55F93881&amp;__gda__=1442941822_50fa40dda126a51dd69a04cd9b7cafd0\" alt=\"\" width=\"50\" height=\"50\" \/><\/a><\/td>\n<td width=\"10\"><\/td>\n<td width=\"100%\">\n<table cellspacing=\"0\" cellpadding=\"0\">\n<tbody>\n<tr>\n<td><a href=\"https:\/\/www.facebook.com\/mblherisson\" target=\"_blank\">Mireille Bertrand Lherisson<\/a><\/td>\n<\/tr>\n<tr>\n<td><\/td>\n<\/tr>\n<\/tbody>\n<\/table>\n<\/td>\n<\/tr>\n<tr>\n<td height=\"10\"><\/td>\n<\/tr>\n<tr>\n<td colspan=\"3\">\n<table cellspacing=\"0\" cellpadding=\"0\">\n<tbody>\n<tr>\n<td>NOTE D&rsquo;INFORMATION DU CONSEIL D&rsquo;ADMINISTRATION <\/p>\n<p>Le Conseil d&rsquo;Administration du Salon est fier d&rsquo;annoncer aux Po\u00e8tes, Lecteurs et Critiques la pr\u00e9sence en son sein de l&rsquo;homme de loi et de lettres, l\u2019\u00e9minent juriste Ha\u00eftiano-Qu\u00e9b\u00e9cois Me\u00a0Serge H. Moise. <\/p>\n<p>Les membres, r\u00e9unis en assembl\u00e9e extraordinaire, le jeudi 4 juin, ont accueilli \u00e0 l\u2019unanimit\u00e9, la proposition d&rsquo;inviter cette sommit\u00e9 \u00e0 rejoindre le Conseil, mais aussi celle d\u2019int\u00e9grer de nouveaux membres, susceptibles d&rsquo;apporter leur pierre \u00e0 l\u2019\u00e9difice de ce temple po\u00e9tique, (cr\u00e9\u00e9 en hommage \u00e0 notre po\u00e8te d\u00e9c\u00e9d\u00e9, un visionnaire, un humaniste) appel\u00e9 \u00e0 promouvoir la po\u00e9sie en g\u00e9n\u00e9ral et celle dite engag\u00e9e, en particulier. <\/p>\n<p>Aujourd&rsquo;hui que nous nous engageons dans le num\u00e9rique et la publication de recueils collectifs (via le Regroupement des Po\u00e8tes Engag\u00e9s) la pr\u00e9sence d&rsquo;un homme de loi au Conseil a tout son poids et sa raison d\u2019\u00eatre. Plus d&rsquo; inqui\u00e9tude d\u00e9sormais pour les arnaques qui pullulent le NET et dont le Salon fut victime dans le pass\u00e9. <\/p>\n<p>Nous invitons tous les membres \u00e0 offrir \u00e0 Me Serge H. Moise, un accueil chaleureux, digne de sa personne. <\/p>\n<p>Le Nouveau Conseil est ainsi form\u00e9: <br \/>Mireille Bertrand Lherisson <br \/>Moulay M&rsquo;hamed Zahidi <br \/>Fatima Marghad <br \/>Mariedesiles Etienne <br \/>Naj\u00efa Naj\u00efa <br \/>Me Serge H. Moise <br \/>et Franketienne, Pr\u00e9sident d&rsquo;Honneur! <\/p>\n<p>MERCI A TOUS! <br \/>Le Conseil<\/td>\n<\/tr>\n<tr>\n<td>\n<table cellspacing=\"0\" cellpadding=\"0\">\n<tbody>\n<tr>\n<td valign=\"top\"><a href=\"http:\/\/l.facebook.com\/l\/mAQGYwSimAQES1RvEPLtWcCTsYl9YsE5O5rOr7GW0vW7JhQ\/editionslpd.com\/2014\/06\/08\/serge-h-moise-un-homme-de-droit-et-de-lettres\/\" target=\"_blank\"><img decoding=\"async\" src=\"https:\/\/fbexternal-a.akamaihd.net\/safe_image.php?d=AQCXEoa1Ro_V9-9T&amp;w=158&amp;h=158&amp;url=http%3A%2F%2Feditionslpd.files.wordpress.com%2F2014%2F06%2Fphoto-moc3afse.jpg\" alt=\"\" width=\"90\" \/><\/a><\/td>\n<td valign=\"top\"><a title=\"http:\/\/l.facebook.com\/l\/cAQGPHqCrAQGKKLueoGwnhbIM1TIbWLYiUyxn_gKZNbkyQQ\/editionslpd.com\/2014\/06\/08\/serge-h-moise-un-homme-de-droit-et-de-lettres\/\nCTRL + Cliquez ici pour suivre le lien\" href=\"http:\/\/l.facebook.com\/l\/cAQGPHqCrAQGKKLueoGwnhbIM1TIbWLYiUyxn_gKZNbkyQQ\/editionslpd.com\/2014\/06\/08\/serge-h-moise-un-homme-de-droit-et-de-lettres\/\" target=\"_blank\">Serge H. Mo\u00efse&#8230; un homme de loi, et de lettres !<\/a><\/p>\n<table width=\"100%\" border=\"0\" cellspacing=\"0\" cellpadding=\"0\">\n<tbody>\n<tr>\n<td title=\"http:\/\/l.facebook.com\/l\/cAQGPHqCrAQGKKLueoGwnhbIM1TIbWLYiUyxn_gKZNbkyQQ\/editionslpd.com\/2014\/06\/08\/serge-h-moise-un-homme-de-droit-et-de-lettres\/\nCTRL + Cliquez ici pour suivre le lien\">editionslpd.com<\/td>\n<\/tr>\n<\/tbody>\n<\/table>\n<div>Me Serge H. Mo\u00efse, avocat, \u00e9crivain et po\u00e8te nous livre, dans Mo\u00efku, ses analyses et r\u00e9flexions dans&#8230;<\/div>\n<\/td>\n<\/tr>\n<\/tbody>\n<\/table>\n<\/td>\n<\/tr>\n<\/tbody>\n<\/table>\n<\/td>\n<\/tr>\n<\/tbody>\n<\/table>\n<\/td>\n<\/tr>\n<tr>\n<td>\n<table width=\"100%\" cellspacing=\"0\" cellpadding=\"0\">\n<tbody>\n<tr>\n<td height=\"5\"><\/td>\n<\/tr>\n<tr>\n<td>\n<table cellspacing=\"0\" cellpadding=\"0\">\n<tbody>\n<tr>\n<td width=\"8\"><\/td>\n<td valign=\"middle\"><img loading=\"lazy\" decoding=\"async\" src=\"https:\/\/fbstatic-a.akamaihd.net\/rsrc.php\/v2\/yM\/r\/aL-TjjYppK9.png\" alt=\"\" width=\"16\" height=\"16\" \/><\/td>\n<td valign=\"middle\"><a href=\"https:\/\/www.facebook.com\/n\/?email%2Fufi%2Fclick&amp;action=like&amp;target=424197361085614&amp;hash=AVJ4ExrGHIqrGwhe&amp;aref=1433390762433555&amp;medium=email&amp;mid=bdc6e83G5af45cf12b22G517a94b381c13Ge5G6032&amp;bcode=1.1433563484.Abkfsv_FgRwqrXen&amp;n_m=cabinet22moise%40gmail.com&amp;lloc=email_ufi_like&amp;sig_t=1433563484&amp;sig=AVKGWvUAcQWZtdD_\" target=\"_blank\">J\u2019aime<\/a><\/td>\n<\/tr>\n<\/tbody>\n<\/table>\n<\/td>\n<td>\n<table cellspacing=\"0\" cellpadding=\"0\">\n<tbody>\n<tr>\n<td width=\"8\"><\/td>\n<td valign=\"middle\"><img loading=\"lazy\" decoding=\"async\" src=\"https:\/\/fbstatic-a.akamaihd.net\/rsrc.php\/v2\/yK\/r\/pydUbhpFodk.png\" alt=\"\" width=\"16\" height=\"16\" \/><\/td>\n<td valign=\"middle\"><a href=\"https:\/\/www.facebook.com\/n\/?email%2Fufi%2Fclick&amp;action=comment&amp;target=424197361085614&amp;hash=AVLOLDXG2oC3y4Qn&amp;aref=1433390762433555&amp;medium=email&amp;mid=bdc6e83G5af45cf12b22G517a94b381c13Ge5G6032&amp;bcode=1.1433563484.Abkfsv_FgRwqrXen&amp;n_m=cabinet22moise%40gmail.com&amp;lloc=email_ufi_comment&amp;sig_t=1433563484&amp;sig=AVKhas6sHpZAi-jh\" target=\"_blank\">Commenter<\/a><\/td>\n<\/tr>\n<\/tbody>\n<\/table>\n<\/td>\n<td>\n<table cellspacing=\"0\" cellpadding=\"0\">\n<tbody>\n<tr>\n<td width=\"8\"><\/td>\n<td valign=\"middle\"><img loading=\"lazy\" decoding=\"async\" src=\"https:\/\/fbstatic-a.akamaihd.net\/rsrc.php\/v2\/yU\/r\/1xTlxxl7Lck.png\" alt=\"\" width=\"16\" height=\"16\" \/><\/td>\n<td valign=\"middle\"><a href=\"https:\/\/www.facebook.com\/n\/?email%2Fufi%2Fclick&amp;action=share&amp;target=424197361085614&amp;hash=AVIxr3Q1BKWG1sk_&amp;aref=1433390762433555&amp;medium=email&amp;mid=bdc6e83G5af45cf12b22G517a94b381c13Ge5G6032&amp;bcode=1.1433563484.Abkfsv_FgRwqrXen&amp;n_m=cabinet22moise%40gmail.com&amp;lloc=email_ufi_share&amp;sig_t=1433563484&amp;sig=AVKvtqn5KWR7rGRD\" target=\"_blank\">Partager<\/a><\/td>\n<\/tr>\n<\/tbody>\n<\/table>\n<\/td>\n<td width=\"100%\"><\/td>\n<\/tr>\n<tr>\n<td height=\"5\"><\/td>\n<\/tr>\n<\/tbody>\n<\/table>\n<\/td>\n<\/tr>\n<\/tbody>\n<\/table>\n<\/td>\n<\/tr>\n<tr>\n<td height=\"7\"><\/td>\n<\/tr>\n<\/tbody>\n<\/table>\n<script type=\"text\/javascript\">\n\nvar addthis_config = {\"data_track_clickback\":false,\"data_track_addressbar\":false,\"data_track_textcopy\":false};\n<\/script><script type=\"text\/javascript\" src=\"\/\/s7.addthis.com\/js\/250\/addthis_widget.js#pubid=a457a6d63fb9e6ccabdde4110343bd85\"><\/script>","protected":false},"excerpt":{"rendered":"<p>Mireille Bertrand Lherisson<\/p>\n<p>NOTE D&rsquo;INFORMATION DU CONSEIL D&rsquo;ADMINISTRATION <\/p>\n<p>Le Conseil d&rsquo;Administration du Salon est fier d&rsquo;annoncer aux Po\u00e8tes, Lecteurs et Critiques la pr\u00e9sence en son sein de l&rsquo;homme de loi et de lettres, l\u2019\u00e9minent juriste Ha\u00eftiano-Qu\u00e9b\u00e9cois Me\u00a0&hellip;<\/p>\n","protected":false},"author":1,"featured_media":0,"comment_status":"open","ping_status":"open","sticky":false,"template":"","format":"standard","meta":{"footnotes":""},"categories":[1],"tags":[],"class_list":["post-11552","post","type-post","status-publish","format-standard","hentry","category-accueil"],"_links":{"self":[{"href":"http:\/\/www.lecarrefourdesopinions.ca\/index.php?rest_route=\/wp\/v2\/posts\/11552","targetHints":{"allow":["GET"]}}],"collection":[{"href":"http:\/\/www.lecarrefourdesopinions.ca\/index.php?rest_route=\/wp\/v2\/posts"}],"about":[{"href":"http:\/\/www.lecarrefourdesopinions.ca\/index.php?rest_route=\/wp\/v2\/types\/post"}],"author":[{"embeddable":true,"href":"http:\/\/www.lecarrefourdesopinions.ca\/index.php?rest_route=\/wp\/v2\/users\/1"}],"replies":[{"embeddable":true,"href":"http:\/\/www.lecarrefourdesopinions.ca\/index.php?rest_route=%2Fwp%2Fv2%2Fcomments&post=11552"}],"version-history":[{"count":2,"href":"http:\/\/www.lecarrefourdesopinions.ca\/index.php?rest_route=\/wp\/v2\/posts\/11552\/revisions"}],"predecessor-version":[{"id":11554,"href":"http:\/\/www.lecarrefourdesopinions.ca\/index.php?rest_route=\/wp\/v2\/posts\/11552\/revisions\/11554"}],"wp:attachment":[{"href":"http:\/\/www.lecarrefourdesopinions.ca\/index.php?rest_route=%2Fwp%2Fv2%2Fmedia&parent=11552"}],"wp:term":[{"taxonomy":"category","embeddable":true,"href":"http:\/\/www.lecarrefourdesopinions.ca\/index.php?rest_route=%2Fwp%2Fv2%2Fcategories&post=11552"},{"taxonomy":"post_tag","embeddable":true,"href":"http:\/\/www.lecarrefourdesopinions.ca\/index.php?rest_route=%2Fwp%2Fv2%2Ftags&post=11552"}],"curies":[{"name":"wp","href":"https:\/\/api.w.org\/{rel}","templated":true}]}}