{"id":11265,"date":"2015-08-05T19:51:42","date_gmt":"2015-08-05T23:51:42","guid":{"rendered":"http:\/\/www.lecarrefourdesopinions.ca\/?p=11265"},"modified":"2015-08-05T19:51:42","modified_gmt":"2015-08-05T23:51:42","slug":"bonjour-m-kozminski","status":"publish","type":"post","link":"http:\/\/www.lecarrefourdesopinions.ca\/?p=11265","title":{"rendered":"Bonjour M Kozminski,"},"content":{"rendered":"<p><span style=\"color: #000000;\"><span style=\"font-family: Calibri;\"><span>Bonjour M Kozminski,<\/span><\/span><\/span><\/p>\n<p><span style=\"color: #800000;\"><em><span style=\"font-family: Calibri;\"><img decoding=\"async\" class=\"alignleft size-full wp-image-10529\" title=\"Alex Cristescu 1\" src=\"http:\/\/www.lecarrefourdesopinions.ca\/wp-content\/uploads\/2014\/01\/Alex-Cristescu-1.bmp\" alt=\"\" \/><\/span><\/em><\/span><\/p>\n<p>&nbsp;<\/p>\n<p>&nbsp;<\/p>\n<p><span style=\"color: #800000;\"><em><span style=\"font-family: Calibri;\">Par Alex Cristescu<\/span><\/em><\/span><\/p>\n<p><span style=\"color: #000000;\"><span style=\"font-family: Calibri;\"><span style=\"font-size: medium;\">Vous avez bien saisi les failles du slogan de la rectitude politique, mentionn\u00e9e avec nonchalance par des politiciens et des m\u00e9dias, insistant si souvent sur le message de la bont\u00e9 et l\u2019amour\u2026..Les verset des sourates sont assez transparents et ne font aucune doute de la du mobile\u00a0 de ces fanatiques qui se d\u00e9clarent \u00ab des furieux de dieu` (avec d en minuscules car je n\u2019ose pas utiliser le majuscule qu\u2019Un-l\u00e0 unique le m\u00e9rite). Soudainement tout le monde d\u00e9couvre \u00e0 une autre \u00e9chelle l\u2019effet monstrueux de toute une pratique id\u00e9ologique fabriqu\u00e9 dans des r\u00e9gions o\u00f9 on d\u00e9capite ceux qui refusent la conversion instantan\u00e9e\u00a0 (selon un autre percept de leur enseignement), ou on extermine des milliers de chr\u00e9tiens.<\/span><\/span><\/span><\/p>\n<p><span style=\"color: #000000;\"><span style=\"font-family: Calibri;\"><span style=\"font-size: medium;\">Est-ce que les derniers \u00e9v\u00e9nements provoqueront un r\u00e9veil tardif ? Est-ce que des changements de politique internes ou externes suivront la grande prise de conscience dont nous avons \u00e9t\u00e9 t\u00e9moins le 11 janvier? &#8211; On le verra \u00e0 courte terme. <\/span><\/span><\/span><\/p>\n<p><span style=\"color: #000000;\"><span style=\"font-family: Calibri;\"><span style=\"font-size: medium;\">Est-ce que ce n\u2019est pas trop tard, \u00e9tant donn\u00e9e l\u2019inertie de tout qui pense et agit ?\u00a0 Ou encore, constatera-t-on bient\u00f4t que tout n\u2019\u00e9tait qu\u2019une simple excitation de moment, ou le d\u00e9but d\u2019une prise de conscience nouvelle et profonde. <\/span><\/span><\/span><\/p>\n<p><span style=\"color: #000000;\"><span style=\"font-family: Calibri;\"><span style=\"font-size: medium;\">Je finis avec une petite remarque et une mise en place de la notion de \u00abreligion de paix et d\u2019amour\u00bb, par rapport aux caricatures de Charlie Hebdo. Je constate, en lisant le Nouveau Testament, que tout ce que J\u00e9sus disait, enseignait et faisait pr\u00f4nait l\u2019amour au carr\u00e9, l\u2019amour sans aucune fronti\u00e8re. Il a gu\u00e9ri la femme Canan\u00e9enne et la Samaritaine,\u00a0 les deux \u00abpa\u00efennes de premier ordre\u00bb, damn\u00e9es par la soci\u00e9t\u00e9 juive de l\u2019\u00e9poque. Si J\u00e9sus apparaissait aujourd\u2019hui, il aurait certainement aim\u00e9,\u00a0 sans discernement,\u00a0 tous ceux qui lui en veulent.\u00a0 M\u00eame le caricaturiste de Charlie Hebdo qui le ridiculisait sur la croix. Et voici la sup\u00e9riorit\u00e9 que manifeste\u00a0 le Christianisme!\u00a0 Je ne peux pas ha\u00efr ledit caricaturiste, m\u00eame si je NE suis pas Charlie. Je NE me trouve pas en \u00e9tat de susceptibilit\u00e9 maladive et parano\u00efaque! \u00a0Ni le\u00a0 pape, qui a \u00e9t\u00e9 mis en d\u00e9rision par le m\u00eame Charlie, ni le Patriarche, ni des millions de catholiques, orthodoxes et protestants qui ont vu ce Christ suspendu sur la croix en \u00e9tat de d\u00e9rision. Et voil\u00e0 qu\u2019aucun chr\u00e9tien n\u2019a utilis\u00e9 de force, d\u2019insulte ou des moyens violents. <\/span><\/span><\/span><\/p>\n<p><span style=\"color: #000000;\"><span style=\"font-family: Calibri;\"><span style=\"font-size: medium;\">Cette diff\u00e9rence d\u2019attitude \u00e9tablit quelque chose : il y a une diff\u00e9rence de culture d\u00e9mocratique, d\u2019attitude par rapport aux\u00a0 libert\u00e9s religieuses, une attitude de comportement qui d\u00e9note une sup\u00e9riorit\u00e9 absolue des soci\u00e9t\u00e9s occidentales et judeo-chr\u00e9tiennes. Aujourd\u2019hui, on a vu des milliers de chr\u00e9tiens,juives et musulmans marchant \u00e0 c\u00f4t\u00e9 des autres, Ils exprimaient tous leur appui aux droits fondamentaux d\u00e9finissant l\u2019appartenance \u00e0 la soci\u00e9t\u00e9 moderne et d\u00e9mocratique. Ils ont f\u00e9licit\u00e9 le courage de ceux de Charlie Hebdo, m\u00eame si certains n\u2019\u00e9taient des \u00abCharlie\u00bb. <\/span><\/span><\/span><\/p>\n<p><span style=\"color: #000000;\"><span style=\"font-family: Calibri;\"><span style=\"font-size: medium;\">Je ne suis pas un \u00abCharlie\u00bb, mais je vote pour la modernit\u00e9, le respect de celui qui veut critiquer ma religion, Je n\u2019ai pas \u00e0 juger ce journal. Le jugement\u2026.c\u2019est un acte d\u2019un autre ordre qui ne requiert pas une riposte irresponsable ou criminelle. Et on revient encore et encore \u00e0 ce que J\u00e9sus nous a dit sur le jugement. Ce n\u2019est pas \u00e0 nous \u00e0 les juger.<\/span><\/span><\/span><\/p>\n<p><span style=\"color: #000000;\"><span style=\"font-family: Calibri;\"><span style=\"font-size: medium;\">Parall\u00e8lement, on esp\u00e8re que la raison \u00e9volue en symbiose avec l\u2019esprit d\u2019amour. Cet amour qui interdit de tuer, et qui oblige \u00e0 respecter, m\u00eame\u2026 \u00e0 aimer ceux qui caricaturent nos croyances. <\/span><\/span><\/span><\/p>\n<p><span style=\"color: #000000;\">\u00a0<\/span><\/p>\n<p>&nbsp;<\/p>\n<script type=\"text\/javascript\">\n\nvar addthis_config = {\"data_track_clickback\":false,\"data_track_addressbar\":false,\"data_track_textcopy\":false};\n<\/script><script type=\"text\/javascript\" src=\"\/\/s7.addthis.com\/js\/250\/addthis_widget.js#pubid=a457a6d63fb9e6ccabdde4110343bd85\"><\/script>","protected":false},"excerpt":{"rendered":"<p><span style=\"color: #000000;\"><span style=\"font-family: Calibri;\"><span>Bonjour M Kozminski,<\/span><\/span><\/span><\/p>\n<p><span style=\"color: #800000;\"><span style=\"font-family: Calibri;\"><\/span><\/span><\/p>\n<p>&nbsp;<\/p>\n<p>&nbsp;<\/p>\n<p><span style=\"color: #800000;\"><span style=\"font-family: Calibri;\">Par Alex Cristescu<\/span><\/span><\/p>\n<p><span style=\"color: #000000;\"><span style=\"font-family: Calibri;\"><span style=\"font-size: medium;\">Vous avez bien saisi les failles du slogan de la rectitude politique, mentionn\u00e9e avec nonchalance par des politiciens et des m\u00e9dias, insistant si souvent sur le message de la <\/span><\/span><\/span>&hellip;<\/p>\n","protected":false},"author":1,"featured_media":0,"comment_status":"open","ping_status":"open","sticky":false,"template":"","format":"standard","meta":{"footnotes":""},"categories":[1],"tags":[],"class_list":["post-11265","post","type-post","status-publish","format-standard","hentry","category-accueil"],"_links":{"self":[{"href":"http:\/\/www.lecarrefourdesopinions.ca\/index.php?rest_route=\/wp\/v2\/posts\/11265","targetHints":{"allow":["GET"]}}],"collection":[{"href":"http:\/\/www.lecarrefourdesopinions.ca\/index.php?rest_route=\/wp\/v2\/posts"}],"about":[{"href":"http:\/\/www.lecarrefourdesopinions.ca\/index.php?rest_route=\/wp\/v2\/types\/post"}],"author":[{"embeddable":true,"href":"http:\/\/www.lecarrefourdesopinions.ca\/index.php?rest_route=\/wp\/v2\/users\/1"}],"replies":[{"embeddable":true,"href":"http:\/\/www.lecarrefourdesopinions.ca\/index.php?rest_route=%2Fwp%2Fv2%2Fcomments&post=11265"}],"version-history":[{"count":2,"href":"http:\/\/www.lecarrefourdesopinions.ca\/index.php?rest_route=\/wp\/v2\/posts\/11265\/revisions"}],"predecessor-version":[{"id":11685,"href":"http:\/\/www.lecarrefourdesopinions.ca\/index.php?rest_route=\/wp\/v2\/posts\/11265\/revisions\/11685"}],"wp:attachment":[{"href":"http:\/\/www.lecarrefourdesopinions.ca\/index.php?rest_route=%2Fwp%2Fv2%2Fmedia&parent=11265"}],"wp:term":[{"taxonomy":"category","embeddable":true,"href":"http:\/\/www.lecarrefourdesopinions.ca\/index.php?rest_route=%2Fwp%2Fv2%2Fcategories&post=11265"},{"taxonomy":"post_tag","embeddable":true,"href":"http:\/\/www.lecarrefourdesopinions.ca\/index.php?rest_route=%2Fwp%2Fv2%2Ftags&post=11265"}],"curies":[{"name":"wp","href":"https:\/\/api.w.org\/{rel}","templated":true}]}}