{"id":10265,"date":"2013-11-14T19:39:30","date_gmt":"2013-11-15T00:39:30","guid":{"rendered":"http:\/\/www.lecarrefourdesopinions.ca\/?p=10265"},"modified":"2013-11-14T19:39:30","modified_gmt":"2013-11-15T00:39:30","slug":"incroyable","status":"publish","type":"post","link":"http:\/\/www.lecarrefourdesopinions.ca\/?p=10265","title":{"rendered":"\u00ab Incroyable \u00bb"},"content":{"rendered":"<p align=\"center\">\u00ab\u00a0Incroyable\u00a0\u00bb<\/p>\n<p><span style=\"color: #800000;\"><em>\u00a0\u00a0<img loading=\"lazy\" decoding=\"async\" class=\"alignleft size-thumbnail wp-image-9863\" title=\"Serge 1\" src=\"http:\/\/www.lecarrefourdesopinions.ca\/wp-content\/uploads\/2013\/06\/Serge-11-101x107.jpg\" alt=\"\" width=\"101\" height=\"107\" \/>\u00a0\u00a0\u00a0\u00a0\u00a0\u00a0 Par Serge H. Mo\u00efse av. \u00a0 \u00a0 \u00a0 \u00a0 \u00a0 \u00a0 \u00a0 \u00a0 \u00a0 \u00a0 \u00a0 \u00a0 \u00a0 \u00a0<\/em><\/span><\/p>\n<p>\u00a0\u00a0\u00a0\u00a0\u00a0\u00a0\u00a0 <strong>Il y a deux choses qui sont infinies, l\u2019univers et la b\u00eatise humaine.\u00a0\u00a0\u00a0\u00ab\u00a0Albert Einstein\u00a0\u00bb\u00a0\u00a0\u00a0\u00a0\u00a0\u00a0\u00a0\u00a0\u00a0\u00a0\u00a0\u00a0\u00a0\u00a0\u00a0\u00a0\u00a0\u00a0\u00a0\u00a0\u00a0\u00a0\u00a0\u00a0\u00a0\u00a0\u00a0\u00a0\u00a0\u00a0\u00a0\u00a0\u00a0\u00a0\u00a0\u00a0\u00a0\u00a0\u00a0\u00a0\u00a0\u00a0\u00a0\u00a0\u00a0\u00a0\u00a0\u00a0\u00a0\u00a0\u00a0\u00a0\u00a0\u00a0<\/strong><\/p>\n<p><strong>\u00a0<\/strong><\/p>\n<p>\u00a0\u00a0\u00a0\u00a0\u00a0\u00a0\u00a0 Alors qu\u2019environ deux cent dix mille de nos s\u0153urs et fr\u00e8res font face \u00e0 une \u00ab\u00a0d\u00e9cision de justice\u00a0\u00bb en r\u00e9publique voisine qui met en p\u00e9ril, leur avenir, leur existence tout enti\u00e8re.<\/p>\n<p align=\"center\">\n<p align=\"center\">Deux cent mille h\u00e9ros<\/p>\n<p align=\"center\">Rejetons des braceros<\/p>\n<p align=\"center\">Ayant su\u00e9 sang et eau<\/p>\n<p align=\"center\">Et sur eux on crie haro<\/p>\n<p>&nbsp;<\/p>\n<p>\u00a0\u00a0\u00a0\u00a0\u00a0\u00a0\u00a0 Pendant que le chol\u00e9ra poursuit ses ravages au sein de la population livr\u00e9e \u00e0 elle-m\u00eame et que la MINUSTAH se d\u00e9robe \u00e0 ses responsabilit\u00e9s avec une apparence de l\u00e9galit\u00e9.<\/p>\n<p>\u00a0\u00a0\u00a0\u00a0\u00a0\u00a0\u00a0 Tandis que le taux de ch\u00f4mage oscille depuis des d\u00e9cennies entre soixante-dix et soixante-quinze pour cent de cette m\u00eame population en majorit\u00e9 analphab\u00e8te.<\/p>\n<p>\u00a0\u00a0\u00a0\u00a0\u00a0\u00a0\u00a0 En d\u00e9pit du fait que depuis la chute de la dictature obscurantiste et sanguinaire, l\u2019ensemble de la population r\u00e9clame \u00e0 cor et \u00e0 cri, l\u2019av\u00e8nement d\u2019un \u00c9tat de droit au pays de Dessalines, de Christophe et de P\u00e9tion.<\/p>\n<p>\u00a0\u00a0\u00a0\u00a0\u00a0\u00a0\u00a0 Malgr\u00e9 cette descente aux enfers qui n\u2019en finit pas depuis ces\u00a0 vingt-sept derni\u00e8res longues ann\u00e9es de turbulences et de mis\u00e8res qui ont d\u00e9shumanis\u00e9 bon nombre de nos s\u0153urs et fr\u00e8res.<\/p>\n<p>\u00a0\u00a0\u00a0\u00a0\u00a0\u00a0\u00a0 Nous venons de lancer \u00e0 la face du monde un signal clair et net de notre culture de m\u00e9pris vis-\u00e0-vis des droits et libert\u00e9s de la personne.<\/p>\n<p>\u00a0\u00a0\u00a0\u00a0\u00a0\u00a0\u00a0 En effet, depuis la mort de l\u2019honorable juge Jean Serge Joseph dans des conditions non encore \u00e9lucid\u00e9es, les proc\u00e9d\u00e9s d\u2019intimidation contre la c\u00e9l\u00e8bre journaliste Mme Liliane Pierre-Paul, la tentative d\u2019assassinat contre le non moins c\u00e9l\u00e8bre Jean Monard M\u00e9tellus et autres dossiers \u00e0 relent de scandale, le contest\u00e9 commissaire du gouvernement, le dixi\u00e8me depuis un an, vient d\u2019enfoncer le fer dans la plaie, en proc\u00e9dant en personne et de fa\u00e7on spectaculaire \u00e0 la mise en \u00ab\u00a0garde-vue-interpellation-arrestation\u00a0\u00bb de nul autre qu\u2019un auxiliaire de la justice, Me Andr\u00e9 Michel avocat au barreau de Port-au-Prince, et ceci en violation de la constitution et des lois de la r\u00e9publique. Au cas o\u00f9 vous l\u2019auriez oubli\u00e9,\u00a0 le commissaire du gouvernement qui est le protecteur de la soci\u00e9t\u00e9 a les mains propres et la conscience immacul\u00e9e.<\/p>\n<p>\u00a0\u00a0\u00a0\u00a0\u00a0\u00a0\u00a0 Rappelons que Me Andr\u00e9 Michel poursuit, pour et au nom de son client, le sieur \u00c9nold Florestal, par devers la \u00ab\u00a0justice ha\u00eftienne\u00a0\u00bb, \u00a0l\u2019\u00e9pouse du pr\u00e9sident ainsi que son fils pour, usurpation de fonction, corruption, d\u00e9tournement de fonds publics, blanchiment d\u2019argent et association de malfaiteurs.<\/p>\n<p>\u00a0\u00a0\u00a0\u00a0\u00a0\u00a0\u00a0 Et pour citer le mo\u00efku de Mme Marjorie Gaussaint\u00a0:<\/p>\n<p>&nbsp;<\/p>\n<p align=\"center\">Me Andr\u00e9 Michel \u00d4 Nation<\/p>\n<p align=\"center\">N\u2019a commis aucune infraction<\/p>\n<p align=\"center\">Et sa douloureuse arrestation<\/p>\n<p align=\"center\">A soulev\u00e9 tant de r\u00e9probation<\/p>\n<p>&nbsp;<\/p>\n<p>\u00a0\u00a0\u00a0\u00a0\u00a0\u00a0\u00a0 Cette mesure n\u2019aurait rien \u00e0 voir, para\u00eet-il, avec le mandat pr\u00e9c\u00e9demment d\u00e9cern\u00e9 contre l\u2019avocat il y a quelques mois, par un juge d\u2019instruction, il se serait rendu coupable de \u00ab\u00a0refus d\u2019obtemp\u00e9rer aux injonctions\u00a0\u00bb de notre tr\u00e8s \u00ab\u00a0jeune police\u00a0\u00bb.<\/p>\n<p>\u00a0\u00a0\u00a0\u00a0\u00a0\u00a0\u00a0 Le ridicule ne tue pas mais il enlaidit et ab\u00eatit h\u00e9las ceux qui le cultivent.<\/p>\n<p>\u00a0\u00a0\u00a0\u00a0\u00a0\u00a0\u00a0 \u00ab\u00a0Plus \u00e7a change, plus c\u2019est pareil\u00a0\u00bb propos d\u00e9sabus\u00e9s qui nous viennent en t\u00eate, face \u00e0 la r\u00e9p\u00e9tition des faits, \u00e9lections apr\u00e8s \u00e9lections,\u00a0 gouvernement apr\u00e8s gouvernement et les montagnes de pri\u00e8res adress\u00e9es \u00e0 tous nos saints et nos loas.<\/p>\n<p>\u00a0\u00a0\u00a0\u00a0\u00a0\u00a0 Le constat est g\u00e9n\u00e9ral, nos zizanies et querelles intestines se sont r\u00e9v\u00e9l\u00e9es contreproductives et nuisibles \u00e0 toute la nation et l\u2019\u00c9tat pompier n\u2019a conduit aucun peuple \u00e0 bon port. Le temps du \u00ab\u00a0PPP\u00a0\u00bb est arriv\u00e9, oui, le \u00ab\u00a0partenariat-public-priv\u00e9\u00a0\u00bb o\u00f9 \u00e0 travers le dialogue et la concertation, les filles et fils du terroir en parfaite communion avec les s\u0153urs et fr\u00e8res de la diaspora, se diront, mais cette fois-ci, sinc\u00e8rement\u00a0:\u00a0\u00ab\u00a0Tout moun ladanl\u00a0\u00bb<\/p>\n<p>&nbsp;<\/p>\n<p style=\"text-align: center;\">\u00a0\u00a0\u00a0\u00a0\u00a0\u00a0\u00a0\u00a0\u00a0\u00a0\u00a0\u00a0\u00a0\u00a0\u00a0\u00a0\u00a0\u00a0\u00a0\u00a0\u00a0\u00a0\u00a0\u00a0\u00a0\u00a0\u00a0\u00a0\u00a0\u00a0\u00a0\u00a0\u00a0\u00a0\u00a0\u00a0 \u00a0<span style=\"color: #800000;\"><strong>Incroyable certes mais vrai<\/strong><\/span><\/p>\n<p style=\"text-align: center;\"><span style=\"color: #800000;\"><strong>\u00a0\u00a0\u00a0\u00a0\u00a0\u00a0\u00a0\u00a0\u00a0\u00a0\u00a0\u00a0\u00a0\u00a0\u00a0\u00a0\u00a0\u00a0\u00a0\u00a0\u00a0\u00a0\u00a0\u00a0\u00a0\u00a0\u00a0\u00a0\u00a0\u00a0\u00a0\u00a0\u00a0\u00a0\u00a0\u00a0\u00a0 C\u2019est maintenant ou jamais<\/strong><\/span><\/p>\n<script type=\"text\/javascript\">\n\nvar addthis_config = {\"data_track_clickback\":false,\"data_track_addressbar\":false,\"data_track_textcopy\":false};\n<\/script><script type=\"text\/javascript\" src=\"\/\/s7.addthis.com\/js\/250\/addthis_widget.js#pubid=a457a6d63fb9e6ccabdde4110343bd85\"><\/script>","protected":false},"excerpt":{"rendered":"<p align=\"center\">\u00ab\u00a0Incroyable\u00a0\u00bb<\/p>\n<p><span style=\"color: #800000;\">\u00a0\u00a0\u00a0\u00a0\u00a0\u00a0\u00a0\u00a0 Par Serge H. Mo\u00efse av. \u00a0 \u00a0 \u00a0 \u00a0 \u00a0 \u00a0 \u00a0 \u00a0 \u00a0 \u00a0 \u00a0 \u00a0 \u00a0 \u00a0<\/span><\/p>\n<p>\u00a0\u00a0\u00a0\u00a0\u00a0\u00a0\u00a0 Il y a deux choses qui sont infinies, l\u2019univers et la b\u00eatise humaine.\u00a0\u00a0\u00a0\u00ab\u00a0Albert Einstein\u00a0\u00bb\u00a0\u00a0\u00a0\u00a0\u00a0\u00a0\u00a0\u00a0\u00a0\u00a0\u00a0\u00a0\u00a0\u00a0\u00a0\u00a0\u00a0\u00a0\u00a0\u00a0\u00a0\u00a0\u00a0\u00a0\u00a0\u00a0\u00a0\u00a0\u00a0\u00a0\u00a0\u00a0\u00a0\u00a0\u00a0\u00a0\u00a0\u00a0\u00a0\u00a0\u00a0\u00a0\u00a0\u00a0\u00a0\u00a0\u00a0\u00a0\u00a0\u00a0\u00a0\u00a0\u00a0\u00a0<\/p>\n<p>\u00a0<\/p>\n<p>\u00a0\u00a0\u00a0\u00a0\u00a0\u00a0\u00a0 Alors qu\u2019environ deux cent dix mille de nos s\u0153urs et fr\u00e8res font &hellip;<\/p>\n","protected":false},"author":1,"featured_media":0,"comment_status":"open","ping_status":"open","sticky":false,"template":"","format":"standard","meta":{"footnotes":""},"categories":[1],"tags":[],"class_list":["post-10265","post","type-post","status-publish","format-standard","hentry","category-accueil"],"_links":{"self":[{"href":"http:\/\/www.lecarrefourdesopinions.ca\/index.php?rest_route=\/wp\/v2\/posts\/10265","targetHints":{"allow":["GET"]}}],"collection":[{"href":"http:\/\/www.lecarrefourdesopinions.ca\/index.php?rest_route=\/wp\/v2\/posts"}],"about":[{"href":"http:\/\/www.lecarrefourdesopinions.ca\/index.php?rest_route=\/wp\/v2\/types\/post"}],"author":[{"embeddable":true,"href":"http:\/\/www.lecarrefourdesopinions.ca\/index.php?rest_route=\/wp\/v2\/users\/1"}],"replies":[{"embeddable":true,"href":"http:\/\/www.lecarrefourdesopinions.ca\/index.php?rest_route=%2Fwp%2Fv2%2Fcomments&post=10265"}],"version-history":[{"count":2,"href":"http:\/\/www.lecarrefourdesopinions.ca\/index.php?rest_route=\/wp\/v2\/posts\/10265\/revisions"}],"predecessor-version":[{"id":10331,"href":"http:\/\/www.lecarrefourdesopinions.ca\/index.php?rest_route=\/wp\/v2\/posts\/10265\/revisions\/10331"}],"wp:attachment":[{"href":"http:\/\/www.lecarrefourdesopinions.ca\/index.php?rest_route=%2Fwp%2Fv2%2Fmedia&parent=10265"}],"wp:term":[{"taxonomy":"category","embeddable":true,"href":"http:\/\/www.lecarrefourdesopinions.ca\/index.php?rest_route=%2Fwp%2Fv2%2Fcategories&post=10265"},{"taxonomy":"post_tag","embeddable":true,"href":"http:\/\/www.lecarrefourdesopinions.ca\/index.php?rest_route=%2Fwp%2Fv2%2Ftags&post=10265"}],"curies":[{"name":"wp","href":"https:\/\/api.w.org\/{rel}","templated":true}]}}