{"id":10020,"date":"2013-08-14T17:12:30","date_gmt":"2013-08-14T21:12:30","guid":{"rendered":"http:\/\/www.lecarrefourdesopinions.ca\/?p=10020"},"modified":"2013-08-14T17:12:30","modified_gmt":"2013-08-14T21:12:30","slug":"salon-du-livre","status":"publish","type":"post","link":"http:\/\/www.lecarrefourdesopinions.ca\/?p=10020","title":{"rendered":"\u00ab Salon du livre \u00bb"},"content":{"rendered":"<p align=\"center\"><strong>\u00ab\u00a0Salon du livre\u00a0\u00bb<\/strong><\/p>\n<p>\u00a0\u00a0\u00a0\u00a0\u00a0<strong>\u00a0\u00a0 Amies-lectrices et amis-lecteurs, nous serons au salon du livre ha\u00eftien qui se tiendra au Centre Na Riv\u00e9 le samedi 17 du mois courant de13 \u00e0 15heures,\u00a0 pour le lancement de\u00a0: Les Aphorismes de Ma\u00eetre Mo\u00efse. Premi\u00e8re d\u2019une s\u00e9rie de six parutions en perspective, suivront\u00a0: A l\u2019Ombre du Mapou et trois recueils de po\u00e8mes, un roman intitul\u00e9 Isaac et l\u2019Affaire Sim\u00e9us, un document \u00e0 caract\u00e8re politico-juridique pour les f\u00e9rus(es) du droit et des sciences politiques dans notre \u00ab\u00a0singulier petit pays\u00a0\u00bb<\/strong><\/p>\n<p><strong>\u00a0\u00a0\u00a0\u00a0\u00a0\u00a0\u00a0 Au plaisir de vous y rencontrer<\/strong><\/p>\n<p>\u00a0\u00a0\u00a0\u00a0\u00a0\u00a0\u00a0\u00a0\u00a0\u00a0\u00a0\u00a0\u00a0\u00a0\u00a0\u00a0\u00a0\u00a0\u00a0\u00a0\u00a0\u00a0\u00a0\u00a0\u00a0\u00a0\u00a0\u00a0\u00a0\u00a0<wbr>\u00a0\u00a0\u00a0\u00a0\u00a0\u00a0<strong>\u00a0\u00a0\u00a0 Cordiales salutations<\/strong><\/wbr><\/p>\n<p>\u00a0\u00a0\u00a0\u00a0\u00a0\u00a0\u00a0\u00a0\u00a0\u00a0\u00a0\u00a0\u00a0\u00a0\u00a0\u00a0\u00a0\u00a0\u00a0\u00a0\u00a0\u00a0\u00a0\u00a0\u00a0\u00a0\u00a0\u00a0\u00a0\u00a0<wbr>\u00a0\u00a0\u00a0\u00a0\u00a0\u00a0\u00a0\u00a0\u00a0\u00a0\u00a0\u00a0\u00a0\u00a0\u00a0<em>\u00a0 Me \u00a0 Serge Mo\u00efse<\/em><\/wbr><\/p>\n<p><strong>NB. Centre Na Riv\u00e9<\/strong><\/p>\n<p><strong>6971 St-Denis<\/strong><\/p>\n<p><strong>Montr\u00e9al Qc<\/strong><\/p>\n<p><strong>H2S 2S5<\/strong><\/p>\n<p><strong>\u00a0<\/strong><\/p>\n<script type=\"text\/javascript\">\n\nvar addthis_config = {\"data_track_clickback\":false,\"data_track_addressbar\":false,\"data_track_textcopy\":false};\n<\/script><script type=\"text\/javascript\" src=\"\/\/s7.addthis.com\/js\/250\/addthis_widget.js#pubid=a457a6d63fb9e6ccabdde4110343bd85\"><\/script>","protected":false},"excerpt":{"rendered":"<p align=\"center\">\u00ab\u00a0Salon du livre\u00a0\u00bb<\/p>\n<p>\u00a0\u00a0\u00a0\u00a0\u00a0\u00a0\u00a0 Amies-lectrices et amis-lecteurs, nous serons au salon du livre ha\u00eftien qui se tiendra au Centre Na Riv\u00e9 le samedi 17 du mois courant de13 \u00e0 15heures,\u00a0 pour le lancement de\u00a0: Les &hellip;<\/p>\n","protected":false},"author":1,"featured_media":0,"comment_status":"open","ping_status":"open","sticky":false,"template":"","format":"standard","meta":{"footnotes":""},"categories":[1],"tags":[],"class_list":["post-10020","post","type-post","status-publish","format-standard","hentry","category-accueil"],"_links":{"self":[{"href":"http:\/\/www.lecarrefourdesopinions.ca\/index.php?rest_route=\/wp\/v2\/posts\/10020","targetHints":{"allow":["GET"]}}],"collection":[{"href":"http:\/\/www.lecarrefourdesopinions.ca\/index.php?rest_route=\/wp\/v2\/posts"}],"about":[{"href":"http:\/\/www.lecarrefourdesopinions.ca\/index.php?rest_route=\/wp\/v2\/types\/post"}],"author":[{"embeddable":true,"href":"http:\/\/www.lecarrefourdesopinions.ca\/index.php?rest_route=\/wp\/v2\/users\/1"}],"replies":[{"embeddable":true,"href":"http:\/\/www.lecarrefourdesopinions.ca\/index.php?rest_route=%2Fwp%2Fv2%2Fcomments&post=10020"}],"version-history":[{"count":1,"href":"http:\/\/www.lecarrefourdesopinions.ca\/index.php?rest_route=\/wp\/v2\/posts\/10020\/revisions"}],"predecessor-version":[{"id":10021,"href":"http:\/\/www.lecarrefourdesopinions.ca\/index.php?rest_route=\/wp\/v2\/posts\/10020\/revisions\/10021"}],"wp:attachment":[{"href":"http:\/\/www.lecarrefourdesopinions.ca\/index.php?rest_route=%2Fwp%2Fv2%2Fmedia&parent=10020"}],"wp:term":[{"taxonomy":"category","embeddable":true,"href":"http:\/\/www.lecarrefourdesopinions.ca\/index.php?rest_route=%2Fwp%2Fv2%2Fcategories&post=10020"},{"taxonomy":"post_tag","embeddable":true,"href":"http:\/\/www.lecarrefourdesopinions.ca\/index.php?rest_route=%2Fwp%2Fv2%2Ftags&post=10020"}],"curies":[{"name":"wp","href":"https:\/\/api.w.org\/{rel}","templated":true}]}}