{"id":10008,"date":"2013-08-20T07:00:17","date_gmt":"2013-08-20T11:00:17","guid":{"rendered":"http:\/\/www.lecarrefourdesopinions.ca\/?p=10008"},"modified":"2013-08-20T07:00:17","modified_gmt":"2013-08-20T11:00:17","slug":"tel-que-nous-sommes-dans-le-respect-des-autres","status":"publish","type":"post","link":"http:\/\/www.lecarrefourdesopinions.ca\/?p=10008","title":{"rendered":"Tel que nous sommes, dans le respect des autres."},"content":{"rendered":"<p align=\"center\">Tel que nous sommes, dans le respect des autres.<\/p>\n<p style=\"text-align: left;\" align=\"center\"><em><img loading=\"lazy\" decoding=\"async\" class=\"alignleft size-thumbnail wp-image-9895\" title=\"Photo Eric Nogard 4\" src=\"http:\/\/www.lecarrefourdesopinions.ca\/wp-content\/uploads\/2013\/06\/Photo-Eric-Nogard-4-134x107.jpg\" alt=\"\" width=\"134\" height=\"107\" \/>\u00a0\u00a0 Par \u00c9ric E.G. NOGARD \u00a0 \u00a0 \u00a0 \u00a0 \u00a0 \u00a0 \u00a0 \u00a0 \u00a0 \u00a0<\/em><\/p>\n<p>&nbsp;<\/p>\n<p>Car Dieu le veut ainsi\u00a0: nous naissons ici ou l\u00e0, aux caprices m\u00eame de notre transporteur <em>intra utero<\/em>, seul le choix de notre camp nous regarde.<\/p>\n<p>&nbsp;<\/p>\n<p><strong>E.N.<\/strong><\/p>\n<p>&nbsp;<\/p>\n<p align=\"center\"><strong>***\u00a0\u00a0\u00a0\u00a0 ***\u00a0\u00a0\u00a0\u00a0 ***<\/strong><\/p>\n<p><strong>\u00a0<\/strong><\/p>\n<p align=\"center\"><strong>Dieu veuille que vous vous Unissiez<\/strong><\/p>\n<p style=\"text-align: center;\" align=\"center\"><strong>\u00a0<\/strong><\/p>\n<p style=\"text-align: left;\"><strong><img loading=\"lazy\" decoding=\"async\" class=\"alignleft size-full wp-image-10009\" title=\"Martinique\" src=\"http:\/\/www.lecarrefourdesopinions.ca\/wp-content\/uploads\/2013\/08\/Martinique.jpg\" alt=\"\" width=\"51\" height=\"31\" \/> \u00a0 \u00a0 \u00a0 \u00a0 \u00a0 \u00a0 \u00a0\u00a0 <img loading=\"lazy\" decoding=\"async\" class=\"alignnone size-full wp-image-10011\" title=\"France\" src=\"http:\/\/www.lecarrefourdesopinions.ca\/wp-content\/uploads\/2013\/08\/France1.jpg\" alt=\"\" width=\"50\" height=\"34\" \/> \u00a0 \u00a0 \u00a0 \u00a0 \u00a0\u00a0\u00a0 <img loading=\"lazy\" decoding=\"async\" class=\"alignnone size-full wp-image-10012\" title=\"Europe\" src=\"http:\/\/www.lecarrefourdesopinions.ca\/wp-content\/uploads\/2013\/08\/Europe.jpg\" alt=\"\" width=\"50\" height=\"25\" \/> \u00a0\u00a0 \u00a0\u00a0\u00a0 \u00a0\u00a0\u00a0\u00a0\u00a0\u00a0\u00a0\u00a0 <img loading=\"lazy\" decoding=\"async\" class=\"alignnone size-full wp-image-10013\" title=\"USA\" src=\"http:\/\/www.lecarrefourdesopinions.ca\/wp-content\/uploads\/2013\/08\/USA.jpg\" alt=\"\" width=\"51\" height=\"35\" \/>\u00a0\u00a0\u00a0\u00a0\u00a0\u00a0\u00a0\u00a0 <img loading=\"lazy\" decoding=\"async\" class=\"alignnone size-full wp-image-10014\" title=\"Canada\" src=\"http:\/\/www.lecarrefourdesopinions.ca\/wp-content\/uploads\/2013\/08\/Canada.jpg\" alt=\"\" width=\"50\" height=\"34\" \/><br \/><\/strong><\/p>\n<p style=\"text-align: left;\"><strong><em>Martinique,\u00a0\u00a0\u00a0\u00a0\u00a0 France,\u00a0\u00a0\u00a0\u00a0 Europe de l\u2019Ouest,\u00a0\u00a0 U.S.A.,\u00a0\u00a0\u00a0\u00a0\u00a0\u00a0\u00a0\u00a0\u00a0\u00a0 Canada.<\/em><\/strong><\/p>\n<p><strong>\u00a0<\/strong><\/p>\n<p align=\"center\"><strong>Comme les doigts de la main.<\/strong><\/p>\n<p align=\"center\"><strong>\u00a0<\/strong><\/p>\n<p align=\"center\"><strong>***\u00a0\u00a0\u00a0\u00a0 ***\u00a0\u00a0\u00a0\u00a0 ***<\/strong><\/p>\n<p>&nbsp;<\/p>\n<p>Ce Monde est fait de Blocs\u2026<\/p>\n<p>&nbsp;<\/p>\n<p>Serait-il encore trop t\u00f4t pour que nous le sachions, serait-il d\u00e9j\u00e0 trop tard pour que nous l\u2019apprenions, dans la mesure o\u00f9 nous croyons savoir que le monde des tribus est bel et bien r\u00e9volu.<\/p>\n<p>&nbsp;<\/p>\n<p>&nbsp;<\/p>\n<p>Un Monde fait de\u00a0 Blocs au nombre desquels, \u00e0 ce qu\u2019il semble\u00a0:<\/p>\n<p>&nbsp;<\/p>\n<p>&#8211;\u00a0\u00a0\u00a0\u00a0\u00a0\u00a0 Le Bloc Asiatique, sous l\u2019\u00e9gide de la Chine.<\/p>\n<p>&nbsp;<\/p>\n<p>&#8211;\u00a0\u00a0\u00a0\u00a0\u00a0\u00a0 Le Bloc Arabique, fort d\u2019Allah et du p\u00e9trole.<\/p>\n<p>&nbsp;<\/p>\n<p>&#8211;\u00a0\u00a0\u00a0\u00a0\u00a0\u00a0 Le Bloc de l\u2019Est, dont on ne sait comment il s\u2019est remis du Bolchevisme.<\/p>\n<p>&nbsp;<\/p>\n<p>&#8211;\u00a0\u00a0\u00a0\u00a0\u00a0\u00a0 Le Bloc de l\u2019Ouest dont fait partie l\u2019Europe Occidentale et dont on se plait trop \u00e0 ignorer la place vitale qu\u2019y occupent les Peuples de l\u2019Am\u00e9rique du Nord, tellement la M\u00e9moire est inconstante ou fait d\u00e9faut, tellement elle peut \u00eatre d\u00e9ficiente ou opportuniste.<\/p>\n<p>&nbsp;<\/p>\n<p>&nbsp;<\/p>\n<p>Ne sommes-nous pas du Bloc de l\u2019Ouest, nous qui sommes Fran\u00e7ais, Communautaires de la vieille Europe Occidentale aux ressources naturelles largement entam\u00e9es, pour ne pas dire au bord de l\u2019\u00e9puisement.<\/p>\n<p>&nbsp;<\/p>\n<p>Notre b\u00e2ton de berger contre les loups, notre piolet <em>for climbing<\/em> dans nos efforts , notre b\u00e2ton de vieillesse dans ce Monde tellement perturb\u00e9, notre Crosse de guide temporel par les voies de plus en plus inextricables qui se pr\u00e9sentent \u00e0 nous, n\u2019est-ce pas la jeune et vigoureuse Am\u00e9rique du Nord.<\/p>\n<p>&nbsp;<\/p>\n<p>&nbsp;<\/p>\n<p>N\u2019est-il pas temps que chacun se le demande, reconnaisse son camp et lui porte comme il se doit, toute la Consid\u00e9ration qu\u2019il m\u00e9rite, en toute humilit\u00e9, ce qui ne saurait exclure que nous aimions tout notre prochain.<\/p>\n<p>&nbsp;<\/p>\n<p>N\u2019est-il pas temps que notre Foi, et notre Affect., et notre Pragmatisme se mettent en Harmonie pour ne faire qu\u2019un.<\/p>\n<p>&nbsp;<\/p>\n<p>Quoi de plus clair, quoi de plus net, quoi de plus simple, pour peu qu\u2019on veuille y songer.<\/p>\n<p>&nbsp;<\/p>\n<p><strong><em>Par exemple, si chacun se demandait sereinement\u00a0: <\/em><\/strong><\/p>\n<p>&nbsp;<\/p>\n<p>Dans le meilleur comme dans le pire, lequel de ces Blocs est pour moi le plus fiable, le plus propre \u00e0 mon int\u00e9grit\u00e9 de corps et de pens\u00e9e\u00a0:<\/p>\n<p>&nbsp;<\/p>\n<p>Est-ce l\u2019Afrique. Est-ce l\u2019Asie. Est-ce le Monde Arabe. Est-ce le Bloc de l\u2019Est avec ses satellites Cubano-Latins.<\/p>\n<p>&nbsp;<\/p>\n<p>Est-ce le Bloc de l\u2019Ouest, ce Monde Am\u00e9ricano-europ\u00e9en \u00e0 Foi Jud\u00e9o-Chr\u00e9tienne \u00e0 Culture Gr\u00e9co-Latino-Anglo-Saxonne, qui n\u2019a rien \u00e0 envier \u00e0 aucun autre.<\/p>\n<p>&nbsp;<\/p>\n<p>Et alors, une fois la r\u00e9ponse trouv\u00e9e \u00e0 cette question, r\u00e9apprenons la discipline, r\u00e9apprenons l\u2019union, r\u00e9apprenons la confiance en ceux des n\u00f4tres et Dieu fera le reste pour que s\u2019accomplisse au mieux notre Destin.<\/p>\n<p>&nbsp;<\/p>\n<p>&nbsp;<\/p>\n<p>Quant \u00e0 nous, ne sommes-nous pas Martiniquais donc Fran\u00e7ais, donc Europ\u00e9en de l\u2019Ouest, donc du Bloc Occidental, donc Am\u00e9ricain du Nord, dans le respect des autres gens de la Terre Enti\u00e8re.<\/p>\n<p>&nbsp;<\/p>\n<p>Nous avons fait le choix de notre Camp.<\/p>\n<p>&nbsp;<\/p>\n<p>\u00c9ric E.G. NOGARD<\/p>\n<p>&nbsp;<\/p>\n<p><strong><em><span style=\"text-decoration: underline;\">N.B.\u00a0:<\/span><\/em><\/strong>\u00a0 &#8211;<span style=\"color: #800000;\"><strong> Notre M\u00e9moire au F.N. est en vente, Votre exemplaire est dans l\u2019attente de votre aimable commande. (R\u00e9f.\u00a0: Newsletter du 15 Juillet 2013 n\u00b0 2013\/785, \u00ab\u00a0Avis de vente de M\u00e9moire\u00a0\u00bb).<\/strong><\/span><\/p>\n<p><span style=\"color: #800000;\"><strong>\u00a0<\/strong><\/span><\/p>\n<p><span style=\"color: #800000;\"><strong>Ce M\u00e9moire \u00e0 \u00e9mission tr\u00e8s limit\u00e9e peut \u00eatre obtenu au prix de Vingt Cinq Euros Net (25,00 \u20acuros Net). Port gratuit par courrier postal ordinaire. Port forfaitaire de 7,50 \u20acuros par courrier recommand\u00e9 suivi. R\u00e8glement par tout moyen de paiement \u00e0 l\u2019ordre d\u2019\u00c9ric E.G. NOGARD.<\/strong><\/span><\/p>\n<p><span style=\"color: #800000;\"><strong>\u00a0<\/strong><\/span><\/p>\n<p><em>\u00a0<\/em><\/p>\n<p align=\"center\"><strong>Ne Peut \u00eatre reproduit &#8211; m\u00eame partiellement &#8211;\u00a0 sans l\u2019autorisation de l\u2019Auteur.<\/strong><strong><em><\/em><\/strong><\/p>\n<p>&nbsp;<\/p>\n<script type=\"text\/javascript\">\n\nvar addthis_config = {\"data_track_clickback\":false,\"data_track_addressbar\":false,\"data_track_textcopy\":false};\n<\/script><script type=\"text\/javascript\" src=\"\/\/s7.addthis.com\/js\/250\/addthis_widget.js#pubid=a457a6d63fb9e6ccabdde4110343bd85\"><\/script>","protected":false},"excerpt":{"rendered":"<p align=\"center\">Tel que nous sommes, dans le respect des autres.<\/p>\n<p style=\"text-align: left;\" align=\"center\">\u00a0\u00a0 Par \u00c9ric E.G. NOGARD \u00a0 \u00a0 \u00a0 \u00a0 \u00a0 \u00a0 \u00a0 \u00a0 \u00a0 \u00a0<\/p>\n<p>&nbsp;<\/p>\n<p>Car Dieu le veut ainsi\u00a0: nous naissons ici ou l\u00e0, aux caprices m\u00eame de notre transporteur intra utero, seul le choix de &hellip;<\/p>\n","protected":false},"author":1,"featured_media":0,"comment_status":"open","ping_status":"open","sticky":false,"template":"","format":"standard","meta":{"footnotes":""},"categories":[1],"tags":[],"class_list":["post-10008","post","type-post","status-publish","format-standard","hentry","category-accueil"],"_links":{"self":[{"href":"http:\/\/www.lecarrefourdesopinions.ca\/index.php?rest_route=\/wp\/v2\/posts\/10008","targetHints":{"allow":["GET"]}}],"collection":[{"href":"http:\/\/www.lecarrefourdesopinions.ca\/index.php?rest_route=\/wp\/v2\/posts"}],"about":[{"href":"http:\/\/www.lecarrefourdesopinions.ca\/index.php?rest_route=\/wp\/v2\/types\/post"}],"author":[{"embeddable":true,"href":"http:\/\/www.lecarrefourdesopinions.ca\/index.php?rest_route=\/wp\/v2\/users\/1"}],"replies":[{"embeddable":true,"href":"http:\/\/www.lecarrefourdesopinions.ca\/index.php?rest_route=%2Fwp%2Fv2%2Fcomments&post=10008"}],"version-history":[{"count":4,"href":"http:\/\/www.lecarrefourdesopinions.ca\/index.php?rest_route=\/wp\/v2\/posts\/10008\/revisions"}],"predecessor-version":[{"id":10053,"href":"http:\/\/www.lecarrefourdesopinions.ca\/index.php?rest_route=\/wp\/v2\/posts\/10008\/revisions\/10053"}],"wp:attachment":[{"href":"http:\/\/www.lecarrefourdesopinions.ca\/index.php?rest_route=%2Fwp%2Fv2%2Fmedia&parent=10008"}],"wp:term":[{"taxonomy":"category","embeddable":true,"href":"http:\/\/www.lecarrefourdesopinions.ca\/index.php?rest_route=%2Fwp%2Fv2%2Fcategories&post=10008"},{"taxonomy":"post_tag","embeddable":true,"href":"http:\/\/www.lecarrefourdesopinions.ca\/index.php?rest_route=%2Fwp%2Fv2%2Ftags&post=10008"}],"curies":[{"name":"wp","href":"https:\/\/api.w.org\/{rel}","templated":true}]}}